{"id":116663,"date":"2025-06-16T11:34:18","date_gmt":"2025-06-16T11:34:18","guid":{"rendered":"https:\/\/rdnews.al\/?p=116663"},"modified":"2025-06-16T11:34:18","modified_gmt":"2025-06-16T11:34:18","slug":"malltezi-klubi-partizani-u-vodh-nga-kompania-ku-eshte-drejtor-vellai-i-edi-rames","status":"publish","type":"post","link":"https:\/\/rdnews.al\/index.php\/2025\/06\/16\/malltezi-klubi-partizani-u-vodh-nga-kompania-ku-eshte-drejtor-vellai-i-edi-rames\/","title":{"rendered":"Malltezi: \u201cKlubi Partizani\u201d u vodh nga kompania ku \u00ebsht\u00eb drejtor v\u00ebllai i Edi Ram\u00ebs!"},"content":{"rendered":"<div id=\"rekl-49\">Drejtuesi i Departamentit t\u00eb Mjedisit n\u00eb PD, Jamarab\u00ebr Malltezi ka reaguar me nj\u00eb sh\u00ebnim n\u00eb facebook ku shpjegon t\u00eb v\u00ebrtetat mbi, kakofonin\u00eb e q\u00ebllimshme me \u201cPrivatizimin e Klubit Partizani\u201d.<\/div>\n<div class=\"readmore-text-here\">\n<p>Malltezi shkruan n\u00eb nj\u00eb postim n\u00eb Facebook se, nuk ka privatizim t\u00eb klubit, por t\u00eb objekteve t\u00eb rr\u00ebnuara n\u00eb tok\u00eb t\u00eb privatit n\u00eb p\u00ebrputhje me ligjin. Klubi Partizani u vodh nga kompania ku \u00ebsht\u00eb drejtor i v\u00ebllai i Edi Ram\u00ebs.<\/p>\n<div id=\"rekl-13\">\n<div id=\"__sap-ad-15\" class=\"__sap-ads __sap-html inline tracked\" data-title=\"Credins desktop Brenda lajmit 08\"><ins><\/p>\n<div id=\"beacon_97d00b42cd\"><strong>Reagimi<\/strong><\/div>\n<p><\/ins><\/div>\n<\/div>\n<p>Ka mashtrim\/kakofoni t\u00eb q\u00ebllimshme me \u201cPrivatizimi i Klubit Partizani\u201d &#8211; kjo \u00ebsht\u00eb e g\u00ebnjesht\u00ebr. Klubi Partizani u vodh nga kompania ku \u00ebsht\u00eb drejtor i v\u00ebllai i Edi Ram\u00ebs. Ne, pronar\u00ebt, NUK kemi p\u00ebrfituar klubin Partizani nga asnj\u00eb proces privatizimi.<\/p>\n<p>Ne k\u00ebrkuam TOK\u00cbN tone qysh n\u00eb 1994 e deri n\u00eb 2007, kur u realizua kthimi i tok\u00ebs s\u00eb t\u00eb par\u00ebve q\u00eb ishte grabitur pa asnj\u00eb let\u00ebr nga hajduti pushtet komunist. M\u00eb pas, n\u00eb p\u00ebrputhje me ligjin e kthimit t\u00eb pron\u00ebs, q\u00eb detyronte q\u00eb OBJEKTET n\u00eb pron\u00eb private privatizohen p\u00ebr pronar\u00ebt e tok\u00ebs.<\/p>\n<p>Deri n\u00eb fund t\u00eb privatizimit, shteti detyrohet t\u00eb paguaj\u00eb qira p\u00ebr objektet n\u00eb tok\u00eb pronari privat por nuk ka paguar as qera p\u00ebr 3 vjet q\u00eb e vonoi. Pra, nuk ka privatizim t\u00eb klubit, por t\u00eb objekteve t\u00eb rr\u00ebnuara n\u00eb tok\u00eb t\u00eb privatit n\u00eb p\u00ebrputhje me ligjin.<\/p>\n<p>Prokuror\u00ebt b\u00ebjn\u00eb kakofoni dhe nuk duan zbatimin e ligjit p\u00ebr pronar\u00ebt, por mbyllin syt\u00eb kur Edi Rama grabit edhe klubin edhe tok\u00eb private (familja Deliu) q\u00eb \u00ebsht\u00eb brenda Planit t\u00eb P\u00ebrhapjes s\u00eb Forcave t\u00eb Armatosura p\u00ebr t\u2019ia dhuruar kompanis\u00eb s\u00eb t\u00eb v\u00ebllait.<\/p>\n<p><iframe loading=\"lazy\" src=\"https:\/\/www.facebook.com\/plugins\/post.php?href=https%3A%2F%2Fwww.facebook.com%2Fabi.malltezi%2Fposts%2Fpfbid02T44hyHT5qa3v4yp6JrQXdgxD7LjoEZuBWvNLocRMr5FQbLBipyJCYCAvaqaAe2fdl&amp;show_text=true&amp;width=500\" width=\"500\" height=\"667\" frameborder=\"0\" scrolling=\"no\" allowfullscreen=\"allowfullscreen\" data-mce-fragment=\"1\"><\/iframe><\/p>\n<p><img decoding=\"async\" src=\"https:\/\/www.syri.net\/uploads\/syri.net\/images\/2025\/June\/16\/auto_508278300_10162289501253190_9109246201749627505_n1750073131.jpg\" alt=\"Image\" \/><\/p>\n<\/div>\n<div id=\"rekl-45\"><\/div>\n<div id=\"rekl-16\"><\/div>\n<div id=\"rekl-33\"><\/div>\n","protected":false},"excerpt":{"rendered":"<p>Drejtuesi i Departamentit t\u00eb Mjedisit n\u00eb PD, Jamarab\u00ebr Malltezi ka reaguar me nj\u00eb sh\u00ebnim n\u00eb facebook ku shpjegon t\u00eb v\u00ebrtetat mbi, kakofonin\u00eb e q\u00ebllimshme me \u201cPrivatizimin e Klubit Partizani\u201d. Malltezi shkruan n\u00eb nj\u00eb postim n\u00eb Facebook se, nuk ka privatizim t\u00eb klubit, por t\u00eb objekteve t\u00eb rr\u00ebnuara n\u00eb tok\u00eb t\u00eb privatit n\u00eb p\u00ebrputhje me ligjin. &hellip;<\/p>\n","protected":false},"author":4,"featured_media":88965,"comment_status":"closed","ping_status":"closed","sticky":false,"template":"","format":"standard","meta":{"footnotes":""},"categories":[37],"tags":[],"class_list":["post-116663","post","type-post","status-publish","format-standard","has-post-thumbnail","","category-politike"],"_links":{"self":[{"href":"https:\/\/rdnews.al\/index.php\/wp-json\/wp\/v2\/posts\/116663","targetHints":{"allow":["GET"]}}],"collection":[{"href":"https:\/\/rdnews.al\/index.php\/wp-json\/wp\/v2\/posts"}],"about":[{"href":"https:\/\/rdnews.al\/index.php\/wp-json\/wp\/v2\/types\/post"}],"author":[{"embeddable":true,"href":"https:\/\/rdnews.al\/index.php\/wp-json\/wp\/v2\/users\/4"}],"replies":[{"embeddable":true,"href":"https:\/\/rdnews.al\/index.php\/wp-json\/wp\/v2\/comments?post=116663"}],"version-history":[{"count":1,"href":"https:\/\/rdnews.al\/index.php\/wp-json\/wp\/v2\/posts\/116663\/revisions"}],"predecessor-version":[{"id":116664,"href":"https:\/\/rdnews.al\/index.php\/wp-json\/wp\/v2\/posts\/116663\/revisions\/116664"}],"wp:featuredmedia":[{"embeddable":true,"href":"https:\/\/rdnews.al\/index.php\/wp-json\/wp\/v2\/media\/88965"}],"wp:attachment":[{"href":"https:\/\/rdnews.al\/index.php\/wp-json\/wp\/v2\/media?parent=116663"}],"wp:term":[{"taxonomy":"category","embeddable":true,"href":"https:\/\/rdnews.al\/index.php\/wp-json\/wp\/v2\/categories?post=116663"},{"taxonomy":"post_tag","embeddable":true,"href":"https:\/\/rdnews.al\/index.php\/wp-json\/wp\/v2\/tags?post=116663"}],"curies":[{"name":"wp","href":"https:\/\/api.w.org\/{rel}","templated":true}]}}