{"id":116667,"date":"2025-06-16T11:52:56","date_gmt":"2025-06-16T11:52:56","guid":{"rendered":"https:\/\/rdnews.al\/?p=116667"},"modified":"2025-06-16T11:52:56","modified_gmt":"2025-06-16T11:52:56","slug":"noka-pushteti-i-tronditur-nga-zbardhja-e-farses-elektorale","status":"publish","type":"post","link":"https:\/\/rdnews.al\/index.php\/2025\/06\/16\/noka-pushteti-i-tronditur-nga-zbardhja-e-farses-elektorale\/","title":{"rendered":"Noka: Pushteti i tronditur nga zbardhja e fars\u00ebs elektorale! \u00a0"},"content":{"rendered":"<p>Deputeti Flamur Noka akuzoi kryetaren e Kuvendit se po shkel r\u00ebnd\u00eb rolin institucional t\u00eb parlamentit dhe po e p\u00ebrdor at\u00eb si mjet p\u00ebr interesa personale dhe politike.<\/p>\n<p>N\u00eb deklarat\u00ebn e tij, Noka reagoi ashp\u00ebr ndaj nj\u00eb komenti t\u00eb b\u00ebr\u00eb nga kryetarja e Kuvendit, ku ajo u shpreh: \u201cMa njihni p\u00ebr nder q\u00eb po i b\u00ebj k\u00ebto seanca\u201d. Sipas Nok\u00ebs, nj\u00eb q\u00ebndrim i till\u00eb p\u00ebrb\u00ebn fyerje p\u00ebr p\u00ebrfaq\u00ebsuesit e zgjedhur dhe p\u00ebr vet\u00eb sovranin, qytetar\u00ebt shqiptar\u00eb.<\/p>\n<p>\u201c\u00cbsht\u00eb e turpshme dhe t\u00ebr\u00ebsisht e papranueshme q\u00eb spikerja e parlamentit t\u2019u thot\u00eb deputet\u00ebve: \u201cMa dini p\u00ebr nder q\u00eb un\u00eb po i b\u00ebj k\u00ebto seanca\u201d.<br \/>\nZonj\u00eb, ky parlament \u00ebsht\u00eb i zgjedhur nga sovrani, dhe sovrani na ka zgjedhur p\u00ebr ta p\u00ebrfaq\u00ebsuar at\u00eb dhe p\u00ebr t\u00eb vazhduar pun\u00ebn n\u00eb sh\u00ebrbim t\u00eb ligjit, kushtetut\u00ebs dhe interesave t\u00eb sovranit.<\/p>\n<p>Nuk \u00ebsht\u00eb \u00e7\u00ebshtje humori q\u00eb i teket spikeres t\u00eb thot\u00eb: \u201cUn\u00eb e mbyll sot, un\u00eb e hap nes\u00ebr, dhe m\u00eb thoni faleminderit\u201d dhe q\u00eb deputet\u00ebt ta duartrokasin.<\/p>\n<p>Turet tuaja turistike nuk mund ta bllokojn\u00eb kurr\u00eb axhend\u00ebn e k\u00ebtij parlamenti. Parlamenti, edhe n\u00eb munges\u00ebn tuaj, ka dy n\u00ebnkryetar\u00eb q\u00eb mund ta vazhdojn\u00eb pun\u00ebn. Ju mungojn\u00eb 5\u201310 deputet\u00eb dhe nuk i kaloni ato \u201cnoterizime\u201d q\u00eb ju k\u00ebrkon sulltani kjo nuk \u00ebsht\u00eb \u00e7\u00ebshtje e parlamentit.<\/p>\n<p>Ju e keni kthyer parlamentin n\u00eb nj\u00eb noter t\u00eb \u00e7do akti q\u00eb vjen nga sulltani, por ky nuk \u00ebsht\u00eb misioni i k\u00ebtij parlamenti. Dhe po ju them nj\u00eb gj\u00eb: harrojeni, ky parlament nuk \u00ebsht\u00eb dyqani juaj q\u00eb hapet dhe mbyllet kur t\u00eb doni, dhe q\u00eb funksionon sipas tekave dhe interesave tuaja.<\/p>\n<p>Q\u00eb nga data 11 maj, ju keni problem me funksionimin e parlamentit, sepse demaskimi i fars\u00ebs, me z\u00eb dhe figur\u00eb, ju ka krijuar probleme dhe stres. Prandaj keni filluar t\u00eb ul\u00ebrini, duke folur p\u00ebr \u201cdokrrat\u201d dhe \u201cp\u00ebrralla\u201d.<\/p>\n<p>Zonj\u00eb, duhet t\u00eb keni parasysh nj\u00eb gj\u00eb: p\u00ebr aq koh\u00eb sa jeni n\u00eb at\u00eb karrige sepse do t\u00eb vij\u00eb Sara t\u00eb z\u00ebr\u00eb vendin tuaj p\u00ebrpiquni t\u00eb ruani dinjitetin e institucionit q\u00eb p\u00ebrfaq\u00ebsoni\u201d, tha Noka.<\/p>\n","protected":false},"excerpt":{"rendered":"<p>Deputeti Flamur Noka akuzoi kryetaren e Kuvendit se po shkel r\u00ebnd\u00eb rolin institucional t\u00eb parlamentit dhe po e p\u00ebrdor at\u00eb si mjet p\u00ebr interesa personale dhe politike. N\u00eb deklarat\u00ebn e tij, Noka reagoi ashp\u00ebr ndaj nj\u00eb komenti t\u00eb b\u00ebr\u00eb nga kryetarja e Kuvendit, ku ajo u shpreh: \u201cMa njihni p\u00ebr nder q\u00eb po i b\u00ebj &hellip;<\/p>\n","protected":false},"author":4,"featured_media":115843,"comment_status":"closed","ping_status":"closed","sticky":false,"template":"","format":"standard","meta":{"footnotes":""},"categories":[37],"tags":[],"class_list":["post-116667","post","type-post","status-publish","format-standard","has-post-thumbnail","","category-politike"],"_links":{"self":[{"href":"https:\/\/rdnews.al\/index.php\/wp-json\/wp\/v2\/posts\/116667","targetHints":{"allow":["GET"]}}],"collection":[{"href":"https:\/\/rdnews.al\/index.php\/wp-json\/wp\/v2\/posts"}],"about":[{"href":"https:\/\/rdnews.al\/index.php\/wp-json\/wp\/v2\/types\/post"}],"author":[{"embeddable":true,"href":"https:\/\/rdnews.al\/index.php\/wp-json\/wp\/v2\/users\/4"}],"replies":[{"embeddable":true,"href":"https:\/\/rdnews.al\/index.php\/wp-json\/wp\/v2\/comments?post=116667"}],"version-history":[{"count":1,"href":"https:\/\/rdnews.al\/index.php\/wp-json\/wp\/v2\/posts\/116667\/revisions"}],"predecessor-version":[{"id":116668,"href":"https:\/\/rdnews.al\/index.php\/wp-json\/wp\/v2\/posts\/116667\/revisions\/116668"}],"wp:featuredmedia":[{"embeddable":true,"href":"https:\/\/rdnews.al\/index.php\/wp-json\/wp\/v2\/media\/115843"}],"wp:attachment":[{"href":"https:\/\/rdnews.al\/index.php\/wp-json\/wp\/v2\/media?parent=116667"}],"wp:term":[{"taxonomy":"category","embeddable":true,"href":"https:\/\/rdnews.al\/index.php\/wp-json\/wp\/v2\/categories?post=116667"},{"taxonomy":"post_tag","embeddable":true,"href":"https:\/\/rdnews.al\/index.php\/wp-json\/wp\/v2\/tags?post=116667"}],"curies":[{"name":"wp","href":"https:\/\/api.w.org\/{rel}","templated":true}]}}