{"id":116672,"date":"2025-06-16T12:06:18","date_gmt":"2025-06-16T12:06:18","guid":{"rendered":"https:\/\/rdnews.al\/?p=116672"},"modified":"2025-06-16T12:06:18","modified_gmt":"2025-06-16T12:06:18","slug":"tabaku-ka-mungese-vullneti-politik-nga-ps-per-te-cuar-perpara-integrimin","status":"publish","type":"post","link":"https:\/\/rdnews.al\/index.php\/2025\/06\/16\/tabaku-ka-mungese-vullneti-politik-nga-ps-per-te-cuar-perpara-integrimin\/","title":{"rendered":"Tabaku: Ka munges\u00eb vullneti politik nga PS p\u00ebr t\u00eb \u00e7uar p\u00ebrpara integrimin!"},"content":{"rendered":"<p>Deputetja e PD, Joroida Tabaku ka reaguar ne seanc\u00ebn e kuvendit duke hedhur akuza ndaj mazhoranc\u00ebs p\u00ebr mos interesim t\u00eb tyre p\u00ebr t\u00eb diskutuar \u00e7\u00ebshtjet e integrimit.<\/p>\n<p>Tabaku gjat\u00eb fjal\u00ebs s\u00eb saj dhe debatit q\u00eb kishte me kryetaren e kuvendit Elisa Spiropali tha se, n\u00eb komisionin e \u00e7\u00ebshtjeve Evropiane ne Kuvend n\u00eb nuk b\u00ebjm\u00eb dot kuorum.<\/p>\n<p>\u201cDeputet\u00ebt e mazhoranc\u00ebs nuk vijn\u00eb n\u00eb mbledhje dhe po ju b\u00ebj ju thirrje si kryetare e Parlamentit q\u00eb t\u00eb merrni n\u00eb dor\u00eb grupin e Partis\u00eb Socialiste. T\u00eb ulen, t\u00eb vijn\u00eb dhe t\u00eb miratojn\u00eb se ka agjend\u00eb parlamenti. Sot zonja kryetare n\u00eb kishim n\u00eb rend t\u00eb dit\u00ebs p\u00ebr t\u00eb diskutuar raportin e K\u00ebshillit Komb\u00ebtar t\u00eb Integrimit q\u00eb \u00ebsht\u00eb gati atje. Ju nuk e futet n\u00eb rendin e dit\u00ebs p\u00ebr t\u00eb diskutuar. Sot ne n\u00eb rendin e dit\u00ebs mund t\u00eb kishim diskutuar p\u00ebr raportin e parlamentit Evropian i cili kaloi ne komisionin e jasht\u00ebm, i cili nuk \u00ebsht\u00eb futur p\u00ebrs\u00ebri n\u00eb rendin e dit\u00ebs.<\/p>\n<p>Un\u00eb e kuptoj q\u00eb GP i PS nuk do t\u00eb jet\u00eb k\u00ebtu n\u00eb shtator po ky nuk \u00ebsht\u00eb halli i jon\u00eb, ky \u00ebsht\u00eb halli juaj. Parlamenti ka nevoj\u00eb t\u00eb ket\u00eb nj\u00eb debat p\u00ebr diskutimet n\u00eb Parlamentin evropian, p\u00ebr raportin mbi zgjedhjet, p\u00ebr raportin e OSBE \u2013 ODIHR. Sepse fjala integrim n\u00eb fund t\u00eb dit\u00ebs \u00ebsht\u00eb standarde. Dhe fillon nga standardet e zgjedhjeve. K\u00ebshtu q\u00eb m\u00eb vjen keq q\u00eb edhe ato ligje dhe raporte q\u00eb jan\u00eb gati ju nuk u vendosni n\u00eb rendin e dit\u00ebs. Grupi parlamentar i PD ka propozuar m\u00eb shum\u00eb se 60 iniciativa dhe asnj\u00eb nuk po diskutohen. Un\u00eb e kuptoj se ka nj\u00eb munges\u00eb vullneti politik edhe p\u00ebr t\u00eb \u00e7uar p\u00ebrpara integrimin\u201d, tha Tabaku.<\/p>\n","protected":false},"excerpt":{"rendered":"<p>Deputetja e PD, Joroida Tabaku ka reaguar ne seanc\u00ebn e kuvendit duke hedhur akuza ndaj mazhoranc\u00ebs p\u00ebr mos interesim t\u00eb tyre p\u00ebr t\u00eb diskutuar \u00e7\u00ebshtjet e integrimit. Tabaku gjat\u00eb fjal\u00ebs s\u00eb saj dhe debatit q\u00eb kishte me kryetaren e kuvendit Elisa Spiropali tha se, n\u00eb komisionin e \u00e7\u00ebshtjeve Evropiane ne Kuvend n\u00eb nuk b\u00ebjm\u00eb dot &hellip;<\/p>\n","protected":false},"author":4,"featured_media":107125,"comment_status":"closed","ping_status":"closed","sticky":false,"template":"","format":"standard","meta":{"footnotes":""},"categories":[37],"tags":[],"class_list":["post-116672","post","type-post","status-publish","format-standard","has-post-thumbnail","","category-politike"],"_links":{"self":[{"href":"https:\/\/rdnews.al\/index.php\/wp-json\/wp\/v2\/posts\/116672","targetHints":{"allow":["GET"]}}],"collection":[{"href":"https:\/\/rdnews.al\/index.php\/wp-json\/wp\/v2\/posts"}],"about":[{"href":"https:\/\/rdnews.al\/index.php\/wp-json\/wp\/v2\/types\/post"}],"author":[{"embeddable":true,"href":"https:\/\/rdnews.al\/index.php\/wp-json\/wp\/v2\/users\/4"}],"replies":[{"embeddable":true,"href":"https:\/\/rdnews.al\/index.php\/wp-json\/wp\/v2\/comments?post=116672"}],"version-history":[{"count":1,"href":"https:\/\/rdnews.al\/index.php\/wp-json\/wp\/v2\/posts\/116672\/revisions"}],"predecessor-version":[{"id":116673,"href":"https:\/\/rdnews.al\/index.php\/wp-json\/wp\/v2\/posts\/116672\/revisions\/116673"}],"wp:featuredmedia":[{"embeddable":true,"href":"https:\/\/rdnews.al\/index.php\/wp-json\/wp\/v2\/media\/107125"}],"wp:attachment":[{"href":"https:\/\/rdnews.al\/index.php\/wp-json\/wp\/v2\/media?parent=116672"}],"wp:term":[{"taxonomy":"category","embeddable":true,"href":"https:\/\/rdnews.al\/index.php\/wp-json\/wp\/v2\/categories?post=116672"},{"taxonomy":"post_tag","embeddable":true,"href":"https:\/\/rdnews.al\/index.php\/wp-json\/wp\/v2\/tags?post=116672"}],"curies":[{"name":"wp","href":"https:\/\/api.w.org\/{rel}","templated":true}]}}