{"id":116681,"date":"2025-06-16T17:08:22","date_gmt":"2025-06-16T17:08:22","guid":{"rendered":"https:\/\/rdnews.al\/?p=116681"},"modified":"2025-06-16T17:08:22","modified_gmt":"2025-06-16T17:08:22","slug":"noka-rezoluta-e-pe-thote-se-opozita-trajtohet-si-armike-spak-dhe-gjkko-perdoren-nga-kryeministri-media-eshte-e-kapur","status":"publish","type":"post","link":"https:\/\/rdnews.al\/index.php\/2025\/06\/16\/noka-rezoluta-e-pe-thote-se-opozita-trajtohet-si-armike-spak-dhe-gjkko-perdoren-nga-kryeministri-media-eshte-e-kapur\/","title":{"rendered":"Noka: Rezoluta e PE thot\u00eb se, opozita trajtohet si armike! SPAK dhe GJKKO p\u00ebrdoren nga kryeministri, media \u00ebsht\u00eb e kapur!"},"content":{"rendered":"<p><em>Sekretari i P\u00ebrgjithsh\u00ebm i PD-s\u00eb, deputeti Flamur Noka duke folur n\u00eb seanc\u00ebn parlamentar, u shpreh se, do t\u00eb sqaroj\u00eb opinionin publik dhe nd\u00ebrkomb\u00ebtar se kritikat ndaj qeveris\u00eb nuk jan\u00eb sulm ndaj Shqip\u00ebris\u00eb, por reagim ndaj nj\u00eb realiteti t\u00eb konfirmuar edhe nga Parlamenti Europian.<\/em><\/p>\n<p><em>Gjat\u00eb fjal\u00ebs s\u00eb tij, Noka theksoi se opozita nuk \u00ebsht\u00eb e vetme n\u00eb denoncimin e shkeljeve t\u00eb r\u00ebnda ndaj demokracis\u00eb, pluralizmit dhe liris\u00eb s\u00eb medias, por \u00ebsht\u00eb n\u00eb p\u00ebrputhje me q\u00ebndrimet dhe v\u00ebrejtjet zyrtare t\u00eb BE-s\u00eb.<\/em><\/p>\n<p><em>Sipas Nok\u00ebs, rezoluta e Parlamentit Europian thot\u00eb se, opozita trajtohet si armike nga mazhoranca dhe qeveria, dhe se, SPAK e GJKKO p\u00ebrdoren nga kryeministri Edi\u00a0 Rama.<\/em><\/p>\n<p>&#8220;Ju thoni se po d\u00ebmtojm\u00eb imazhin e Shqip\u00ebris\u00eb, por nuk jemi vet\u00ebm ne. Un\u00eb do t\u00eb ju tregoj disa pika shqiptar\u00ebve sot, t\u00eb projektrezoluta q\u00eb \u00ebsht\u00eb miratuar me unanimitet n\u00eb Komisionin e Jasht\u00ebm t\u00eb Parlamentit Europian pra, si nga e majta, ashtu edhe nga e djathta dhe q\u00eb pritet t\u00eb kaloj\u00eb n\u00eb seanc\u00eb plenare brenda korrikut.<\/p>\n<p>Ne e kemi th\u00ebn\u00eb q\u00eb mediat u p\u00ebrdor\u00ebn si tam tame kund\u00ebr opozit\u00ebs n\u00eb fushat\u00eb dhe mbajt\u00ebn an\u00ebn e shtetit, n\u00eb fushat\u00eb dhe k\u00ebt\u00eb e thot\u00eb projektrezoluta e Komisionit t\u00eb Jasht\u00ebm t\u00eb Parlamentit Europian. Ajo thot\u00eb tekstualisht se: I b\u00ebjm\u00eb thirrje Shqip\u00ebris\u00eb t\u00eb p\u00ebrshpejtoj\u00eb reformat dhe t\u00eb afrohet m\u00eb shum\u00eb me standardet e liris\u00eb s\u00eb shprehjes, informacionit, pluralizmit dhe pavar\u00ebsis\u00eb s\u00eb medias.<\/p>\n<p>Pra, edhe pluralizmi \u00ebsht\u00eb thelb\u00ebsor. Sjellja juaj, zonj\u00eb, p\u00ebrb\u00ebn nj\u00eb alarm dhe \u00ebsht\u00eb n\u00eb kund\u00ebrshtim me parimet e pluralizmit.<\/p>\n<p>Rezoluta b\u00ebn thirrje p\u00ebr nj\u00eb dialog t\u00eb mir\u00ebfillt\u00eb politik, me q\u00ebllim promovimin e stabilitetit dhe p\u00ebrparimit. N\u00eb vend t\u00eb k\u00ebsaj, ju e keni futur k\u00ebt\u00eb parlament n\u00eb nj\u00eb gjendje destabiliteti, duke mohuar \u00e7do mund\u00ebsi dialogu dhe duke e trajtuar kund\u00ebrshtarin politik si armik. K\u00ebt\u00eb nuk e thot\u00eb Partia Demokratike e thot\u00eb Parlamenti Europian.<\/p>\n<p>Se ju opozit\u00ebs v\u00ebrsulni Skapin, GJKKO-n dhe t\u00eb gjith\u00eb instrumentet shtet\u00ebrore. Kjo \u00ebsht\u00eb detyra juaj ndaj opozit\u00ebs dhe jo dialog i mir\u00ebfillt\u00eb stabilitet politik.<\/p>\n<p>Parlamenti Europian thekson n\u00eb rezolut\u00eb nevoj\u00ebn p\u00ebr nj\u00eb mbik\u00ebqyrje efektive parlamentare mbi funksionimin e institucioneve. K\u00ebtu parlamenti si\u00e7 e dim\u00eb t\u00eb gjith\u00eb, parlament \u00ebsht\u00eb shnd\u00ebrruar n\u00eb nj\u00eb noter t\u00eb verb\u00ebr t\u00eb \u00e7do akti korruptiv apo kriminal t\u00eb qeveris\u00eb. Sot, funksionon modeli i partis\u00eb-shtet, dhe parlamenti \u00ebsht\u00eb kthyer n\u00eb nj\u00eb veg\u00ebl e partis\u00eb shtet.<\/p>\n<p>E nj\u00ebjta rezolut\u00eb ngre shqet\u00ebsime serioze edhe p\u00ebr balanc\u00ebn e pushteteve. Sipas saj, partia-shtet ka eliminuar balanc\u00ebn mes pushteteve, duke i p\u00ebrqendruar t\u00eb gjitha kompetencat n\u00eb duart e qeveris\u00eb.<\/p>\n<p>Rezoluta e Parlamenti Europian thekson se zgjedhjet u zhvilluan n\u00eb nj\u00eb mjedis t\u00eb thell\u00ebsisht t\u00eb polarizuar, ku garuesit nuk pat\u00ebn kushte t\u00eb barabarta. Kjo d\u00ebshmon se shteti elektoral, krimi, kartelet, vendimet e K\u00ebshillit t\u00eb Ministrave n\u00eb kund\u00ebrshtim me ligjin p\u00ebr blerjen e vot\u00ebs, \u2018treni bullgar\u2019, patronazhist\u00ebt t\u00eb gjitha k\u00ebto krijuan nj\u00eb pabarazi t\u00eb ul\u00ebritshme n\u00eb k\u00ebt\u00eb gar\u00eb elektorale.<\/p>\n<p>Nuk e themi vet\u00ebm ne, e thon\u00eb eurodeputet\u00ebt\u2026<\/p>\n<p>Parlamenti Europian n\u00eb k\u00ebt\u00eb rezolut\u00eb shpreh shqet\u00ebsimet se partia n\u00eb pushtet, p\u00ebrfitoi nga p\u00ebrdorimi i gjer\u00eb i burimeve administrative. Thot\u00eb qart\u00ebsisht se sulltan Surreli n\u00eb Shqip\u00ebri ngriti nj\u00eb shtet elektoral n\u00eb funksion t\u00eb fitores, dhe t\u00eb fars\u00ebs dhe jo n\u00eb funksion t\u00eb qeverisjes.<\/p>\n<p>Rezoluta b\u00ebn thirrje p\u00ebr respektim dhe mbrojtje t\u00eb t\u00eb drejtave t\u00eb njeriut nga ana e qeveris\u00eb.<\/p>\n<p>K\u00ebtu t\u00eb drejtat dhe lirit\u00eb jan\u00eb n\u00eb var\u00ebsi t\u00eb humorit t\u00eb sulltanit. Ai cakton kush dhunohet, mbrohet, burgoset.<\/p>\n<p>Ai cakton karteleve porteve, tendera dhe koncensione nd\u00ebrsa qytetar\u00ebt e lir\u00eb, dhunohen si t\u00eb ishin kriminel\u00eb.<\/p>\n<p>\u00c7far\u00eb thot\u00eb tjet\u00ebr? Kujton se Shqip\u00ebria duhet t\u00eb mbroj\u00eb t\u00eb drejt\u00ebn e pron\u00ebs? Po ku \u00ebsht\u00eb k\u00ebtu e drejta e pron\u00ebs. Gjipeja tok\u00eb publike u kthye tok\u00eb private e kryeministrit dhe p\u00ebr k\u00ebt\u00eb arsye Ardit Bido nj\u00eb nga bekuesit e k\u00ebtij transformimi t\u00eb madh do t\u00eb shp\u00ebrblehej nga sulltani sepse pron\u00ebn publike e ktheu n\u00eb pron\u00eb private t\u00eb sulltanit dhe e sjell k\u00ebtu n\u00eb parlament.<\/p>\n<p>Ja pra ky \u00ebsht\u00eb mesazhi q\u00eb i jepni ju edhe shqiptar\u00ebve dhe Parlamentit Europiane.<\/p>\n<p>Shpreh shqet\u00ebsim rezoluta p\u00ebr trajtimin e t\u00eb dh\u00ebnave personale. \u00cbsht\u00eb damkosje e patronazhimit tuaj, sepse ju t\u00eb dh\u00ebnat personale t\u00eb \u00e7do shqiptari i p\u00ebrdorni p\u00ebr vot\u00ebn, p\u00ebr efekte elektorale.<\/p>\n<p>\u00c7far\u00eb thot\u00eb tjet\u00ebr? Shqet\u00ebsim dhe nd\u00ebrhyrje n\u00eb sistemin gjyq\u00ebsor. Pra tregon se Rama vet\u00eb vendos\u00eb p\u00ebr SPAK, GJKKO-n\u00eb, p\u00ebr \u00e7do gjykat\u00eb dhe prokurori.<\/p>\n<p>Sepse besnik\u00ebria ndaj partis\u00eb dhe regjimit \u00ebsht\u00eb mbi t\u00eb gjitha dhe me k\u00ebt\u00eb Parlamenti Europian fshikullon drejt\u00ebsin\u00eb, si nj\u00eb drejt\u00ebsi politike.<\/p>\n<p>Shqip\u00ebria thot\u00eb se renditet n\u00eb vendin e 80 t\u00eb perceptimit t\u00eb korrupsionit sipas Transparency International. Tregon se ka nevoj\u00eb Shqip\u00ebria p\u00ebr p\u00ebrparim t\u00eb ndjesh\u00ebm n\u00eb luft\u00ebn kund\u00ebr korrupsionit n\u00eb nivele t\u00eb larta. Kjo tregon se n\u00eb Shqip\u00ebri, Edi Rama tregon se kush duhet t\u00eb shkoj\u00eb n\u00eb burg. Vjedhin t\u00eb gjith\u00eb, por ai selekton dhe vendos fatin e \u00e7do nj\u00ebri prej jush.<\/p>\n<p>Skapi dhe GJKKO-ja p\u00ebrs\u00ebri jan\u00eb vegla t\u00eb Ram\u00ebs&#8221;, tha Noka.<\/p>\n","protected":false},"excerpt":{"rendered":"<p>Sekretari i P\u00ebrgjithsh\u00ebm i PD-s\u00eb, deputeti Flamur Noka duke folur n\u00eb seanc\u00ebn parlamentar, u shpreh se, do t\u00eb sqaroj\u00eb opinionin publik dhe nd\u00ebrkomb\u00ebtar se kritikat ndaj qeveris\u00eb nuk jan\u00eb sulm ndaj Shqip\u00ebris\u00eb, por reagim ndaj nj\u00eb realiteti t\u00eb konfirmuar edhe nga Parlamenti Europian. Gjat\u00eb fjal\u00ebs s\u00eb tij, Noka theksoi se opozita nuk \u00ebsht\u00eb e vetme &hellip;<\/p>\n","protected":false},"author":4,"featured_media":116682,"comment_status":"closed","ping_status":"closed","sticky":false,"template":"","format":"standard","meta":{"footnotes":""},"categories":[37],"tags":[],"class_list":["post-116681","post","type-post","status-publish","format-standard","has-post-thumbnail","","category-politike"],"_links":{"self":[{"href":"https:\/\/rdnews.al\/index.php\/wp-json\/wp\/v2\/posts\/116681","targetHints":{"allow":["GET"]}}],"collection":[{"href":"https:\/\/rdnews.al\/index.php\/wp-json\/wp\/v2\/posts"}],"about":[{"href":"https:\/\/rdnews.al\/index.php\/wp-json\/wp\/v2\/types\/post"}],"author":[{"embeddable":true,"href":"https:\/\/rdnews.al\/index.php\/wp-json\/wp\/v2\/users\/4"}],"replies":[{"embeddable":true,"href":"https:\/\/rdnews.al\/index.php\/wp-json\/wp\/v2\/comments?post=116681"}],"version-history":[{"count":1,"href":"https:\/\/rdnews.al\/index.php\/wp-json\/wp\/v2\/posts\/116681\/revisions"}],"predecessor-version":[{"id":116683,"href":"https:\/\/rdnews.al\/index.php\/wp-json\/wp\/v2\/posts\/116681\/revisions\/116683"}],"wp:featuredmedia":[{"embeddable":true,"href":"https:\/\/rdnews.al\/index.php\/wp-json\/wp\/v2\/media\/116682"}],"wp:attachment":[{"href":"https:\/\/rdnews.al\/index.php\/wp-json\/wp\/v2\/media?parent=116681"}],"wp:term":[{"taxonomy":"category","embeddable":true,"href":"https:\/\/rdnews.al\/index.php\/wp-json\/wp\/v2\/categories?post=116681"},{"taxonomy":"post_tag","embeddable":true,"href":"https:\/\/rdnews.al\/index.php\/wp-json\/wp\/v2\/tags?post=116681"}],"curies":[{"name":"wp","href":"https:\/\/api.w.org\/{rel}","templated":true}]}}