{"id":116688,"date":"2025-06-16T17:32:59","date_gmt":"2025-06-16T17:32:59","guid":{"rendered":"https:\/\/rdnews.al\/?p=116688"},"modified":"2025-06-16T17:32:59","modified_gmt":"2025-06-16T17:32:59","slug":"masakra-elektorale-tabaku-pranoni-te-vertetat-ne-shtator-rezolute-per-11-majin","status":"publish","type":"post","link":"https:\/\/rdnews.al\/index.php\/2025\/06\/16\/masakra-elektorale-tabaku-pranoni-te-vertetat-ne-shtator-rezolute-per-11-majin\/","title":{"rendered":"Masakra elektorale\/ Tabaku: Pranoni t\u00eb v\u00ebrtetat, n\u00eb shtator rezolut\u00eb p\u00ebr 11 majin!"},"content":{"rendered":"<p>Deputetja e PD, Jorida Tabaku nga foltorja e Kuvendit akuzoi mazhoranc\u00ebn n\u00eb pushtet se \u00ebsht\u00eb shkaktare e bllokimit t\u00eb procesit t\u00eb intergimit t\u00eb Shqip\u00ebris\u00eb n\u00eb BE.<\/p>\n<p>Sipas Tabakut, Shqip\u00ebrin\u00eb po e nxijn\u00eb ata q\u00eb kan\u00eb mund\u00ebsi t\u00eb b\u00ebjn\u00eb ndryshimin, teksa iu referua mahoranc\u00ebs socialite, duke shtuar se sikurse shum\u00eb mund\u00ebsi t\u00eb tjera, kan\u00eb n\u00eb dor\u00eb t\u00eb organizojn\u00eb zgjedhje normale, por q\u00eb nuk e kan\u00eb d\u00ebshir\u00ebn p\u00ebr ta b\u00ebr\u00eb.<\/p>\n<p>Tabaku theksoi nevoj\u00ebn e diskutimit t\u00eb nj\u00eb raporti p\u00ebr zgjedhjet n\u00eb shtator dhe prezantimin e nj\u00eb resolute n\u00eb parlament, ku elementi i par\u00eb i saj t\u00eb jen\u00eb zgjedhjet e 11 majit.<\/p>\n<p>&#8220;Faqen e\u00a0 Shqip\u00ebris\u00eb s\u2019e nxin opozita, por ata q\u00eb kan\u00eb mund\u00ebsi p\u00ebr ta ndryshuar e q\u00eb kan\u00eb mund\u00ebsi t\u00eb organizojn\u00eb zgjedhje normale dhe s\u2019e b\u00ebjn\u00eb. Ka ardhur koha q\u00eb k\u00ebt\u00eb proces ta b\u00ebjm\u00eb p\u00ebr t\u00eb gjith\u00eb shqiptar\u00ebt q\u00eb s\u2019e shikojn\u00eb ndryshimin k\u00ebtu po jasht\u00eb, ndaj parlamenti ka nevoj\u00eb t\u00eb ngrihet mbi ndasit\u00eb politike e t\u2019i pranojn\u00eb t\u00eb v\u00ebrtetat si\u00e7 shkruhen n\u00eb raportet e PE apo raportet e tjera.<\/p>\n<p>Standarde t\u00eb munguara n\u00eb kontrollin e pushtetit apo paaft\u00ebsin\u00eb e parlamentit p\u00ebr t\u00eb ngritur komisione hetimore. P\u00ebr t\u2019i nd\u00ebrgjegj\u00ebsuar nd\u00ebrkomb\u00ebtar\u00ebt n\u00eb k\u00ebt\u00eb proces, se integrimi s\u2019mund t\u00eb jet\u00eb marketing politik por ndryshim p\u00ebr qytetar\u00ebt.<\/p>\n<p>Nevoj\u00ebn p\u00ebr t\u2019i par\u00eb t\u00eb v\u00ebrtetat si\u00e7 i kan\u00eb par\u00eb deputet\u00ebt e PE-s\u00eb, e p\u00ebr t\u00eb nd\u00ebrtuar p\u00ebr shqiptar\u00ebt nj\u00eb ofert\u00eb ndryshe q\u00eb s\u2019erdhi nga kjo qeveri. Shpresoj shum\u00eb q\u00eb jav\u00ebt e ardhshme t\u00eb kemi dikustim edhe p\u00ebr raportin, dhe n\u00eb shtator t\u00eb nisim rezolut\u00eb q\u00eb elementi i 1 t\u00eb jen\u00eb zgjedhjet. S\u2019ka penges\u00eb m\u00eb t\u00eb madhe p\u00ebr Shqip\u00ebrin\u00eb se sa qeveria, mungesa e vullnetit politik. Harrojeni se do t\u00eb vij\u00eb me k\u00ebt\u00eb qeverisje\u201d, tha Tabaku.<\/p>\n","protected":false},"excerpt":{"rendered":"<p>Deputetja e PD, Jorida Tabaku nga foltorja e Kuvendit akuzoi mazhoranc\u00ebn n\u00eb pushtet se \u00ebsht\u00eb shkaktare e bllokimit t\u00eb procesit t\u00eb intergimit t\u00eb Shqip\u00ebris\u00eb n\u00eb BE. Sipas Tabakut, Shqip\u00ebrin\u00eb po e nxijn\u00eb ata q\u00eb kan\u00eb mund\u00ebsi t\u00eb b\u00ebjn\u00eb ndryshimin, teksa iu referua mahoranc\u00ebs socialite, duke shtuar se sikurse shum\u00eb mund\u00ebsi t\u00eb tjera, kan\u00eb n\u00eb dor\u00eb &hellip;<\/p>\n","protected":false},"author":4,"featured_media":115906,"comment_status":"closed","ping_status":"closed","sticky":false,"template":"","format":"standard","meta":{"footnotes":""},"categories":[37],"tags":[],"class_list":["post-116688","post","type-post","status-publish","format-standard","has-post-thumbnail","","category-politike"],"_links":{"self":[{"href":"https:\/\/rdnews.al\/index.php\/wp-json\/wp\/v2\/posts\/116688","targetHints":{"allow":["GET"]}}],"collection":[{"href":"https:\/\/rdnews.al\/index.php\/wp-json\/wp\/v2\/posts"}],"about":[{"href":"https:\/\/rdnews.al\/index.php\/wp-json\/wp\/v2\/types\/post"}],"author":[{"embeddable":true,"href":"https:\/\/rdnews.al\/index.php\/wp-json\/wp\/v2\/users\/4"}],"replies":[{"embeddable":true,"href":"https:\/\/rdnews.al\/index.php\/wp-json\/wp\/v2\/comments?post=116688"}],"version-history":[{"count":1,"href":"https:\/\/rdnews.al\/index.php\/wp-json\/wp\/v2\/posts\/116688\/revisions"}],"predecessor-version":[{"id":116689,"href":"https:\/\/rdnews.al\/index.php\/wp-json\/wp\/v2\/posts\/116688\/revisions\/116689"}],"wp:featuredmedia":[{"embeddable":true,"href":"https:\/\/rdnews.al\/index.php\/wp-json\/wp\/v2\/media\/115906"}],"wp:attachment":[{"href":"https:\/\/rdnews.al\/index.php\/wp-json\/wp\/v2\/media?parent=116688"}],"wp:term":[{"taxonomy":"category","embeddable":true,"href":"https:\/\/rdnews.al\/index.php\/wp-json\/wp\/v2\/categories?post=116688"},{"taxonomy":"post_tag","embeddable":true,"href":"https:\/\/rdnews.al\/index.php\/wp-json\/wp\/v2\/tags?post=116688"}],"curies":[{"name":"wp","href":"https:\/\/api.w.org\/{rel}","templated":true}]}}