{"id":116699,"date":"2025-06-17T08:22:47","date_gmt":"2025-06-17T08:22:47","guid":{"rendered":"https:\/\/rdnews.al\/?p=116699"},"modified":"2025-06-17T08:22:47","modified_gmt":"2025-06-17T08:22:47","slug":"be-ngre-alarmin-per-presion-e-rames-mbi-drejtesine","status":"publish","type":"post","link":"https:\/\/rdnews.al\/index.php\/2025\/06\/17\/be-ngre-alarmin-per-presion-e-rames-mbi-drejtesine\/","title":{"rendered":"BE ngre alarmin p\u00ebr presion e Ram\u00ebs mbi drejt\u00ebsin\u00eb!"},"content":{"rendered":"<p><strong>Ky \u00ebsht\u00eb nj\u00eb dokument pune konfidencial (jo zyrtar) q\u00eb i drejtohet K\u00ebshillit t\u00eb BE-s\u00eb, konkretisht Grupit t\u00eb Pun\u00ebs p\u00ebr Zgjerimin dhe Vendet q\u00eb Negociojn\u00eb p\u00ebr An\u00ebtar\u00ebsim.<\/strong><\/p>\n<p>Nj\u00eb rast i paprecedent\u00eb presioni institucional ndaj drejt\u00ebsis\u00eb shqiptare ka ngritur alarmin n\u00eb Bruksel. Arrestimi dhe hetimi i Erion Veliaj, i konfirmuar nga Gjykata e Posa\u00e7me (SPAK) n\u00eb shkurt 2025, ka shkaktuar reagime t\u00eb forta nga ana e qeveris\u00eb dhe Kuvendit, t\u00eb cilat jan\u00eb interpretuar si p\u00ebrpjekje p\u00ebr t\u00eb ndikuar dhe intimiduar institucionet e drejt\u00ebsis\u00eb. Komisioni Evropian n\u00ebnvizon n\u00eb raportin e fundit \u201cNon-paper\u201d se ky zhvillim ka ngritur shqet\u00ebsime serioze mbi pavar\u00ebsin\u00eb e sistemit gjyq\u00ebsor n\u00eb Shqip\u00ebri. SPAK i \u00ebsht\u00eb drejtuar Ministris\u00eb s\u00eb Brendshme dhe Policis\u00eb s\u00eb Shtetit me dy letra zyrtare ankuese p\u00ebr munges\u00ebn e masave t\u00eb siguris\u00eb gjat\u00eb protest\u00ebs s\u00eb zhvilluar para ambienteve t\u00eb institucionit, duke rrezikuar sigurin\u00eb e prokuror\u00ebve dhe gjyqtar\u00ebve t\u00eb SPAK.<\/p>\n<p><strong>Reforma n\u00eb drejt\u00ebsi dhe vetingu \u2013 p\u00ebrfunduar n\u00eb shkall\u00ebn e par\u00eb, por vonesa dhe presione politike<\/strong><\/p>\n<p>Raporti vler\u00ebson p\u00ebrfundimin e procesit t\u00eb vetingut n\u00eb shkall\u00ebn e par\u00eb si nj\u00eb hap t\u00eb r\u00ebnd\u00ebsish\u00ebm, me 282 gjyqtar\u00eb dhe prokuror\u00eb t\u00eb shkarkuar ose t\u00eb larguar dhe 350 t\u00eb konfirmuar n\u00eb detyr\u00eb. Megjithat\u00eb, apelimet vijojn\u00eb dhe ka ende 110 \u00e7\u00ebshtje n\u00eb pritje. K\u00ebrkohet p\u00ebrmir\u00ebsim n\u00eb vler\u00ebsimin profesional, em\u00ebrimet meritore dhe ulja e stoku t\u00eb \u00e7\u00ebshtjeve. Nd\u00ebrkoh\u00eb, presionet politike, sidomos ndaj SPAK-ut, mbeten nj\u00eb shqet\u00ebsim serioz.<\/p>\n<p><strong>SPAK dhe lufta kund\u00ebr korrupsionit t\u00eb lart\u00eb \u2013 rezultate, por mungon bashk\u00ebpunimi institucional<\/strong><\/p>\n<p>N\u00eb 2024 u arrit\u00ebn 106 d\u00ebnime p\u00ebrfundimtare p\u00ebr korrupsion, p\u00ebrfshir\u00eb ish-ministra, nj\u00eb ish-President t\u00eb Gjykat\u00ebs Kushtetuese dhe zyrtar\u00eb t\u00eb tjer\u00eb t\u00eb nivelit t\u00eb lart\u00eb. SPAK d\u00ebnoi ish-kryetarin e Bashkis\u00eb s\u00eb Durr\u00ebsit me 4 vite burg p\u00ebr abuzim me fondet publike. Megjithat\u00eb, numri i kall\u00ebzimeve ndaj SPAK nga institucione t\u00eb tjera \u00ebsht\u00eb i ul\u00ebt dhe kapacitetet mbeten t\u00eb kufizuara p\u00ebr shkak t\u00eb munges\u00ebs s\u00eb stafit dhe infrastruktures.<\/p>\n<p><strong>Liria e medias dhe e shprehjes \u2013 p\u00ebrqendrim, munges\u00eb pavar\u00ebsie dhe k\u00ebrc\u00ebnime ndaj gazetar\u00ebve<\/strong><\/p>\n<p>Raporti v\u00ebren munges\u00eb t\u00eb nj\u00eb reforme t\u00eb mir\u00ebfillt\u00eb ligjore p\u00ebr median, nd\u00ebrhyrje politike n\u00eb RTSH, p\u00ebrqendrim t\u00eb pron\u00ebsis\u00eb dhe transparenc\u00eb t\u00eb ul\u00ebt mbi financimin. Raportohen 45 raste t\u00eb shkeljes s\u00eb siguris\u00eb s\u00eb gazetar\u00ebve dhe 43 padi SLAPP kund\u00ebr tyre. Qeveria pritet t\u00eb sjell\u00eb ndryshimet ligjore p\u00ebr konsultim me Komisionin e Venecias.<\/p>\n<p><strong>T\u00eb drejtat e njeriut dhe barazia \u2013 progres i kufizuar, institucionet pa drejtues dhe diskriminim sistemik<\/strong><\/p>\n<p>Kuvendi nuk ka arritur t\u00eb em\u00ebroj\u00eb drejtuesit e Avokatit t\u00eb Popullit dhe Komisionit p\u00ebr Mbrojtjen nga Diskriminimi, nd\u00ebrsa zbatimi i rekomandimeve t\u00eb tyre \u00ebsht\u00eb n\u00eb nivele t\u00eb ul\u00ebta. Mungon p\u00ebrputhja e legjislacionit p\u00ebr barazin\u00eb gjinore, personat me aft\u00ebsi t\u00eb kufizuara dhe t\u00eb drejtat e komuniteteve rome dhe egjiptiane me standardet e BE-s\u00eb.<\/p>\n<p>Krimi i organizuar dhe droga \u2013 operacione t\u00eb suksesshme, por mungon nd\u00ebshkimi sistematik.<\/p>\n<p>Megjith\u00ebse jan\u00eb regjistruar arrestime t\u00eb profilit t\u00eb lart\u00eb dhe jan\u00eb sekuestruar pasuri me vler\u00eb 127 milion\u00eb euro n\u00eb 2024, ende mungon nj\u00eb praktik\u00eb konsistente e hetimeve financiare. Ligji p\u00ebr Byron\u00eb e Rikuperimit t\u00eb Aseteve \u00ebsht\u00eb vonuar dhe ajo ende nuk funksionon si\u00e7 duhet. Trafikimi i qenieve njer\u00ebzore mbetet problem serioz, me f\u00ebmij\u00ebt q\u00eb p\u00ebrb\u00ebjn\u00eb 66% t\u00eb viktimave t\u00eb identifikuara.<\/p>\n<p><strong>Migracioni, azili dhe kufijt\u00eb \u2013 p\u00ebrmir\u00ebsime, por nevoj\u00eb p\u00ebr struktura dhe politika m\u00eb efikase<\/strong><\/p>\n<p>Shqip\u00ebria ka miratuar Strategjin\u00eb e Migracionit dhe ka bashk\u00ebpunuar me BE p\u00ebr riatdhesimet, por nuk ka ende struktura t\u00eb posa\u00e7me p\u00ebr f\u00ebmij\u00ebt e pashoq\u00ebruar. Nevojitet forcimi i procedurave p\u00ebr azilin dhe vendosja e kapaciteteve t\u00eb plota p\u00ebr trajtimin e rasteve t\u00eb mbrojtjes nd\u00ebrkomb\u00ebtare.<\/p>\n<p><strong>Institucionet demokratike \u2013 polarizim politik dhe munges\u00eb e kontrollit parlamentar<\/strong><\/p>\n<p>Raporti ngre shqet\u00ebsimin p\u00ebr polarizimin ekstrem politik q\u00eb ka paralizuar pun\u00ebn parlamentare. Kuvendi ka d\u00ebshtuar t\u00eb zbatoj\u00eb disa vendime t\u00eb Gjykat\u00ebs Kushtetuese dhe t\u00eb em\u00ebroj\u00eb drejtues n\u00eb institucione t\u00eb r\u00ebnd\u00ebsishme. Ligji p\u00ebr mediat gjat\u00eb fushatave dhe financimi i partive politike mbeten problematike.<\/p>\n<p><strong>Ekonomia dhe administrata \u2013 rritje e q\u00ebndrueshme, por sfida strukturore<\/strong><\/p>\n<p>Me nj\u00eb rritje ekonomike prej 4% n\u00eb vitin 2024, Shqip\u00ebria ka b\u00ebr\u00eb hapa p\u00ebrpara, por mungesa e investimeve kapitale, emigrimi i trurit dhe papun\u00ebsia e t\u00eb rinjve vazhdojn\u00eb t\u00eb jen\u00eb pengesa serioze. Ekonomia informale mbetet e p\u00ebrhapur dhe konkurrueshm\u00ebria n\u00eb sektorin industrial \u00ebsht\u00eb e ul\u00ebt.<\/p>\n<p><strong>P\u00ebrfundim:<\/strong><\/p>\n<p>Komisioni Evropian njeh progresin e b\u00ebr\u00eb nga Shqip\u00ebria n\u00eb disa fusha ky\u00e7e si drejt\u00ebsia, lufta kund\u00ebr korrupsionit dhe menaxhimi i kufijve, por thekson se pa zgjidhjen e problemeve serioze si presioni ndaj drejt\u00ebsis\u00eb, mungesa e reformave n\u00eb media, dhe mbrojtja e pamjaftueshme e t\u00eb drejtave themelore, negociatat p\u00ebr an\u00ebtar\u00ebsim nuk mund t\u00eb ecin p\u00ebrpara. Kapitujt 23 dhe 24 mbeten t\u00eb pazhbllokuesh\u00ebm pa p\u00ebrmbushjen e standardeve t\u00eb vendosura.<\/p>\n<p><strong>Non-Paper\/ Dokument i brendsh\u00ebm i K\u00ebshillit t\u00eb Evrop\u00ebs p\u00ebr Shqip\u00ebrin\u00eb:<\/strong><\/p>\n<ol>\n<li><strong> Reforma n\u00eb Drejt\u00ebsi (Kapitulli 23)<\/strong><\/li>\n<\/ol>\n<ul>\n<li><em>\u00a0 Vetingu \u00ebsht\u00eb finalizuar n\u00eb shkall\u00eb t\u00eb par\u00eb, por 110 ankime jan\u00eb ende n\u00eb pritje dhe duhen ndjekur rastet e referuara p\u00ebr ndjekje penale.<\/em><\/li>\n<li><em> Presion politik mbi drejt\u00ebsin\u00eb: Arrestimi i nj\u00eb zyrtari nxiti sulme t\u00eb hapura politike ndaj SPAK dhe tentativ\u00eb p\u00ebr t\u00eb ndikuar n\u00eb vendimet gjyq\u00ebsore.<\/em><\/li>\n<li><em> Probleme n\u00eb em\u00ebrime dhe burime njer\u00ebzore: Ka mungesa t\u00eb m\u00ebdha n\u00eb gjyqtar\u00eb dhe prokuror\u00eb (vet\u00ebm 57% e pozicioneve gjyq\u00ebsore t\u00eb mbuluara), dhe vonesa n\u00eb vler\u00ebsime profesionale.<\/em><\/li>\n<li><em> Pavar\u00ebsia e Gjykat\u00ebs Kushtetuese vihet n\u00eb pik\u00ebpyetje p\u00ebr shkak t\u00eb moszbatimit t\u00eb vendimeve nga Kuvendi dhe pasiguris\u00eb mbi mandatet.<\/em><\/li>\n<li><em> Reforma gjyq\u00ebsore ende pa nj\u00eb strategji t\u00eb koordinuar dhe mekaniz\u00ebm drejtues efektiv.<\/em><\/li>\n<\/ul>\n<ol start=\"2\">\n<li><strong> Lufta kund\u00ebr Korrupsionit<\/strong><\/li>\n<\/ol>\n<ul>\n<li><em>\u00a0 SPAK ka p\u00ebrmir\u00ebsuar ndjesh\u00ebm rezultatet n\u00eb ndjekje penale t\u00eb korrupsionit t\u00eb lart\u00eb, por institucionet e tjera p\u00ebrballen me dob\u00ebsi n\u00eb hetim dhe zbatueshm\u00ebri.<\/em><\/li>\n<li><em> Policia e Shtetit mbetet shum\u00eb e prekshme nga korrupsioni.<\/em><\/li>\n<li><em> Institucionet e parandalimit t\u00eb korrupsionit jan\u00eb joefektive dhe kan\u00eb munges\u00eb koordinimi me organet e hetimit.<\/em><\/li>\n<li><em> Verifikimi i pasurive dhe konfliktit t\u00eb interesit nuk \u00ebsht\u00eb transparent dhe nuk ka eficienc\u00eb t\u00eb mjaftueshme.<\/em><\/li>\n<\/ul>\n<p><strong>T\u00eb Drejtat Themelore dhe Liria e Medias<\/strong><\/p>\n<ul>\n<li><em>\u00a0 Liria e medias mbetet problematike: p\u00ebrdorimi i tepruar i padive (SLAPP), nd\u00ebrhyrje politike n\u00eb em\u00ebrimet e AMA-s dhe Televizionit Publik.<\/em><\/li>\n<li><em> Parlamenti shkarkoi t\u00eb gjith\u00eb an\u00ebtar\u00ebt e K\u00ebshillit Drejtues t\u00eb RTSH, duke ngritur shqet\u00ebsime p\u00ebr ndikimin politik.<\/em><\/li>\n<li><em> Mbrojtja e gazetar\u00ebve \u00ebsht\u00eb e dob\u00ebt dhe mungon nj\u00eb sistem monitorimi p\u00ebr rastet e sulmeve.<\/em><\/li>\n<li><em> Ligji p\u00ebr mbrojtjen e t\u00eb dh\u00ebnave personale u p\u00ebrmir\u00ebsua, por zbatimi k\u00ebrkon m\u00eb shum\u00eb burime.<\/em><\/li>\n<\/ul>\n<ol start=\"4\">\n<li><strong> Krimi i Organizuar dhe Siguria (Kapitulli 24)<\/strong><\/li>\n<\/ol>\n<ul>\n<li><em>Nuk ka ende nj\u00eb praktik\u00eb t\u00eb besueshme p\u00ebr hetime financiare paralele me rastet penale.<\/em><\/li>\n<li><em> Kapacitetet p\u00ebr t\u00eb luftuar trafikun e qenieve njer\u00ebzore jan\u00eb t\u00eb pamjaftueshme, sidomos p\u00ebr f\u00ebmij\u00ebt (66% e viktimave n\u00eb 2023 ishin f\u00ebmij\u00eb).<\/em><\/li>\n<li><em> Ligji p\u00ebr Zyr\u00ebn e Rikuperimit t\u00eb Pasurive (ARO) nuk \u00ebsht\u00eb miratuar ende; funksionimi i saj \u00ebsht\u00eb simbolik.<\/em><\/li>\n<li><em> Mungon strategji komb\u00ebtare p\u00ebr drogat dhe v\u00ebrehet r\u00ebnie n\u00eb sekuestrimet e narkotik\u00ebve (-35% n\u00eb 2024 krahasuar me 2023).<\/em><\/li>\n<\/ul>\n<ol start=\"5\">\n<li><strong> Institucionet Demokratike<\/strong><\/li>\n<\/ol>\n<ul>\n<li><em>Parlamenti i polarizuar, me bojkotim dhe pengesa nga opozita, munges\u00eb mbik\u00ebqyrjeje ndaj qeveris\u00eb.<\/em><\/li>\n<li><em> Moszbatim i vendimeve t\u00eb Gjykat\u00ebs Kushtetuese nga Kuvendi.<\/em><\/li>\n<li><em> Financimi i partive politike dhe i fushatave zgjedhore nuk \u00ebsht\u00eb n\u00eb p\u00ebrputhje me standardet evropiane.<\/em><\/li>\n<li><em> Shum\u00eb institucione pa drejtues, pasi Kuvendi nuk ka em\u00ebruar z\u00ebvend\u00ebsuesit.<\/em><\/li>\n<\/ul>\n<ol start=\"6\">\n<li><strong> Administrata Publike dhe Financat<\/strong><\/li>\n<\/ol>\n<ul>\n<li><em> Zbatimi i ligjeve t\u00eb miratuara mbetet problem \u2013 m\u00eb shum\u00eb munges\u00eb zbatimi sesa munges\u00eb ligjore.<\/em><\/li>\n<li><em> Zyra t\u00eb brendshme auditi me staf t\u00eb pak\u00ebt dhe kapacitete t\u00eb kufizuara.<\/em><\/li>\n<li><em> Munges\u00eb e nj\u00eb K\u00ebshilli t\u00eb Pavarur Fiskal, ndon\u00ebse jan\u00eb marr\u00eb hapa p\u00ebr p\u00ebrgatitjen e tij.<\/em><\/li>\n<\/ul>\n<ol start=\"8\">\n<li><strong>\u20607. Ekonomia dhe Konku<\/strong><strong>rrueshm\u00ebria<\/strong><\/li>\n<\/ol>\n<ul>\n<li><em>\u00a0\u00a0\u00a0 Ekonomia ka ecuri t\u00eb mir\u00eb, por eksportet e mallrave jan\u00eb ulur dhe mb\u00ebshteten n\u00eb sektor\u00eb me vler\u00eb t\u00eb ul\u00ebt t\u00eb shtuar.<\/em><\/li>\n<li><em> Ekonomia informale \u00ebsht\u00eb e p\u00ebrhapur, duke dob\u00ebsuar mbrojtjen sociale dhe konkurrenc\u00ebn e ndershme.<\/em><\/li>\n<li><em> Emigrimi dhe mungesa e fuqis\u00eb pun\u00ebtore t\u00eb kualifikuar p\u00ebrb\u00ebjn\u00eb sfida madhore afatgjata.<\/em><\/li>\n<\/ul>\n","protected":false},"excerpt":{"rendered":"<p>Ky \u00ebsht\u00eb nj\u00eb dokument pune konfidencial (jo zyrtar) q\u00eb i drejtohet K\u00ebshillit t\u00eb BE-s\u00eb, konkretisht Grupit t\u00eb Pun\u00ebs p\u00ebr Zgjerimin dhe Vendet q\u00eb Negociojn\u00eb p\u00ebr An\u00ebtar\u00ebsim. Nj\u00eb rast i paprecedent\u00eb presioni institucional ndaj drejt\u00ebsis\u00eb shqiptare ka ngritur alarmin n\u00eb Bruksel. Arrestimi dhe hetimi i Erion Veliaj, i konfirmuar nga Gjykata e Posa\u00e7me (SPAK) n\u00eb shkurt &hellip;<\/p>\n","protected":false},"author":4,"featured_media":116700,"comment_status":"closed","ping_status":"closed","sticky":false,"template":"","format":"standard","meta":{"footnotes":""},"categories":[37],"tags":[],"class_list":["post-116699","post","type-post","status-publish","format-standard","has-post-thumbnail","","category-politike"],"_links":{"self":[{"href":"https:\/\/rdnews.al\/index.php\/wp-json\/wp\/v2\/posts\/116699","targetHints":{"allow":["GET"]}}],"collection":[{"href":"https:\/\/rdnews.al\/index.php\/wp-json\/wp\/v2\/posts"}],"about":[{"href":"https:\/\/rdnews.al\/index.php\/wp-json\/wp\/v2\/types\/post"}],"author":[{"embeddable":true,"href":"https:\/\/rdnews.al\/index.php\/wp-json\/wp\/v2\/users\/4"}],"replies":[{"embeddable":true,"href":"https:\/\/rdnews.al\/index.php\/wp-json\/wp\/v2\/comments?post=116699"}],"version-history":[{"count":1,"href":"https:\/\/rdnews.al\/index.php\/wp-json\/wp\/v2\/posts\/116699\/revisions"}],"predecessor-version":[{"id":116701,"href":"https:\/\/rdnews.al\/index.php\/wp-json\/wp\/v2\/posts\/116699\/revisions\/116701"}],"wp:featuredmedia":[{"embeddable":true,"href":"https:\/\/rdnews.al\/index.php\/wp-json\/wp\/v2\/media\/116700"}],"wp:attachment":[{"href":"https:\/\/rdnews.al\/index.php\/wp-json\/wp\/v2\/media?parent=116699"}],"wp:term":[{"taxonomy":"category","embeddable":true,"href":"https:\/\/rdnews.al\/index.php\/wp-json\/wp\/v2\/categories?post=116699"},{"taxonomy":"post_tag","embeddable":true,"href":"https:\/\/rdnews.al\/index.php\/wp-json\/wp\/v2\/tags?post=116699"}],"curies":[{"name":"wp","href":"https:\/\/api.w.org\/{rel}","templated":true}]}}