{"id":116708,"date":"2025-06-17T08:33:47","date_gmt":"2025-06-17T08:33:47","guid":{"rendered":"https:\/\/rdnews.al\/?p=116708"},"modified":"2025-06-17T08:33:47","modified_gmt":"2025-06-17T08:33:47","slug":"sot-seanca-ne-gjykaten-e-fierit-salianji-kerkon-lirimin-me-kusht-proces-i-montuar-politik","status":"publish","type":"post","link":"https:\/\/rdnews.al\/index.php\/2025\/06\/17\/sot-seanca-ne-gjykaten-e-fierit-salianji-kerkon-lirimin-me-kusht-proces-i-montuar-politik\/","title":{"rendered":"Sot seanca n\u00eb Gjykat\u00ebn e Fierit\/ Salianji k\u00ebrkon lirimin me kusht: Proces i montuar politik!"},"content":{"rendered":"<p>N\u00eb Gjykat\u00ebn e Fierit do t\u00eb mbahet seanca p\u00ebr ish-deputetin demokrat, Ervin Salianji. Salianji k\u00ebrkon lirimin me kusht\u00a0me argumentin se ka ezauruar 2\/3 e d\u00ebnimit t\u00eb tij. Seanca e sotme do t\u00eb\u00a0zhvillohet n\u00eb or\u00ebn 13:00.<\/p>\n<p>Salianji u shpall fajtor me vendim t\u00eb form\u00ebs s\u00eb prer\u00eb p\u00ebr kall\u00ebzim t\u00eb rrem\u00eb nga gjykata e Apelit p\u00ebr dosjen \u2018Babale\u2019, duke e d\u00ebnuar me 1 vit burg. Salianji e cil\u00ebsoi procesin si t\u00eb montuar dhe e quajti veten nj\u00eb t\u00eb d\u00ebnuar politik.<\/p>\n<p>N\u00eb muajin mars, Gjykata e Lart\u00eb i rr\u00ebzoi rekursin kund\u00ebr d\u00ebnimit me 1 vit burg. Edhe n\u00eb Tetor t\u00eb vitit t\u00eb kaluar, ai k\u00ebrkoi n\u00eb Gjykat\u00ebn e Lart\u00eb pezullimin e d\u00ebnimit me burg, por iu refuzua.<\/p>\n<p><strong>\u00c7far\u00eb \u00ebsht\u00eb dosja Babale?<\/strong><\/p>\n<p><em>Pranver\u00ebn e 2018-\u00ebs, PD botoi 2 audioregjistrime, p\u00ebrmes s\u00eb cilave supozonte se v\u00ebllai i ministrit t\u00eb Brendsh\u00ebm aso kohe, Fatmir Xhafaj, Agroni ishte i p\u00ebrfshir\u00eb n\u00eb trafikimin e l\u00ebnd\u00ebve narkotike. E t\u00ebr\u00eb \u00e7\u00ebshtja u em\u00ebrua \u201cBabalja\u201d, pasi d\u00ebshmitari X i Partis\u00eb Demokratike, i cili ishte i p\u00ebrfshir\u00eb n\u00eb audioregjistrime, thirrej n\u00eb to me pseudonimin \u201cBabale\u201d.<\/em><\/p>\n<p><em>N\u00eb p\u00ebrgjimet e publikuara por edhe n\u00eb t\u00eb tjera q\u00eb Prokuroria dispononte, Alizoti komunikonte me asokohe shefin e Polisis\u00eb s\u00eb Fierit, Albert Nushin (emri i del edhe tek vrasja e Pjerin Xhuvanit) p\u00ebr shp\u00ebrblime\/pako q\u00eb duhet t\u00eb merrte, e gjithashtu flitej edhe p\u00ebr nj\u00eb \u201cshef t\u00eb madh\u201d. Ekspert\u00ebt e huaj vler\u00ebsuan se z\u00ebri n\u00eb p\u00ebrgjime ishte i ngjash\u00ebm me at\u00eb t\u00eb Geron Xhaf\u00ebs. Por ekspertiza nuk mund ta thoshte me siguri p\u00ebr shkak t\u00eb cil\u00ebsis\u00eb s\u00eb audio-regjistrimit.<\/em><\/p>\n","protected":false},"excerpt":{"rendered":"<p>N\u00eb Gjykat\u00ebn e Fierit do t\u00eb mbahet seanca p\u00ebr ish-deputetin demokrat, Ervin Salianji. Salianji k\u00ebrkon lirimin me kusht\u00a0me argumentin se ka ezauruar 2\/3 e d\u00ebnimit t\u00eb tij. Seanca e sotme do t\u00eb\u00a0zhvillohet n\u00eb or\u00ebn 13:00. Salianji u shpall fajtor me vendim t\u00eb form\u00ebs s\u00eb prer\u00eb p\u00ebr kall\u00ebzim t\u00eb rrem\u00eb nga gjykata e Apelit p\u00ebr dosjen &hellip;<\/p>\n","protected":false},"author":4,"featured_media":109291,"comment_status":"closed","ping_status":"closed","sticky":false,"template":"","format":"standard","meta":{"footnotes":""},"categories":[37],"tags":[],"class_list":["post-116708","post","type-post","status-publish","format-standard","has-post-thumbnail","","category-politike"],"_links":{"self":[{"href":"https:\/\/rdnews.al\/index.php\/wp-json\/wp\/v2\/posts\/116708","targetHints":{"allow":["GET"]}}],"collection":[{"href":"https:\/\/rdnews.al\/index.php\/wp-json\/wp\/v2\/posts"}],"about":[{"href":"https:\/\/rdnews.al\/index.php\/wp-json\/wp\/v2\/types\/post"}],"author":[{"embeddable":true,"href":"https:\/\/rdnews.al\/index.php\/wp-json\/wp\/v2\/users\/4"}],"replies":[{"embeddable":true,"href":"https:\/\/rdnews.al\/index.php\/wp-json\/wp\/v2\/comments?post=116708"}],"version-history":[{"count":1,"href":"https:\/\/rdnews.al\/index.php\/wp-json\/wp\/v2\/posts\/116708\/revisions"}],"predecessor-version":[{"id":116709,"href":"https:\/\/rdnews.al\/index.php\/wp-json\/wp\/v2\/posts\/116708\/revisions\/116709"}],"wp:featuredmedia":[{"embeddable":true,"href":"https:\/\/rdnews.al\/index.php\/wp-json\/wp\/v2\/media\/109291"}],"wp:attachment":[{"href":"https:\/\/rdnews.al\/index.php\/wp-json\/wp\/v2\/media?parent=116708"}],"wp:term":[{"taxonomy":"category","embeddable":true,"href":"https:\/\/rdnews.al\/index.php\/wp-json\/wp\/v2\/categories?post=116708"},{"taxonomy":"post_tag","embeddable":true,"href":"https:\/\/rdnews.al\/index.php\/wp-json\/wp\/v2\/tags?post=116708"}],"curies":[{"name":"wp","href":"https:\/\/api.w.org\/{rel}","templated":true}]}}