{"id":116714,"date":"2025-06-17T08:51:30","date_gmt":"2025-06-17T08:51:30","guid":{"rendered":"https:\/\/rdnews.al\/?p=116714"},"modified":"2025-06-17T08:51:30","modified_gmt":"2025-06-17T08:51:30","slug":"trump-kritikon-presidentin-francez-emmanueli-gjithmone-gabon-qendroni-ne-pritje","status":"publish","type":"post","link":"https:\/\/rdnews.al\/index.php\/2025\/06\/17\/trump-kritikon-presidentin-francez-emmanueli-gjithmone-gabon-qendroni-ne-pritje\/","title":{"rendered":"Trump kritikon presidentin francez: Emmanueli gjithmon\u00eb gabon! Q\u00ebndroni n\u00eb pritje!"},"content":{"rendered":"<p>Presidenti i SHBA, Donald Trump kritikoi ashp\u00ebr homologun e tij francez, Emmanuel Macron, n\u00eb nj\u00eb postim n\u00eb rrjetet sociale gjat\u00eb nat\u00ebs, duke th\u00ebn\u00eb se \u201cq\u00ebllimisht apo jo, Emmanuel gjithmon\u00eb gabon\u201d.<\/p>\n<p>Postimi \u201cTruth Social\u201d u publikua nd\u00ebrsa Trump ishte n\u00eb bordin e Air Force One, nd\u00ebrsa aeroplani presidencial po nisej nga Calgary p\u00ebr ta d\u00ebrguar at\u00eb p\u00ebrs\u00ebri n\u00eb Uashington nga samiti i G7 n\u00eb Kananaskis, Kanada.<\/p>\n<div id=\"telegrafi_async_451328381\" data-zone=\"fcb89fa5-2dfe-4834-bd46-8a67bed281c0\" data-sender=\"telegrafi\">\n<div class=\"resize-sensor\" dir=\"ltr\">\n<div class=\"resize-sensor-expand\">\n<div>Trump kishte njoftuar m\u00eb par\u00eb se do t\u00eb largohej nga samiti nj\u00eb dit\u00eb m\u00eb par\u00eb, me sekretarin e shtypit t\u00eb Sht\u00ebpis\u00eb s\u00eb Bardh\u00eb q\u00eb p\u00ebrmendi \u201cat\u00eb q\u00eb po ndodh n\u00eb Lindjen e Mesme\u201d si arsye.<\/div>\n<\/div>\n<\/div>\n<\/div>\n<p>Macron u sugjeroi gazetar\u00ebve n\u00eb G7 se Trump po largohej her\u00ebt p\u00ebr t\u00eb negociuar nj\u00eb arm\u00ebpushim midis Izraelit dhe Iranit, duke th\u00ebn\u00eb: \u201cKa me t\u00eb v\u00ebrtet\u00eb nj\u00eb ofert\u00eb p\u00ebr t\u2019u takuar dhe p\u00ebr t\u00eb shk\u00ebmbyer mendime\u201d.<\/p>\n<p>Presidenti francez shtoi se \u201cSHBA-t\u00eb siguruan se do t\u00eb gjejn\u00eb nj\u00eb arm\u00ebpushim dhe meqen\u00ebse mund t\u00eb b\u00ebjn\u00eb presion mbi Izraelin, gj\u00ebrat mund t\u00eb ndryshojn\u00eb\u201d.<\/p>\n<p>Por Trump i hodhi posht\u00eb komentet e Macron.<\/p>\n<p><iframe loading=\"lazy\" class=\"truthsocial-embed\" src=\"https:\/\/truthsocial.com\/@realDonaldTrump\/114696999897040583\/embed\" width=\"600\" height=\"265\" scrolling=\"no\" allowfullscreen=\"allowfullscreen\" data-mce-fragment=\"1\"><\/iframe><\/p>\n<p>\u201cPresidenti francez, Emmanuel Macron, i cili k\u00ebrkonte publicitet, tha gabimisht se un\u00eb u largova nga Samiti i G7-\u00ebs n\u00eb Kanada p\u00ebr t\u2019u kthyer n\u00eb Uashington p\u00ebr t\u00eb punuar p\u00ebr nj\u00eb \u2018arm\u00ebpushim\u2019 midis Izraelit dhe Iranit. Gabim!\u201d, tha Trump n\u00eb postimin e tij n\u00eb rrjetet sociale.<\/p>\n<p>\u201cAi nuk e ka iden\u00eb pse un\u00eb jam tani duke shkuar n\u00eb Uashington, por sigurisht q\u00eb nuk ka t\u00eb b\u00ebj\u00eb fare me nj\u00eb arm\u00ebpushim. Shum\u00eb m\u00eb shum\u00eb se kaq. Qoft\u00eb me q\u00ebllim apo jo, Emmanuel gjithmon\u00eb gabon. Q\u00ebndroni n\u00eb pritje!\u201d.<\/p>\n<p>Kujtojm\u00eb se pak m\u00eb her\u00ebt, Trump kishte th\u00ebn\u00eb n\u00eb m\u00ebnyr\u00eb ogurzez\u00eb: \u201cT\u00eb gjith\u00eb duhet t\u00eb evakuohen menj\u00ebher\u00eb nga Teherani!\u201d.<\/p>\n<div class=\"code-block code-block-1 code-block-inarticle-desktop\">\n<div id=\"div-gpt-ad-1407836244895-1\" data-google-query-id=\"CMSx3o-J-I0DFbJMpAQd3A0xNg\">\n<div id=\"google_ads_iframe_\/22646657118\/In-article_box_2_1__container__\"><\/div>\n<\/div>\n<\/div>\n","protected":false},"excerpt":{"rendered":"<p>Presidenti i SHBA, Donald Trump kritikoi ashp\u00ebr homologun e tij francez, Emmanuel Macron, n\u00eb nj\u00eb postim n\u00eb rrjetet sociale gjat\u00eb nat\u00ebs, duke th\u00ebn\u00eb se \u201cq\u00ebllimisht apo jo, Emmanuel gjithmon\u00eb gabon\u201d. Postimi \u201cTruth Social\u201d u publikua nd\u00ebrsa Trump ishte n\u00eb bordin e Air Force One, nd\u00ebrsa aeroplani presidencial po nisej nga Calgary p\u00ebr ta d\u00ebrguar at\u00eb &hellip;<\/p>\n","protected":false},"author":4,"featured_media":116715,"comment_status":"closed","ping_status":"closed","sticky":false,"template":"","format":"standard","meta":{"footnotes":""},"categories":[38],"tags":[],"class_list":["post-116714","post","type-post","status-publish","format-standard","has-post-thumbnail","","category-bota"],"_links":{"self":[{"href":"https:\/\/rdnews.al\/index.php\/wp-json\/wp\/v2\/posts\/116714","targetHints":{"allow":["GET"]}}],"collection":[{"href":"https:\/\/rdnews.al\/index.php\/wp-json\/wp\/v2\/posts"}],"about":[{"href":"https:\/\/rdnews.al\/index.php\/wp-json\/wp\/v2\/types\/post"}],"author":[{"embeddable":true,"href":"https:\/\/rdnews.al\/index.php\/wp-json\/wp\/v2\/users\/4"}],"replies":[{"embeddable":true,"href":"https:\/\/rdnews.al\/index.php\/wp-json\/wp\/v2\/comments?post=116714"}],"version-history":[{"count":1,"href":"https:\/\/rdnews.al\/index.php\/wp-json\/wp\/v2\/posts\/116714\/revisions"}],"predecessor-version":[{"id":116716,"href":"https:\/\/rdnews.al\/index.php\/wp-json\/wp\/v2\/posts\/116714\/revisions\/116716"}],"wp:featuredmedia":[{"embeddable":true,"href":"https:\/\/rdnews.al\/index.php\/wp-json\/wp\/v2\/media\/116715"}],"wp:attachment":[{"href":"https:\/\/rdnews.al\/index.php\/wp-json\/wp\/v2\/media?parent=116714"}],"wp:term":[{"taxonomy":"category","embeddable":true,"href":"https:\/\/rdnews.al\/index.php\/wp-json\/wp\/v2\/categories?post=116714"},{"taxonomy":"post_tag","embeddable":true,"href":"https:\/\/rdnews.al\/index.php\/wp-json\/wp\/v2\/tags?post=116714"}],"curies":[{"name":"wp","href":"https:\/\/api.w.org\/{rel}","templated":true}]}}