{"id":116801,"date":"2025-06-18T08:35:41","date_gmt":"2025-06-18T08:35:41","guid":{"rendered":"https:\/\/rdnews.al\/?p=116801"},"modified":"2025-06-18T08:35:41","modified_gmt":"2025-06-18T08:35:41","slug":"padia-ndaj-termet-pecit-dhe-standarti-i-njeqindfishte-i-dumanit-altin","status":"publish","type":"post","link":"https:\/\/rdnews.al\/index.php\/2025\/06\/18\/padia-ndaj-termet-pecit-dhe-standarti-i-njeqindfishte-i-dumanit-altin\/","title":{"rendered":"Padia ndaj T\u00ebrmet Pe\u00e7it dhe standarti i nj\u00ebqindfisht\u00eb i Dumanit Altin!"},"content":{"rendered":"<p><strong>Nga Adriana KALAJA<\/strong><\/p>\n<p>Meqen\u00ebse harron shpejt il popolo albanese sudedash\u00ebs&#8230;.<\/p>\n<p>Kall\u00ebzimin ndaj banditit T\u00ebrmet Pe\u00e7i e kam b\u00ebr\u00eb un\u00eb (fotot posht\u00eb), e p\u00ebr t\u00eb qen\u00eb korrekt, ky kall\u00ebzim u bazua n\u00eb emisionin investigativ Plug, p\u00ebr t\u00eb cilin shpreh konsideratat e mia m\u00eb t\u00eb larta.<\/p>\n<p>Nd\u00ebrkoh\u00eb q\u00eb standarti i nj\u00ebqindfisht\u00eb i Dumanit Altin (se Nuredini mban t\u00eb nj\u00ebjtin standart), \u00ebsht\u00eb se p\u00ebr tre kall\u00ebzime me objekt t\u00eb nj\u00ebjt\u00eb (pak para zgjedhjeve) tre standarte t\u00eb ndryshme:<\/p>\n<ol>\n<li>Ndaj Agron Kapllanajt e d\u00ebrgon p\u00ebr kompetenc\u00eb n\u00eb Prokurorin\u00eb pran\u00eb Gjykat\u00ebs s\u00eb Juridiksionit t\u00eb P\u00ebrgjithsh\u00ebm Fier.<\/li>\n<li>Ndaj Agron Malajt (kall\u00ebzimi i kat\u00ebrt), bashkon me kall\u00ebzimet e tjera n\u00eb SPAK (nuk vepron k\u00ebshtu me incenerator\u00ebt p.sh.m).<\/li>\n<li>Ndaj T\u00ebrmet Pe\u00e7it e rregjistron n\u00eb SPAK.<\/li>\n<\/ol>\n<p>Madje fillon hetimet n\u00eb koh\u00eb rekord.<\/p>\n<p>Shum\u00eb mir\u00eb b\u00ebn, por pse nuk mban t\u00eb nj\u00ebjtin standart?<\/p>\n<p>Apo k\u00ebshtu i ka porosit\u00eb nga Redaktori Kryeminist\u00ebr?<\/p>\n<p><img loading=\"lazy\" decoding=\"async\" class=\"alignnone size-medium wp-image-116802\" src=\"https:\/\/rdnews.al\/wp-content\/uploads\/2025\/06\/11-1-221x300.jpg\" alt=\"\" width=\"221\" height=\"300\" srcset=\"https:\/\/rdnews.al\/wp-content\/uploads\/2025\/06\/11-1-221x300.jpg 221w, https:\/\/rdnews.al\/wp-content\/uploads\/2025\/06\/11-1.jpg 330w\" sizes=\"auto, (max-width: 221px) 100vw, 221px\" \/><\/p>\n<p><img loading=\"lazy\" decoding=\"async\" class=\"alignnone  wp-image-116803\" src=\"https:\/\/rdnews.al\/wp-content\/uploads\/2025\/06\/22-1-188x300.jpg\" alt=\"\" width=\"223\" height=\"356\" srcset=\"https:\/\/rdnews.al\/wp-content\/uploads\/2025\/06\/22-1-188x300.jpg 188w, https:\/\/rdnews.al\/wp-content\/uploads\/2025\/06\/22-1.jpg 280w\" sizes=\"auto, (max-width: 223px) 100vw, 223px\" \/><\/p>\n","protected":false},"excerpt":{"rendered":"<p>Nga Adriana KALAJA Meqen\u00ebse harron shpejt il popolo albanese sudedash\u00ebs&#8230;. Kall\u00ebzimin ndaj banditit T\u00ebrmet Pe\u00e7i e kam b\u00ebr\u00eb un\u00eb (fotot posht\u00eb), e p\u00ebr t\u00eb qen\u00eb korrekt, ky kall\u00ebzim u bazua n\u00eb emisionin investigativ Plug, p\u00ebr t\u00eb cilin shpreh konsideratat e mia m\u00eb t\u00eb larta. Nd\u00ebrkoh\u00eb q\u00eb standarti i nj\u00ebqindfisht\u00eb i Dumanit Altin (se Nuredini mban &hellip;<\/p>\n","protected":false},"author":4,"featured_media":99941,"comment_status":"closed","ping_status":"closed","sticky":false,"template":"","format":"standard","meta":{"footnotes":""},"categories":[37],"tags":[],"class_list":["post-116801","post","type-post","status-publish","format-standard","has-post-thumbnail","","category-politike"],"_links":{"self":[{"href":"https:\/\/rdnews.al\/index.php\/wp-json\/wp\/v2\/posts\/116801","targetHints":{"allow":["GET"]}}],"collection":[{"href":"https:\/\/rdnews.al\/index.php\/wp-json\/wp\/v2\/posts"}],"about":[{"href":"https:\/\/rdnews.al\/index.php\/wp-json\/wp\/v2\/types\/post"}],"author":[{"embeddable":true,"href":"https:\/\/rdnews.al\/index.php\/wp-json\/wp\/v2\/users\/4"}],"replies":[{"embeddable":true,"href":"https:\/\/rdnews.al\/index.php\/wp-json\/wp\/v2\/comments?post=116801"}],"version-history":[{"count":1,"href":"https:\/\/rdnews.al\/index.php\/wp-json\/wp\/v2\/posts\/116801\/revisions"}],"predecessor-version":[{"id":116804,"href":"https:\/\/rdnews.al\/index.php\/wp-json\/wp\/v2\/posts\/116801\/revisions\/116804"}],"wp:featuredmedia":[{"embeddable":true,"href":"https:\/\/rdnews.al\/index.php\/wp-json\/wp\/v2\/media\/99941"}],"wp:attachment":[{"href":"https:\/\/rdnews.al\/index.php\/wp-json\/wp\/v2\/media?parent=116801"}],"wp:term":[{"taxonomy":"category","embeddable":true,"href":"https:\/\/rdnews.al\/index.php\/wp-json\/wp\/v2\/categories?post=116801"},{"taxonomy":"post_tag","embeddable":true,"href":"https:\/\/rdnews.al\/index.php\/wp-json\/wp\/v2\/tags?post=116801"}],"curies":[{"name":"wp","href":"https:\/\/api.w.org\/{rel}","templated":true}]}}