{"id":116823,"date":"2025-06-18T17:23:20","date_gmt":"2025-06-18T17:23:20","guid":{"rendered":"https:\/\/rdnews.al\/?p=116823"},"modified":"2025-06-18T17:34:44","modified_gmt":"2025-06-18T17:34:44","slug":"farsa-e-11-majit-tabaku-u-shkelen-kriteret-e-kopenhagenit-u-perdor-shteti-ne-zgjedhje","status":"publish","type":"post","link":"https:\/\/rdnews.al\/index.php\/2025\/06\/18\/farsa-e-11-majit-tabaku-u-shkelen-kriteret-e-kopenhagenit-u-perdor-shteti-ne-zgjedhje\/","title":{"rendered":"Farsa zgjedhore\/ Tabaku: U shkel\u00ebn kriteret e Kopenhagenit, u p\u00ebrdor shteti n\u00eb zgjedhje!"},"content":{"rendered":"<p>Deputetja e Partis\u00eb Demokratike, Jorida Tabaku duke folur n\u00eb Komitetin Parlamentar t\u00eb Stabilizim Asociimit BE-Shqip\u00ebri n\u00eb Strasburg\u00a0\u00ebsht\u00eb shprehur se, n\u00eb 11 maj n\u00eb Shqip\u00ebri nuk kishte zgjedhje, sepse u shkel\u00ebn kriteret e Kopenhagenit.<\/p>\n<p>\u2018Raporti flet p\u00ebr shkelje t\u00eb kritereve t\u00eb Kopenhagenit. Flet p\u00ebr p\u00ebrdorim t\u00eb burimeve publike. Flet p\u00ebr ndikimin e administrat\u00ebs publike dhe p\u00ebrfshirjen e saj n\u00eb procesin zgjedhor. Flet p\u00ebr p\u00ebrdorimin e fondeve publike p\u00ebr zgjedhje, por edhe p\u00ebr ndikimin e grupeve kriminale n\u00eb disa qytete\u2019, tha nd\u00ebr t\u00eb tjera, deputetja Tabaku.<\/p>\n<p>Gjat\u00eb fjal\u00ebs s\u00eb saj, deputetja e PD-s\u00eb ka akuzuar mazhoranc\u00ebn se, n\u00eb 12 vite parlamenti nuk mundi t\u00eb b\u00ebj\u00eb nj\u00eb reform\u00eb zgjedhore, duke d\u00ebshtuar n\u00eb pun\u00ebn e tij.<\/p>\n<p><strong>Fjala e plot\u00eb e Jorida Tabakut<\/strong><\/p>\n<p>S\u00eb pari, ju fal\u00ebnderoj shum\u00eb p\u00ebr mund\u00ebsin\u00eb p\u00ebr t\u00eb shk\u00ebmbyer mendime, edhe pse nuk \u00ebsht\u00eb normale t\u00eb kemi nj\u00eb seanc\u00eb t\u00eb till\u00eb pas zgjedhjeve me parlamentin n\u00eb largim, nd\u00ebrkoh\u00eb q\u00eb parlamenti i ri fillon n\u00eb shtator. Kisha disa \u00e7\u00ebshtje dhe pyetje lidhur me at\u00eb q\u00eb ngrit\u00ebn si Komisioni ashtu edhe sh\u00ebrbimet e jashtme. Pas zgjedhjeve, sigurisht q\u00eb gj\u00ebja m\u00eb e r\u00ebnd\u00ebsishme p\u00ebr ne, si parti politike por edhe si parlament, jan\u00eb \u00e7\u00ebshtjet q\u00eb lidhen me zgjedhjet.<\/p>\n<p>E kam ndjekur me shum\u00eb interes raportin n\u00eb Parlamentin Evropian, s\u00eb bashku me disa koleg\u00eb t\u00eb tjer\u00eb, dhe dua t\u00eb fal\u00ebnderoj z. Schieder, por edhe z. Andriukovachev p\u00ebr at\u00eb raport dhe p\u00ebr pun\u00ebn e t\u00eb gjitha grupeve politike, n\u00eb ve\u00e7anti p\u00ebr zgjedhjet. Dhe kjo lidhet gjithashtu me nj\u00eb pyetje p\u00ebr Komisionin dhe sh\u00ebrbimet e jashtme. \u00c7\u00ebshtjet q\u00eb jan\u00eb ngritur n\u00eb raportin e OSBE\/ODIHR jan\u00eb ndryshe nga \u00e7do her\u00eb tjet\u00ebr.<\/p>\n<p>Raporti flet p\u00ebr shkelje t\u00eb kritereve t\u00eb Kopenhagenit. Flet p\u00ebr p\u00ebrdorim t\u00eb burimeve publike. Flet p\u00ebr ndikimin e administrat\u00ebs publike dhe p\u00ebrfshirjen e saj n\u00eb procesin zgjedhor. Flet p\u00ebr p\u00ebrdorimin e fondeve publike p\u00ebr zgjedhje, por edhe p\u00ebr ndikimin e grupeve kriminale n\u00eb disa qytete. K\u00ebto ishin zgjedhjet e para me negociatat e hapura, dhe un\u00eb besoj se kjo ishte nj\u00eb mund\u00ebsi e humbur p\u00ebr Shqip\u00ebrin\u00eb. Jo vet\u00ebm q\u00eb kriteret e Kopenhagenit u shkel\u00ebn, por edhe udh\u00ebzimet e K\u00ebshillit t\u00eb Evrop\u00ebs, Konventa Evropiane p\u00ebr t\u00eb Drejtat e Njeriut, korniza p\u00ebr minoritetet komb\u00ebtare, udh\u00ebzimet e ODIHR p\u00ebr legjislacionin demokratik, si dhe disa konventa t\u00eb tjera ku Shqip\u00ebria \u00ebsht\u00eb pal\u00eb.<\/p>\n<p>M\u00eb vjen keq t\u00eb them se n\u00eb 12 vitet e fundit, Parlamenti Shqiptar nuk ka qen\u00eb n\u00eb gjendje t\u00eb realizoj\u00eb nj\u00eb reform\u00eb zgjedhore t\u00eb plot\u00eb q\u00eb t\u00eb adresoj\u00eb t\u00eb gjitha k\u00ebto \u00e7\u00ebshtje. Por p\u00ebrve\u00e7 k\u00ebsaj, shum\u00eb prej k\u00ebtyre \u00e7\u00ebshtjeve lidhen me vullnetin politik. Si duhet t\u00eb veprojm\u00eb dhe si ta nisim seanc\u00ebn e re n\u00eb shtator, duke pasur parasysh q\u00eb zgjedhjet dhe t\u00eb drejtat themelore jan\u00eb pjes\u00eb e klasterit t\u00eb par\u00eb, t\u00eb themeleve, i cili u hap i pari, por si\u00e7 u njoh nga t\u00eb gjith\u00eb k\u00ebtu, duhet t\u00eb mbyllet q\u00eb integrimi dhe negociatat t\u00eb ecin p\u00ebrpara?<\/p>\n<p>S\u00eb dyti, kemi diskutuar gjithashtu gjat\u00eb vizit\u00ebs disa jav\u00eb m\u00eb par\u00eb n\u00eb Parlamentin Evropian se Shqip\u00ebria ka nj\u00eb avantazh q\u00eb asnj\u00eb vend tjet\u00ebr n\u00eb rajon nuk e ka. Opozita ka mb\u00ebshtetur procesin e integrimit evropian. Opozita e ka mb\u00ebshtetur k\u00ebt\u00eb proces jo vet\u00ebm me fjal\u00eb, por me veprime konkrete politike. Por ne duam q\u00eb ky proces t\u00eb p\u00ebrdoret realisht p\u00ebr t\u00eb ndryshuar dhe transformuar vendin.<\/p>\n<p>Askush nuk ka nevoj\u00eb p\u00ebr nj\u00eb proces integrimi ku gj\u00ebrat ndodhin vet\u00ebm n\u00eb let\u00ebr, nd\u00ebrkoh\u00eb q\u00eb standardet dhe normat demokratike nuk ndryshojn\u00eb n\u00eb praktik\u00eb n\u00eb vend. K\u00ebshtu q\u00eb thirrja ime p\u00ebr t\u00eb gjith\u00eb pjes\u00ebmarr\u00ebsit k\u00ebtu \u00ebsht\u00eb: ta p\u00ebrdorim k\u00ebt\u00eb proces, s\u00eb pari p\u00ebr t\u00eb ndryshuar zgjedhjet, p\u00ebr t\u00eb folur p\u00ebr problemet q\u00eb pat\u00ebn zgjedhjet \u2013 dhe u g\u00ebzova shum\u00eb q\u00eb Kryetari i Komisionit t\u00eb Pun\u00ebve t\u00eb Jashtme njoftoi se n\u00eb fillim t\u00eb vitit t\u00eb ardhsh\u00ebm do t\u00eb zhvillohet nj\u00eb mision fakt-mbledh\u00ebs. Dhe s\u00eb dyti, t\u00eb shohim se si ky proces integrimi dhe an\u00ebtar\u00ebsimi n\u00eb BE do t\u00eb p\u00ebrdoret p\u00ebr t\u00eb p\u00ebrmir\u00ebsuar zgjedhjet dhe p\u00ebr t\u00eb vazhduar diskutimin rreth tyre.<\/p>\n<p>K\u00ebto ishin komentet e mia fillestare p\u00ebr k\u00ebt\u00eb pjes\u00eb t\u00eb par\u00eb t\u00eb takimit.<\/p>\n<p>Faleminderit!<\/p>\n","protected":false},"excerpt":{"rendered":"<p>Deputetja e Partis\u00eb Demokratike, Jorida Tabaku duke folur n\u00eb Komitetin Parlamentar t\u00eb Stabilizim Asociimit BE-Shqip\u00ebri n\u00eb Strasburg\u00a0\u00ebsht\u00eb shprehur se, n\u00eb 11 maj n\u00eb Shqip\u00ebri nuk kishte zgjedhje, sepse u shkel\u00ebn kriteret e Kopenhagenit. \u2018Raporti flet p\u00ebr shkelje t\u00eb kritereve t\u00eb Kopenhagenit. Flet p\u00ebr p\u00ebrdorim t\u00eb burimeve publike. Flet p\u00ebr ndikimin e administrat\u00ebs publike dhe p\u00ebrfshirjen &hellip;<\/p>\n","protected":false},"author":4,"featured_media":116824,"comment_status":"closed","ping_status":"closed","sticky":false,"template":"","format":"standard","meta":{"footnotes":""},"categories":[37],"tags":[],"class_list":["post-116823","post","type-post","status-publish","format-standard","has-post-thumbnail","","category-politike"],"_links":{"self":[{"href":"https:\/\/rdnews.al\/index.php\/wp-json\/wp\/v2\/posts\/116823","targetHints":{"allow":["GET"]}}],"collection":[{"href":"https:\/\/rdnews.al\/index.php\/wp-json\/wp\/v2\/posts"}],"about":[{"href":"https:\/\/rdnews.al\/index.php\/wp-json\/wp\/v2\/types\/post"}],"author":[{"embeddable":true,"href":"https:\/\/rdnews.al\/index.php\/wp-json\/wp\/v2\/users\/4"}],"replies":[{"embeddable":true,"href":"https:\/\/rdnews.al\/index.php\/wp-json\/wp\/v2\/comments?post=116823"}],"version-history":[{"count":2,"href":"https:\/\/rdnews.al\/index.php\/wp-json\/wp\/v2\/posts\/116823\/revisions"}],"predecessor-version":[{"id":116833,"href":"https:\/\/rdnews.al\/index.php\/wp-json\/wp\/v2\/posts\/116823\/revisions\/116833"}],"wp:featuredmedia":[{"embeddable":true,"href":"https:\/\/rdnews.al\/index.php\/wp-json\/wp\/v2\/media\/116824"}],"wp:attachment":[{"href":"https:\/\/rdnews.al\/index.php\/wp-json\/wp\/v2\/media?parent=116823"}],"wp:term":[{"taxonomy":"category","embeddable":true,"href":"https:\/\/rdnews.al\/index.php\/wp-json\/wp\/v2\/categories?post=116823"},{"taxonomy":"post_tag","embeddable":true,"href":"https:\/\/rdnews.al\/index.php\/wp-json\/wp\/v2\/tags?post=116823"}],"curies":[{"name":"wp","href":"https:\/\/api.w.org\/{rel}","templated":true}]}}