{"id":116826,"date":"2025-06-18T17:25:44","date_gmt":"2025-06-18T17:25:44","guid":{"rendered":"https:\/\/rdnews.al\/?p=116826"},"modified":"2025-06-18T17:35:22","modified_gmt":"2025-06-18T17:35:22","slug":"bylykbashi-odihr-konfirmon-abuzimin-e-qeverise-me-pushtetin-nuk-ka-kapituj-pa-zgjedhje-te-ndershme-dhe-drejtesi","status":"publish","type":"post","link":"https:\/\/rdnews.al\/index.php\/2025\/06\/18\/bylykbashi-odihr-konfirmon-abuzimin-e-qeverise-me-pushtetin-nuk-ka-kapituj-pa-zgjedhje-te-ndershme-dhe-drejtesi\/","title":{"rendered":"Bylykbashi: ODIHR konfirmon abuzimin e qeveris\u00eb me pushtetin! Nuk ka kapituj pa zgjedhje t\u00eb ndershme dhe drejt\u00ebsi"},"content":{"rendered":"<p>N\u00eb takimin e radh\u00ebs t\u00eb Komitetit Parlamentar t\u00eb Stabilizimit dhe Asociimit Bashkimi Evropian-Shqip\u00ebri n\u00eb Strasburg, n\u00ebnkryetari dhe deputeti i PD, Oerd Bylykbashi deklaroi se n\u00eb zgjedhjet parlamentare t\u00eb 11 majit kishte nj\u00eb fush\u00eb t\u00eb pabarabart\u00eb loje mes mazhoranc\u00ebs dhe opozit\u00ebs.<\/p>\n<p><strong>Fjala e plote e n\u00ebnkryetarit t<\/strong><strong>\u00eb PD, Oerd Bylykbashi<\/strong><\/p>\n<p>T\u00eb nderuar koleg\u00eb, t\u00eb nderuar pjes\u00ebmarr\u00ebs n\u00eb k\u00ebt\u00eb takim t\u00eb r\u00ebnd\u00ebsish\u00ebm.<\/p>\n<p>Po, sapo kemi dal\u00eb nga nj\u00eb proces zgjedhor i cili do t\u00eb mbahet mend si nj\u00eb nga ato q\u00eb e ka kthyer Shqip\u00ebrin\u00eb pas m\u00eb shum\u00eb se 20 vjet n\u00eb standardet zgjedhore. \u00cbsht\u00eb hera e par\u00eb q\u00eb raporti i auditit hapet n\u00eb fjali t\u00eb par\u00eb me konstatimin se nuk ka pasur nj\u00eb fush\u00eb loje t\u00eb barabart\u00eb. Dhe kjo thot\u00eb shum\u00eb, sepse p\u00ebrmbledh nj\u00eb s\u00ebr\u00eb angazhimesh t\u00eb tjera q\u00eb vijn\u00eb nga standardet e OECD-s\u00eb apo t\u00eb K\u00ebshillit t\u00eb Europ\u00ebs.<\/p>\n<p>N\u00eb paragrafin e par\u00eb t\u00eb deklarat\u00ebs paraprake, jo ende n\u00eb raportin p\u00ebrfundimtar, ODIHR thekson se qeveria ka p\u00ebrfituar nga pozita e saj si mazhoranc\u00eb gjat\u00eb gar\u00ebs zgjedhore. Pra, n\u00eb teori ka pasur gar\u00eb, por garuesit nuk jan\u00eb lejuar t\u00eb garojn\u00eb n\u00eb t\u00eb nj\u00ebjtat kushte, n\u00eb t\u00eb nj\u00ebjtat pista dhe me t\u00eb nj\u00ebjt\u00ebn liri. Mendoj se t\u00eb gjith\u00eb do t\u00eb duhet t\u00eb presim edhe pak p\u00ebr t\u00eb kuptuar m\u00eb shum\u00eb. Ne si opozit\u00eb, k\u00ebt\u00eb e dim\u00eb. Po e provojm\u00eb \u00e7do dit\u00eb. Po sjellim prova t\u00eb reja q\u00eb shkojn\u00eb edhe m\u00eb tej se sa \u00e7far\u00eb ka raportuar ODIHR deri m\u00eb tani.<\/p>\n<p>ODIHR nuk po thot\u00eb q\u00eb ka pretendime p\u00ebr munges\u00eb barazie n\u00eb gar\u00eb. Po jep p\u00ebrfundime. Nuk po thot\u00eb q\u00eb ka pretendime p\u00ebr p\u00ebrfitim nga pushteti. Po jep p\u00ebrfundime. K\u00ebshtu q\u00eb, p\u00ebr raportin p\u00ebrfundimtar, duhet t\u00eb presim p\u00ebr t\u00eb par\u00eb se \u00e7far\u00eb tjet\u00ebr do t\u00eb dal\u00eb n\u00eb drit\u00eb.<\/p>\n<p>Tani \u00ebsht\u00eb n\u00eb proces nj\u00eb ankimim i plot\u00eb me prova t\u00eb forta p\u00ebr shkelje serioze t\u00eb standardeve themelore t\u00eb zgjedhjeve. P\u00ebrfshir\u00eb shkeljen e fsheht\u00ebsis\u00eb s\u00eb vot\u00ebs, manipulimin e kutive t\u00eb votimit, manipulimin e flet\u00ebve t\u00eb votimit, mbushjen e kutive, votimin familjar dhe shum\u00eb shkelje t\u00eb tjera q\u00eb tregojn\u00eb qart\u00eb se jan\u00eb shkelur angazhimet baz\u00eb.<\/p>\n<p>Votimi i diaspor\u00ebs ishte nj\u00eb zhvillim pozitiv n\u00eb dukje, por u shoq\u00ebrua me mashtrime masive, sidomos n\u00eb d\u00ebrgimin dhe marrjen e flet\u00ebve t\u00eb votimit. Shum\u00eb votues, p\u00ebr fat t\u00eb keq, nuk e mor\u00ebn kurr\u00eb flet\u00ebn e votimit, ose nuk e mor\u00ebn vesh se kush kishte votuar n\u00eb em\u00ebr t\u00eb tyre.<\/p>\n<p>Tani dua t\u00eb ndalem n\u00eb di\u00e7ka t\u00eb r\u00ebnd\u00ebsishme. Reforma e fundit zgjedhore q\u00eb kemi b\u00ebr\u00eb me konsensus ka qen\u00eb n\u00eb vitin 2012, kur Partia Demokratike ishte n\u00eb qeveri. Q\u00eb nga ajo koh\u00eb nuk ka pasur m\u00eb reforma me konsensus. Ka pasur tentativa, por jan\u00eb shkelur m\u00eb pas, k\u00ebshtu q\u00eb nuk ka pasur konsensus real.<\/p>\n<p>Kjo flet shum\u00eb p\u00ebr frym\u00ebn me t\u00eb cil\u00ebn kjo qeveri po i trajton \u00e7\u00ebshtje kaq t\u00eb r\u00ebnd\u00ebsishme. Reformat e r\u00ebnd\u00ebsishme duhen b\u00ebr\u00eb me konsensus, sepse q\u00ebllimi yn\u00eb \u00ebsht\u00eb i p\u00ebrbashk\u00ebt: t\u00eb kemi nj\u00eb vend q\u00eb \u00ebsht\u00eb i denj\u00eb p\u00ebr Bashkimin Europian, por m\u00eb e r\u00ebnd\u00ebsishme, i denj\u00eb p\u00ebr qytetar\u00ebt e vet n\u00eb aspektin e demokracis\u00eb.<\/p>\n<p>Kemi dhjet\u00ebra rekomandime nd\u00ebr vite q\u00eb nuk jan\u00eb zbatuar, madje as nuk jan\u00eb trajtuar. Dhe nga ana tjet\u00ebr flitet p\u00ebr sa \u00ebsht\u00eb \u201ckampione\u201d Shqip\u00ebria n\u00eb letra.<\/p>\n<p>K\u00ebshtu q\u00eb, p\u00ebr mua, pyetja \u00ebsht\u00eb: \u00c7far\u00eb mekanizmi do t\u00eb arrijm\u00eb t\u00eb vendosim s\u00eb bashku p\u00ebr t\u00eb siguruar q\u00eb procesi i integrimit europian \u2013 p\u00ebrfshir\u00eb hapjen e kapitujve, t\u00eb jet\u00eb i nd\u00ebrlidhur me zhvillimet reale n\u00eb vend, p\u00ebrfshir\u00eb demokracin\u00eb, zgjedhjet, t\u00eb drejtat e njeriut? Q\u00eb progresi n\u00eb letra t\u00eb reflektoj\u00eb edhe zhvillimin real t\u00eb vendit, jo t\u00eb jen\u00eb dy gj\u00ebra t\u00eb ndara.<\/p>\n<p>A do t\u00eb arrijm\u00eb t\u2019i bashkojm\u00eb k\u00ebto gj\u00ebra apo do t\u00eb vazhdojm\u00eb n\u00eb dy rrug\u00eb t\u00eb ndara, nj\u00eb realitet n\u00eb vend dhe nj\u00eb tjet\u00ebr n\u00eb let\u00ebr?<\/p>\n","protected":false},"excerpt":{"rendered":"<p>N\u00eb takimin e radh\u00ebs t\u00eb Komitetit Parlamentar t\u00eb Stabilizimit dhe Asociimit Bashkimi Evropian-Shqip\u00ebri n\u00eb Strasburg, n\u00ebnkryetari dhe deputeti i PD, Oerd Bylykbashi deklaroi se n\u00eb zgjedhjet parlamentare t\u00eb 11 majit kishte nj\u00eb fush\u00eb t\u00eb pabarabart\u00eb loje mes mazhoranc\u00ebs dhe opozit\u00ebs. Fjala e plote e n\u00ebnkryetarit t\u00eb PD, Oerd Bylykbashi T\u00eb nderuar koleg\u00eb, t\u00eb nderuar pjes\u00ebmarr\u00ebs &hellip;<\/p>\n","protected":false},"author":4,"featured_media":116827,"comment_status":"closed","ping_status":"closed","sticky":false,"template":"","format":"standard","meta":{"footnotes":""},"categories":[37],"tags":[],"class_list":["post-116826","post","type-post","status-publish","format-standard","has-post-thumbnail","","category-politike"],"_links":{"self":[{"href":"https:\/\/rdnews.al\/index.php\/wp-json\/wp\/v2\/posts\/116826","targetHints":{"allow":["GET"]}}],"collection":[{"href":"https:\/\/rdnews.al\/index.php\/wp-json\/wp\/v2\/posts"}],"about":[{"href":"https:\/\/rdnews.al\/index.php\/wp-json\/wp\/v2\/types\/post"}],"author":[{"embeddable":true,"href":"https:\/\/rdnews.al\/index.php\/wp-json\/wp\/v2\/users\/4"}],"replies":[{"embeddable":true,"href":"https:\/\/rdnews.al\/index.php\/wp-json\/wp\/v2\/comments?post=116826"}],"version-history":[{"count":2,"href":"https:\/\/rdnews.al\/index.php\/wp-json\/wp\/v2\/posts\/116826\/revisions"}],"predecessor-version":[{"id":116834,"href":"https:\/\/rdnews.al\/index.php\/wp-json\/wp\/v2\/posts\/116826\/revisions\/116834"}],"wp:featuredmedia":[{"embeddable":true,"href":"https:\/\/rdnews.al\/index.php\/wp-json\/wp\/v2\/media\/116827"}],"wp:attachment":[{"href":"https:\/\/rdnews.al\/index.php\/wp-json\/wp\/v2\/media?parent=116826"}],"wp:term":[{"taxonomy":"category","embeddable":true,"href":"https:\/\/rdnews.al\/index.php\/wp-json\/wp\/v2\/categories?post=116826"},{"taxonomy":"post_tag","embeddable":true,"href":"https:\/\/rdnews.al\/index.php\/wp-json\/wp\/v2\/tags?post=116826"}],"curies":[{"name":"wp","href":"https:\/\/api.w.org\/{rel}","templated":true}]}}