{"id":116869,"date":"2025-06-18T19:59:38","date_gmt":"2025-06-18T19:59:38","guid":{"rendered":"https:\/\/rdnews.al\/?p=116869"},"modified":"2025-06-18T19:59:38","modified_gmt":"2025-06-18T19:59:38","slug":"gazeta-italiane-ferri-ne-kampin-e-gjadrit-45-tentativa-plagosjesh-dhe-protesta-te-dhunshme","status":"publish","type":"post","link":"https:\/\/rdnews.al\/index.php\/2025\/06\/18\/gazeta-italiane-ferri-ne-kampin-e-gjadrit-45-tentativa-plagosjesh-dhe-protesta-te-dhunshme\/","title":{"rendered":"Gazeta italiane: Ferri n\u00eb kampin e Gjadrit, 45 tentativa plagosjesh dhe protesta t\u00eb dhunshme"},"content":{"rendered":"<p>Nj\u00eb artikull i publikuar nga gazeta italiane\u00a0<strong><a href=\"https:\/\/www.editorialedomani.it\/fatti\/cpr-albania-gjader-migranti-governo-spreco-milioni-euro-ffeqg2i9\" target=\"_blank\" rel=\"noopener\">\u201cDomani\u201d<\/a><\/strong>\u00a0ka hedhur drit\u00eb mbi nj\u00eb realitet alarmues n\u00eb qendr\u00ebn e riatdhesimit n\u00eb Gjad\u00ebr, Shqip\u00ebri \u2013 nj\u00eb struktur\u00eb e nd\u00ebrtuar nga marr\u00ebveshja italiane p\u00ebr t\u00eb strehuar emigrant\u00ebt e refuzuar.<\/p>\n<p>Sipas raportimit, q\u00eb nga fillimi i funksionimit t\u00eb saj jan\u00eb regjistruar t\u00eb pakt\u00ebn 45 episode vet\u00ebl\u00ebndimesh, protestash dhe tentativash p\u00ebr vet\u00ebvrasje. Nj\u00eb shif\u00ebr trondit\u00ebse q\u00eb hedh hije t\u00eb r\u00ebnda mbi humanizmin e k\u00ebsaj politike migratore.<\/p>\n<p>Emigrant\u00ebt e ndaluar n\u00eb k\u00ebt\u00eb qend\u00ebr, q\u00eb sipas vler\u00ebsimeve jozyrtare jan\u00eb rreth 80 persona n\u00eb muaj, jetojn\u00eb n\u00eb kushte t\u00eb tilla izolimi q\u00eb kan\u00eb humbur ndjesin\u00eb e koh\u00ebs \u2013 pyetja e tyre e par\u00eb ndaj vizitor\u00ebve \u00ebsht\u00eb gjithmon\u00eb \u201c\u00c7far\u00eb dite \u00ebsht\u00eb?\u201d dhe \u201c\u00c7far\u00eb ore \u00ebsht\u00eb?\u201d. N\u00eb munges\u00eb t\u00eb \u00e7do kontakti me bot\u00ebn e jashtme \u2013 pa celular\u00eb, pa or\u00eb, me televizor\u00eb q\u00eb nuk funksionojn\u00eb \u2013 t\u00eb ndaluarit p\u00ebrjetojn\u00eb nj\u00eb shk\u00ebputje t\u00eb thell\u00eb nga realiteti. P\u00ebr m\u00eb tep\u00ebr, p\u00ebrdorimi i barnave psikotrope \u00ebsht\u00eb kthyer n\u00eb mjet p\u00ebr t\u00eb qet\u00ebsuar apo p\u00ebrgjumur gjendjen e tyre emocionale, duke shuar \u00e7do ndjesi kontrolli mbi jet\u00ebn personale.<\/p>\n<p>Ajo q\u00eb Domani p\u00ebrshkruan \u00ebsht\u00eb nj\u00eb struktur\u00eb sterile, e past\u00ebr, por e ftoht\u00eb dhe \u00e7njer\u00ebzore \u2013 nj\u00eb burg modern ku vuajtja nuk b\u00ebrtet me z\u00eb, por tretet n\u00eb heshtje. Kjo qend\u00ebr, ndryshe nga burgjet italiane t\u00eb cilat p\u00ebrballen me st\u00ebrngarkes\u00eb dhe protesta t\u00eb hapura, ofron nj\u00eb realitet t\u00eb heshtur dhe t\u00eb kontrolluar, ku mungesa e liris\u00eb nuk \u00ebsht\u00eb vet\u00ebm fizike, por edhe mendore.<\/p>\n<p>Sipas prestigjozes italjane, m\u00eb e r\u00ebnda mbetet mungesa totale e transparenc\u00ebs. T\u00eb dh\u00ebnat zyrtare nuk ekzistojn\u00eb, as p\u00ebr publikun dhe as p\u00ebr parlamentar\u00ebt italian\u00eb q\u00eb k\u00ebrkojn\u00eb t\u2019i vizitojn\u00eb k\u00ebto struktura. Deputet\u00ebt dhe eurodeputet\u00ebt q\u00eb kan\u00eb tentuar t\u00eb ushtrojn\u00eb t\u00eb drejt\u00ebn e tyre p\u00ebr kontroll jan\u00eb p\u00ebrballur me pritje t\u00eb gjata, vonesa t\u00eb q\u00ebllimshme dhe pengesa t\u00eb qarta.<\/p>\n<p>Qendra n\u00eb Gjad\u00ebr ndodhet rreth nj\u00eb or\u00eb larg nga Tirana, n\u00eb nj\u00eb zon\u00eb t\u00eb izoluar mes malesh dhe lumit Drin,\u00a0nj\u00eb vend i menduar enkas p\u00ebr t\u00eb q\u00ebndruar jasht\u00eb syve t\u00eb medias dhe opinionit publik. Sot, kjo struktur\u00eb po simbolizon gjithnj\u00eb e m\u00eb shum\u00eb jo zgjidhjen e kriz\u00ebs migratore, por d\u00ebshtimin moral t\u00eb saj.<\/p>\n<p>Ky raportim trondit\u00ebs ngre alarmin jo vet\u00ebm p\u00ebr Shqip\u00ebrin\u00eb si vend mikprit\u00ebs i k\u00ebsaj qendre, por mbi t\u00eb gjitha p\u00ebr Italin\u00eb dhe Bashkimin Evropian, q\u00eb p\u00ebrmes marr\u00ebveshjeve t\u00eb tilla po e zhvendosin barr\u00ebn e humanizmit n\u00eb periferi, nd\u00ebrsa n\u00eb thelb po krijojn\u00eb hap\u00ebsira ku dinjiteti njer\u00ebzor asgj\u00ebsohet n\u00eb heshtje.<\/p>\n<p><strong>Burimi:\u00a0<a href=\"https:\/\/www.editorialedomani.it\/fatti\/cpr-albania-gjader-migranti-governo-spreco-milioni-euro-ffeqg2i9\" target=\"_blank\" rel=\"noopener\">Domani<\/a><\/strong><\/p>\n","protected":false},"excerpt":{"rendered":"<p>Nj\u00eb artikull i publikuar nga gazeta italiane\u00a0\u201cDomani\u201d\u00a0ka hedhur drit\u00eb mbi nj\u00eb realitet alarmues n\u00eb qendr\u00ebn e riatdhesimit n\u00eb Gjad\u00ebr, Shqip\u00ebri \u2013 nj\u00eb struktur\u00eb e nd\u00ebrtuar nga marr\u00ebveshja italiane p\u00ebr t\u00eb strehuar emigrant\u00ebt e refuzuar. Sipas raportimit, q\u00eb nga fillimi i funksionimit t\u00eb saj jan\u00eb regjistruar t\u00eb pakt\u00ebn 45 episode vet\u00ebl\u00ebndimesh, protestash dhe tentativash p\u00ebr vet\u00ebvrasje. &hellip;<\/p>\n","protected":false},"author":4,"featured_media":110409,"comment_status":"closed","ping_status":"closed","sticky":false,"template":"","format":"standard","meta":{"footnotes":""},"categories":[37],"tags":[],"class_list":["post-116869","post","type-post","status-publish","format-standard","has-post-thumbnail","","category-politike"],"_links":{"self":[{"href":"https:\/\/rdnews.al\/index.php\/wp-json\/wp\/v2\/posts\/116869","targetHints":{"allow":["GET"]}}],"collection":[{"href":"https:\/\/rdnews.al\/index.php\/wp-json\/wp\/v2\/posts"}],"about":[{"href":"https:\/\/rdnews.al\/index.php\/wp-json\/wp\/v2\/types\/post"}],"author":[{"embeddable":true,"href":"https:\/\/rdnews.al\/index.php\/wp-json\/wp\/v2\/users\/4"}],"replies":[{"embeddable":true,"href":"https:\/\/rdnews.al\/index.php\/wp-json\/wp\/v2\/comments?post=116869"}],"version-history":[{"count":1,"href":"https:\/\/rdnews.al\/index.php\/wp-json\/wp\/v2\/posts\/116869\/revisions"}],"predecessor-version":[{"id":116870,"href":"https:\/\/rdnews.al\/index.php\/wp-json\/wp\/v2\/posts\/116869\/revisions\/116870"}],"wp:featuredmedia":[{"embeddable":true,"href":"https:\/\/rdnews.al\/index.php\/wp-json\/wp\/v2\/media\/110409"}],"wp:attachment":[{"href":"https:\/\/rdnews.al\/index.php\/wp-json\/wp\/v2\/media?parent=116869"}],"wp:term":[{"taxonomy":"category","embeddable":true,"href":"https:\/\/rdnews.al\/index.php\/wp-json\/wp\/v2\/categories?post=116869"},{"taxonomy":"post_tag","embeddable":true,"href":"https:\/\/rdnews.al\/index.php\/wp-json\/wp\/v2\/tags?post=116869"}],"curies":[{"name":"wp","href":"https:\/\/api.w.org\/{rel}","templated":true}]}}