{"id":117001,"date":"2025-06-19T16:54:40","date_gmt":"2025-06-19T16:54:40","guid":{"rendered":"https:\/\/rdnews.al\/?p=117001"},"modified":"2025-06-19T16:54:40","modified_gmt":"2025-06-19T16:54:40","slug":"eurodeputeti-hetoni-lidhjet-e-ergys-agasit-me-irena-gjoken","status":"publish","type":"post","link":"https:\/\/rdnews.al\/index.php\/2025\/06\/19\/eurodeputeti-hetoni-lidhjet-e-ergys-agasit-me-irena-gjoken\/","title":{"rendered":"Eurodeputeti: Hetoni lidhjet e Ergys Agasit me Irena Gjok\u00ebn"},"content":{"rendered":"<p><strong>Fredi Beleri:\u00a0<\/strong>U mundova sot t\u2019u shpjegoj koleg\u00ebve t\u00eb mi evropian\u00eb sesi \u00ebsht\u00eb situata reale n\u00eb Shqip\u00ebri dhe \u00e7far\u00eb ndodhi n\u00eb zgjedhjet e 11 majit. U tha se n\u00eb \u00e7do qark, krimi i organizuar ka p\u00ebrfaq\u00ebsues t\u00eb tij.<\/p>\n<p>Un\u00eb e di q\u00eb shum\u00eb shikues tani thon\u00eb p\u00ebr mua por dhe p\u00ebr deputet\u00ebt e opozit\u00ebs q\u00eb ishin atje, q\u00eb ne i b\u00ebjm\u00eb keq Shqip\u00ebris\u00eb. Un\u00eb besoj se m\u00eb mir\u00eb t\u00eb jemi t\u00eb dobish\u00ebm dhe t\u00eb v\u00ebrtet\u00eb, sesa ti mbulojm\u00eb k\u00ebto fakte dhe Shqip\u00ebria t\u00eb vej\u00eb drejt gremin\u00ebs dhe t\u00eb mos shkoj\u00eb drejt Evrop\u00ebs.<\/p>\n<p>Pra, kam zgjedhur t\u00eb jem i dobish\u00ebm dhe t\u00eb them t\u00eb v\u00ebrtetat e mia, duke b\u00ebr\u00eb edhe pse shum\u00eb njer\u00ebz tani p\u00ebr tani mendojn\u00eb se ne po i b\u00ebjm\u00eb keq, por nuk \u00ebsht\u00eb e v\u00ebrtet\u00eb. Duhet t\u00eb pastrohet. Populli shqiptar ka jetuar 45 vjet diktatori dhe nuk do nj\u00eb diktatori t\u00eb re. Un\u00eb i ftoj gazetar\u00ebt t\u00eb investigojn\u00eb se cil\u00ebt jan\u00eb lidhjet e zotit Agasi me gjyqtaren Gjoka.<\/p>\n<p>Ishte nj\u00eb nga faktor\u00ebt q\u00eb komandonte gjyq\u00ebsorin, komandonte zgjedhjet, ishte nj\u00eb njeri shum\u00eb af\u00ebr kryeministrit i cili ka ikur n\u00eb drejtim t\u00eb paditur,<\/p>\n<p>Un\u00eb nuk kam \u00e7far\u00eb them m\u00eb shum\u00eb, por ishte ai q\u00eb mbronte zonj\u00ebn Gjoka, ishte njeriu q\u00eb mbante zonj\u00ebn Gjoka n\u00eb sistem.<\/p>\n<p>Nuk funksionon ndarja e pushteteve. Drejt\u00ebsia n\u00eb vendin ton\u00eb, \u00ebsht\u00eb dora e zgjatur e pushtetit. Kjo nuk mund t\u00eb ket\u00eb zgjedhje, kjo vrau zgjedhjet, vrau demokracin\u00eb. Nuk \u00ebsht\u00eb puna se zgjedhjet mund t\u00eb ishin ndryshe. S\u2019ka si t\u00eb ishte ndryshe, zgjedhjet jan\u00eb t\u00eb kapura. Kemi p\u00ebrpara pun\u00eb t\u00eb madhe p\u00ebr t\u00eb sqaruar.<\/p>\n","protected":false},"excerpt":{"rendered":"<p>Fredi Beleri:\u00a0U mundova sot t\u2019u shpjegoj koleg\u00ebve t\u00eb mi evropian\u00eb sesi \u00ebsht\u00eb situata reale n\u00eb Shqip\u00ebri dhe \u00e7far\u00eb ndodhi n\u00eb zgjedhjet e 11 majit. U tha se n\u00eb \u00e7do qark, krimi i organizuar ka p\u00ebrfaq\u00ebsues t\u00eb tij. Un\u00eb e di q\u00eb shum\u00eb shikues tani thon\u00eb p\u00ebr mua por dhe p\u00ebr deputet\u00ebt e opozit\u00ebs q\u00eb ishin &hellip;<\/p>\n","protected":false},"author":4,"featured_media":117002,"comment_status":"closed","ping_status":"closed","sticky":false,"template":"","format":"standard","meta":{"footnotes":""},"categories":[37],"tags":[],"class_list":["post-117001","post","type-post","status-publish","format-standard","has-post-thumbnail","","category-politike"],"_links":{"self":[{"href":"https:\/\/rdnews.al\/index.php\/wp-json\/wp\/v2\/posts\/117001","targetHints":{"allow":["GET"]}}],"collection":[{"href":"https:\/\/rdnews.al\/index.php\/wp-json\/wp\/v2\/posts"}],"about":[{"href":"https:\/\/rdnews.al\/index.php\/wp-json\/wp\/v2\/types\/post"}],"author":[{"embeddable":true,"href":"https:\/\/rdnews.al\/index.php\/wp-json\/wp\/v2\/users\/4"}],"replies":[{"embeddable":true,"href":"https:\/\/rdnews.al\/index.php\/wp-json\/wp\/v2\/comments?post=117001"}],"version-history":[{"count":1,"href":"https:\/\/rdnews.al\/index.php\/wp-json\/wp\/v2\/posts\/117001\/revisions"}],"predecessor-version":[{"id":117003,"href":"https:\/\/rdnews.al\/index.php\/wp-json\/wp\/v2\/posts\/117001\/revisions\/117003"}],"wp:featuredmedia":[{"embeddable":true,"href":"https:\/\/rdnews.al\/index.php\/wp-json\/wp\/v2\/media\/117002"}],"wp:attachment":[{"href":"https:\/\/rdnews.al\/index.php\/wp-json\/wp\/v2\/media?parent=117001"}],"wp:term":[{"taxonomy":"category","embeddable":true,"href":"https:\/\/rdnews.al\/index.php\/wp-json\/wp\/v2\/categories?post=117001"},{"taxonomy":"post_tag","embeddable":true,"href":"https:\/\/rdnews.al\/index.php\/wp-json\/wp\/v2\/tags?post=117001"}],"curies":[{"name":"wp","href":"https:\/\/api.w.org\/{rel}","templated":true}]}}