{"id":117029,"date":"2025-06-20T08:29:31","date_gmt":"2025-06-20T08:29:31","guid":{"rendered":"https:\/\/rdnews.al\/?p=117029"},"modified":"2025-06-20T08:29:31","modified_gmt":"2025-06-20T08:29:31","slug":"cudira-rilindase-pas-akademise-se-barinjve-rama-shpik-edhe-akademine-e-deputeteve-te-ps","status":"publish","type":"post","link":"https:\/\/rdnews.al\/index.php\/2025\/06\/20\/cudira-rilindase-pas-akademise-se-barinjve-rama-shpik-edhe-akademine-e-deputeteve-te-ps\/","title":{"rendered":"\u00c7udira rilindase! Pas Akademis\u00eb s\u00eb Barinjve, Rama shpik edhe Akademin\u00eb e Deputet\u00ebve t\u00eb PS!"},"content":{"rendered":"<p>Nga datat 20 qershor deri m\u00eb 20 korrik n\u00eb selin\u00eb e Partis\u00eb Socialiste do t\u00eb mbahet akademia politike, ku veteran\u00ebt e PS do t\u00eb japin leksione ndaj ligjv\u00ebn\u00ebsve t\u00eb rinj t\u00eb zgjedhur nga kjo forc\u00eb politike n\u00eb fars\u00ebn elektorale t\u00eb 11 majit.<\/p>\n<p>Akademia politike do t\u00eb jet\u00eb e ndar\u00eb me 5 module t\u00eb ndryshme q\u00eb p\u00ebrfaq\u00ebsojn\u00eb l\u00ebnd\u00ebt q\u00eb do t\u00eb m\u00ebsojn\u00eb deputet\u00ebt e rinj.<\/p>\n<p>\u00c7udia deri k\u00ebtu nuk ka arsye q\u00eb t\u00eb jet\u00eb e madhe. Por kur mendon q\u00eb n\u00eb t\u00eb gjith\u00eb vendet e bot\u00ebs kandidat p\u00ebr deputet zgjidhet nj\u00eb person q\u00eb ka nj\u00eb far\u00eb integriteti q\u00eb ka t\u00eb b\u00ebj\u00eb edhe me shkoll\u00ebn, edhe me dijen, edhe me kontributin e tij n\u00eb shoq\u00ebrin\u00eb nga vjen, k\u00ebtu \u00e7udia fillon e beh\u00ebt shpjegim.<\/p>\n<p>I bie q\u00eb grumbulli atyre q\u00eb Rama kishte v\u00ebn\u00eb n\u00eb listat e partis\u00eb s\u00eb tij q\u00eb e menaxhon me dor\u00eb t\u00eb hekurt do t\u00eb jen\u00eb thjesht ushtar\u00eb. Biles gjat\u00eb k\u00ebtyre dit\u00ebve t\u00eb akademis\u00eb s\u00eb \u201cBarinjve\u201d do tu m\u00ebsohet se si rreshtat t\u00eb jen\u00eb m\u00eb solid\u00eb dhe t\u00eb mos ket\u00eb asnj\u00eb m\u00ebdyshje apo mendim kund\u00ebr t\u00eb atyre q\u00eb thot\u00eb dhe b\u00ebn\u00eb lideri global.<\/p>\n<p>Pra t\u00eb b\u00ebhesh deputet p\u00ebr rilindjen nuk do t\u00eb thot\u00eb t\u00eb jesh dikush, ashtu si\u00e7 \u00ebsht\u00eb normalisht n\u00eb vendet ku demokracia ka objektiv njeriun dhe mir\u00ebqenien e tij. P\u00ebr rilindjen kriteri kryesor \u00ebsht\u00eb respektimi i bandave, oligark\u00ebve, klaneve q\u00eb vjedhin vota, klaneve q\u00eb vjedhin edhe vota edhe prona, klaneve miq\u00ebsore q\u00eb nuk \u201ctradhtojn\u00eb\u201d. Dhe m\u00ebnyr\u00ebn e funksionimit t\u00eb gjith\u00eb k\u00ebsaj skeme do ta shpjegojn\u00eb \u201ckurroshet\u201d e vjet\u00ebr t\u00eb Rilindjes.<\/p>\n<p>Sot ishte radha e Fatmir Xhafajt p\u00ebr tu folur, Sar\u00ebs, Zegjines\u00eb, Arkendit etj etj\u2026 p\u00ebr rolin e tyre n\u00eb pun\u00ebn e re q\u00eb ka rrog\u00eb t\u00eb mir\u00eb. Pritet q\u00eb Xhafaj tu shpjegoj\u00eb deputet\u00ebve te rinj t\u00eb PS se si mund t\u00eb b\u00ebhet nj\u00eb reform\u00eb p\u00ebr t\u00eb kontrolluar sistemin e drejt\u00ebsis\u00eb. Pra se si mund t\u00eb b\u00ebhet nj\u00eb reform\u00eb e d\u00ebshtuar dhe ta p\u00ebrdor\u00ebsh politikisht p\u00ebr t\u00eb goditur opozit\u00ebn. Por ai do tu shpjegoj\u00eb te rinj\u00ebve edhe m\u00ebnyr\u00ebn se si mund t\u00eb b\u00ebhesh, minist\u00ebr i brendsh\u00ebm edhe pse k\u00eb v\u00ebllain t\u00eb d\u00ebnuar shum\u00eb gjat\u00eb p\u00ebr trafik nd\u00ebrkomb\u00ebtar droge. Por Xhafaj ka \u00e7far\u00eb shpjegon edhe p\u00ebr m\u00ebnyrat se si t\u00eb kontrollohet pushteti lokal me njer\u00ebzit e familjes dhe ndarja e lejeve t\u00eb nd\u00ebrtimit, tenderave, p\u00ebr ata q\u00eb jan\u00eb af\u00ebr ose shum\u00eb af\u00ebr me rilindjen por edhe me grupet e caktuara t\u00eb interesit brenda rilindjes.<\/p>\n<p>Nuk \u00ebsht\u00eb shum\u00eb e qart\u00eb se \u00e7far\u00eb pyetjesh do t\u00eb b\u00ebjn\u00eb k\u00ebta deputet\u00ebt e rinj q\u00eb kan\u00eb marr\u00eb vota m\u00eb shum\u00eb se Edi Rama. Ndoshta si fillim do t\u00eb k\u00ebrkojn\u00eb falje q\u00eb kan\u00eb marr\u00eb vota m\u00eb shum\u00eb se lideri global. Se nuk shkon kjo.<\/p>\n<p>Sipas Partis\u00eb Socialiste kjo akademi synon t\u00eb p\u00ebrgatis\u00eb nj\u00eb brez t\u00eb ri deputet\u00ebsh q\u00eb jo vet\u00ebm kuptojn\u00eb rolin e tyre institucional, por jan\u00eb t\u00eb aft\u00eb t\u00eb kontribuojn\u00eb me p\u00ebrkushtim n\u00eb implementimin e vizionit t\u00eb PS p\u00ebr vitet n\u00eb vijim, sidomos drejt vitit 2030. Pra gjat\u00eb 4 viteve t\u00eb ardhshme PS do vijoj\u00eb ti p\u00ebrgatis\u00eb. Se kur do i d\u00ebgjojm\u00eb t\u00eb recitojn\u00eb ndonj\u00eb gj\u00eb n\u00eb kuvend k\u00ebt\u00eb nuk e di askush.<\/p>\n<p>Ngelet t\u00eb shikojm\u00eb akademin\u00eb p\u00ebr t\u00eb cil\u00ebn t\u00eb gjith\u00eb jan\u00eb t\u00eb lumtur. Pas akademis\u00eb s\u00eb barinjve e cila d\u00ebshtoi p\u00ebr shkak t\u00eb fluksit t\u00eb lart\u00eb t\u00eb \u201cbarinjve\u201d rilindas tani Akademia e deputeteve do t\u00eb k\u00ebt\u00eb sukses t\u00eb plot\u00eb pasi \u201cprofesor\u00eb\u201d si Xhafaj dhe Rama e student\u00eb si Termeti ka me shumic\u00eb.<\/p>\n","protected":false},"excerpt":{"rendered":"<p>Nga datat 20 qershor deri m\u00eb 20 korrik n\u00eb selin\u00eb e Partis\u00eb Socialiste do t\u00eb mbahet akademia politike, ku veteran\u00ebt e PS do t\u00eb japin leksione ndaj ligjv\u00ebn\u00ebsve t\u00eb rinj t\u00eb zgjedhur nga kjo forc\u00eb politike n\u00eb fars\u00ebn elektorale t\u00eb 11 majit. Akademia politike do t\u00eb jet\u00eb e ndar\u00eb me 5 module t\u00eb ndryshme q\u00eb &hellip;<\/p>\n","protected":false},"author":4,"featured_media":117030,"comment_status":"closed","ping_status":"closed","sticky":false,"template":"","format":"standard","meta":{"footnotes":""},"categories":[37],"tags":[],"class_list":["post-117029","post","type-post","status-publish","format-standard","has-post-thumbnail","","category-politike"],"_links":{"self":[{"href":"https:\/\/rdnews.al\/index.php\/wp-json\/wp\/v2\/posts\/117029","targetHints":{"allow":["GET"]}}],"collection":[{"href":"https:\/\/rdnews.al\/index.php\/wp-json\/wp\/v2\/posts"}],"about":[{"href":"https:\/\/rdnews.al\/index.php\/wp-json\/wp\/v2\/types\/post"}],"author":[{"embeddable":true,"href":"https:\/\/rdnews.al\/index.php\/wp-json\/wp\/v2\/users\/4"}],"replies":[{"embeddable":true,"href":"https:\/\/rdnews.al\/index.php\/wp-json\/wp\/v2\/comments?post=117029"}],"version-history":[{"count":1,"href":"https:\/\/rdnews.al\/index.php\/wp-json\/wp\/v2\/posts\/117029\/revisions"}],"predecessor-version":[{"id":117031,"href":"https:\/\/rdnews.al\/index.php\/wp-json\/wp\/v2\/posts\/117029\/revisions\/117031"}],"wp:featuredmedia":[{"embeddable":true,"href":"https:\/\/rdnews.al\/index.php\/wp-json\/wp\/v2\/media\/117030"}],"wp:attachment":[{"href":"https:\/\/rdnews.al\/index.php\/wp-json\/wp\/v2\/media?parent=117029"}],"wp:term":[{"taxonomy":"category","embeddable":true,"href":"https:\/\/rdnews.al\/index.php\/wp-json\/wp\/v2\/categories?post=117029"},{"taxonomy":"post_tag","embeddable":true,"href":"https:\/\/rdnews.al\/index.php\/wp-json\/wp\/v2\/tags?post=117029"}],"curies":[{"name":"wp","href":"https:\/\/api.w.org\/{rel}","templated":true}]}}