{"id":117089,"date":"2025-06-20T13:16:03","date_gmt":"2025-06-20T13:16:03","guid":{"rendered":"https:\/\/rdnews.al\/?p=117089"},"modified":"2025-06-20T13:16:03","modified_gmt":"2025-06-20T13:16:03","slug":"pse-spak-hesht-per-keqperdorimin-e-bkh-nga-koordinatori-i-rames-per-krimin","status":"publish","type":"post","link":"https:\/\/rdnews.al\/index.php\/2025\/06\/20\/pse-spak-hesht-per-keqperdorimin-e-bkh-nga-koordinatori-i-rames-per-krimin\/","title":{"rendered":"Pse SPAK hesht p\u00ebr keqp\u00ebrdorimin e BKH nga Koordinatori i Ram\u00ebs p\u00ebr krimin?"},"content":{"rendered":"<div class=\"chapo\">Nj\u00eb aksion i Byros\u00eb Komb\u00ebtare t\u00eb Hetimit u zhvillua n\u00eb Tiran\u00eb dhe Durr\u00ebs, me urdh\u00ebr t\u00eb prokurorit t\u00eb SPAK Bledar Maksuti, p\u00ebr t\u00eb ushtruar kontroll n\u00eb banesat dhe bizneset e Ergys Agasit, ish-drejtues i Inspektoratit t\u00eb Mjedisit, nj\u00eb prej personazheve m\u00eb t\u00eb p\u00ebrfolur t\u00eb viteve t\u00eb fundit n\u00eb sken\u00ebn politike dhe mediatike.<\/div>\n<p>Agasi, sipas ish-z\u00ebvend\u00ebskryeministrit Arben Ahmetaj, \u00ebsht\u00eb njeriu q\u00eb koordinon lidhjet mes kryeministrit Rama dhe bot\u00ebs s\u00eb krimit n\u00eb Shqip\u00ebri, nj\u00eb lloj \u201ceminence gri\u201d e pushtetit t\u00eb n\u00ebndhesh\u00ebm.<\/p>\n<p>Por ndryshe nga rastet e tjera ku SPAK \u00ebsht\u00eb treguar i z\u00ebsh\u00ebm dhe i qart\u00eb p\u00ebr veprimet e veta, p\u00ebr kontrollohet ndaj Agasit mbizot\u00ebron heshtja. Kur kan\u00eb kaluar 24 or\u00eb nga operacioni, nuk ka ende asnj\u00eb njoftim zyrtar, asnj\u00eb komunikat\u00eb p\u00ebr shtyp.<\/p>\n<p>Heshtja e SPAK ka nxitur spekulime. N\u00eb rrjetet sociale pati njoftime p\u00ebr arrestimin e tij apo p\u00ebr largimin e tij jasht\u00eb vendit, n\u00eb Dubai, aty ku po strehohen kriminel\u00ebt m\u00eb t\u00eb k\u00ebrkuar t\u00eb Shqip\u00ebris\u00eb. N\u00eb media qarkulloi edhe lajmi p\u00ebr nj\u00eb udh\u00ebr-arrest t\u00eb firmosur, por mungesa e konfirmimit nga SPAK vet\u00ebm sa i ka shtuar spekulimet p\u00ebr k\u00ebt\u00eb rast me ndjeshm\u00ebri t\u00eb lart\u00eb.<\/p>\n<p>Sipas ish-numrit dy t\u00eb qeveris\u00eb, Agasi \u00ebsht\u00eb personi q\u00eb konsumon ver\u00eb 33.000 euro shishja me kryeministrin Rama, n\u00eb zyr\u00ebn e k\u00ebtij t\u00eb fundit.<\/p>\n<p><strong><em>Kush \u00ebsht\u00eb Ergys Agasi?<\/em><\/strong><\/p>\n<p>Emri i Ergys Agasit \u00ebsht\u00eb p\u00ebrmendur shpesh n\u00eb akuzat e opozit\u00ebs, ve\u00e7an\u00ebrisht gjat\u00eb periudhave zgjedhore. Ai \u00ebsht\u00eb djali i ish-deputetit socialist Bardhyl Agasi dhe ka mbajtur m\u00eb her\u00ebt postin e kreut t\u00eb Inspektoratit Shtet\u00ebror t\u00eb Mjedisit dhe Pyjeve. Megjith\u00ebse m\u00eb her\u00ebt ka qen\u00eb pjes\u00eb e L\u00ebvizjes Socialiste p\u00ebr Integrim, m\u00eb pas ai u integrua n\u00eb strukturat e Partis\u00eb Socialiste.<\/p>\n<p>Agasi ka zgjedhur q\u00eb t\u00eb mos jap\u00eb deklarata publike mbi akuzat q\u00eb i jan\u00eb b\u00ebr\u00eb, qoft\u00eb nga opozita, qoft\u00eb nga ish -z\u00ebvend\u00ebskryeministri Arben Ahmetaj, q\u00eb e ekspozoi at\u00eb si njeriun q\u00eb l\u00ebviz fijet e pushtetit.<\/p>\n<p><strong><em>Akuzat nga politika<\/em><\/strong><\/p>\n<p>Monika Kryemadhi, ish-kryetare dhe deputete e LSI, e ka akuzuar publikisht Agasin se ka qen\u00eb njeriu q\u00eb ka \u201curdh\u00ebruar\u201d m\u00ebnyr\u00ebn e dhunshme t\u00eb arrestimit t\u00eb Ilir Met\u00ebs.<\/p>\n<p>Arben Ahmetaj, gjat\u00eb intervist\u00ebs s\u00eb dh\u00ebn\u00eb p\u00ebr emisionin REPORT t\u00eb RAI 3 e akuzoi Agasin si \u201ckoordinatorin\u201d e grupeve kriminale n\u00eb Durr\u00ebs q\u00eb, sipas tij, p\u00ebrdoren nga pushteti n\u00eb zgjedhje.<\/p>\n<p>Sali Berisha ka deklaruar se Agasi \u00ebsht\u00eb i lidhur me bandat n\u00eb zon\u00ebn e Durr\u00ebsit dhe \u00ebsht\u00eb nj\u00eb nga figurat ky\u00e7e n\u00eb rrjetin e ndikimit t\u00eb maxhoranc\u00ebs.<\/p>\n<p>Asnj\u00eb nga k\u00ebto akuza nuk \u00ebsht\u00eb ndjekur me veprime konkrete nga organet ligjzbatuese, n\u00eb ve\u00e7anti nga SPAK, t\u00eb pakt\u00ebn me sa dihet publikisht.<\/p>\n<p><strong><em>Pse po hesht SPAK?<\/em><\/strong><\/p>\n<p>Mungesa e \u00e7do njoftimi zyrtar nga SPAK p\u00ebr nj\u00eb operacion q\u00eb ka ndodhur realisht, ngre dyshime t\u00eb forta mbi natyr\u00ebn e hetimit (n\u00ebse \u00ebsht\u00eb n\u00eb faz\u00eb t\u00eb hershme e rrezikon dekonspirimin) apo p\u00ebr ndjeshm\u00ebrin\u00eb politike p\u00ebr shkak t\u00eb figur\u00ebs s\u00eb Agasit dhe lidhjeve t\u00eb p\u00ebrfolura me kryeministrin Rama.<\/p>\n<p>Megjithat\u00eb, p\u00ebr shkak se operacioni \u00ebsht\u00eb dekonspiruar tashm\u00eb, SPAK ka detyrimin t\u2019i jap\u00eb shpjegime publikut. Heshtja e SPAK po krijon nj\u00eb nj\u00eb vakum informacioni, q\u00eb po mbushet nga spekulimet e shumta mediatike dhe jo vet\u00ebm. \/Zoom.al<\/p>\n","protected":false},"excerpt":{"rendered":"<p>Nj\u00eb aksion i Byros\u00eb Komb\u00ebtare t\u00eb Hetimit u zhvillua n\u00eb Tiran\u00eb dhe Durr\u00ebs, me urdh\u00ebr t\u00eb prokurorit t\u00eb SPAK Bledar Maksuti, p\u00ebr t\u00eb ushtruar kontroll n\u00eb banesat dhe bizneset e Ergys Agasit, ish-drejtues i Inspektoratit t\u00eb Mjedisit, nj\u00eb prej personazheve m\u00eb t\u00eb p\u00ebrfolur t\u00eb viteve t\u00eb fundit n\u00eb sken\u00ebn politike dhe mediatike. Agasi, sipas ish-z\u00ebvend\u00ebskryeministrit &hellip;<\/p>\n","protected":false},"author":3,"featured_media":117090,"comment_status":"closed","ping_status":"closed","sticky":false,"template":"","format":"standard","meta":{"footnotes":""},"categories":[37],"tags":[],"class_list":["post-117089","post","type-post","status-publish","format-standard","has-post-thumbnail","","category-politike"],"_links":{"self":[{"href":"https:\/\/rdnews.al\/index.php\/wp-json\/wp\/v2\/posts\/117089","targetHints":{"allow":["GET"]}}],"collection":[{"href":"https:\/\/rdnews.al\/index.php\/wp-json\/wp\/v2\/posts"}],"about":[{"href":"https:\/\/rdnews.al\/index.php\/wp-json\/wp\/v2\/types\/post"}],"author":[{"embeddable":true,"href":"https:\/\/rdnews.al\/index.php\/wp-json\/wp\/v2\/users\/3"}],"replies":[{"embeddable":true,"href":"https:\/\/rdnews.al\/index.php\/wp-json\/wp\/v2\/comments?post=117089"}],"version-history":[{"count":1,"href":"https:\/\/rdnews.al\/index.php\/wp-json\/wp\/v2\/posts\/117089\/revisions"}],"predecessor-version":[{"id":117091,"href":"https:\/\/rdnews.al\/index.php\/wp-json\/wp\/v2\/posts\/117089\/revisions\/117091"}],"wp:featuredmedia":[{"embeddable":true,"href":"https:\/\/rdnews.al\/index.php\/wp-json\/wp\/v2\/media\/117090"}],"wp:attachment":[{"href":"https:\/\/rdnews.al\/index.php\/wp-json\/wp\/v2\/media?parent=117089"}],"wp:term":[{"taxonomy":"category","embeddable":true,"href":"https:\/\/rdnews.al\/index.php\/wp-json\/wp\/v2\/categories?post=117089"},{"taxonomy":"post_tag","embeddable":true,"href":"https:\/\/rdnews.al\/index.php\/wp-json\/wp\/v2\/tags?post=117089"}],"curies":[{"name":"wp","href":"https:\/\/api.w.org\/{rel}","templated":true}]}}