{"id":11710,"date":"2022-05-09T16:10:12","date_gmt":"2022-05-09T16:10:12","guid":{"rendered":"https:\/\/rdnews.al\/?p=11710"},"modified":"2022-05-09T16:10:31","modified_gmt":"2022-05-09T16:10:31","slug":"rama-urdheron-edhe-zarin-manja-ti-beje-presion-spak-per-berishen","status":"publish","type":"post","link":"https:\/\/rdnews.al\/index.php\/2022\/05\/09\/rama-urdheron-edhe-zarin-manja-ti-beje-presion-spak-per-berishen\/","title":{"rendered":"Rama urdh\u00ebron edhe zarin Manja t\u2019i b\u00ebj\u00eb presion SPAK p\u00ebr Berish\u00ebn"},"content":{"rendered":"<p>Ministri i drejt\u00ebsis\u00eb, Ulsi Manja n\u00eb konferenc\u00ebn \u201cDrejt\u00ebsi n\u00eb koh\u00eb sfidash\u201d thot\u00eb se Berisha i cili \u00ebsht\u00eb shpallur \u2018non-grata\u2019 nuk \u00ebsht\u00eb problem i SHBA-s\u00eb por i Shqip\u00ebris\u00eb.<\/p>\n<p>Ai i k\u00ebrkoi SPAK-ut q\u00eb t\u00eb hetoj\u00eb ish-kryeministrin Sali Berisha p\u00ebr akuz\u00ebn e vrasjes s\u00eb 4 personave t\u00eb pafajsh\u00ebm n\u00eb Bulevard si dhe p\u00ebr shp\u00ebrthimin n\u00eb G\u00ebrdec ku humb\u00ebn jet\u00ebn dhjetra qytetar\u00eb.<\/p>\n<p>\u201cDua t\u00eb them dy fjal\u00eb p\u00ebr elefantin n\u00eb mes t\u00eb drejt\u00ebsis\u00eb s\u00eb dhom\u00ebs s\u00eb re, kur i thon\u00eb fjal\u00ebs. Ai zot\u00ebria i shpallur non-grata, si kalor\u00ebs i korrupsionit dhe kund\u00ebr demokracis\u00eb, nuk \u00ebsht\u00eb problemi i Amerik\u00ebs por i Shqip\u00ebris\u00eb.<\/p>\n<p>Shqiptar\u00ebt meritojn\u00eb t\u00eb din\u00eb si q\u00ebndron drejt\u00ebsia e re n\u00eb raport me k\u00ebt\u00eb. Zot\u00ebria i famsh\u00ebm p\u00ebr karshill\u00ebkun e tij ndaj ligjit dhe organeve t\u00eb drejt\u00ebsis\u00eb, t\u00eb cilave u ka p\u00ebrplasur edhe der\u00ebn n\u00eb fytyr\u00eb, duke penguar ekzekutimin e urdh\u00ebrave t\u00eb tyre pas vrasjes s\u00eb 4 t\u00eb pafajshm\u00ebve ne bulevard.<\/p>\n<p>Nuk \u00ebsht\u00eb thirrur kurr\u00eb nga organet e drejt\u00ebsis\u00eb, as p\u00ebr ato vrasje, as gjith\u00eb at\u00eb shp\u00ebrthim kriminal municionesh q\u00eb hodhi n\u00eb er\u00eb qindra sht\u00ebpi e mori dhjetra jet\u00eb njer\u00ebzish n\u00eb G\u00ebrdec, as n\u00eb afera t\u00eb tjera ku mbiemri i tij ka qen\u00eb qershia mbi tort\u00ebn e bab\u00ebzis\u00eb\u201d, u shpreh Manja.<\/p>\n<p>Gjat\u00eb fjal\u00ebs s\u00eb tij ai i b\u00ebri gjithashtu thirrje SPAK-ut t\u00eb hetoj\u00eb edhe djalin e Berish\u00ebs, Shk\u00eblzenin p\u00ebr pasurin\u00eb e tij.<\/p>\n<p>\u201cDrejt\u00ebsia e re t\u00eb hetoj\u00eb Berish\u00ebn, p\u00ebr vrasjet n\u00eb bulevard p\u00ebr G\u00ebrdecin, p\u00ebr kompleksin \u201cPartizani\u201d. T\u00eb hetoj\u00eb pasurin\u00eb e djalit t\u00eb tij. K\u00ebrkoj Drejt\u00ebsi t\u00eb barabart\u00eb p\u00ebr t\u00eb gjith\u00eb, flas n\u00eb em\u00ebr t\u00eb PS, q\u00eb ka hapur der\u00ebn p\u00ebr t\u00eb kapur t\u00eb madh e t\u00eb vog\u00ebl\u201d, deklaroi Manja.<\/p>\n","protected":false},"excerpt":{"rendered":"<p>Ministri i drejt\u00ebsis\u00eb, Ulsi Manja n\u00eb konferenc\u00ebn \u201cDrejt\u00ebsi n\u00eb koh\u00eb sfidash\u201d thot\u00eb se Berisha i cili \u00ebsht\u00eb shpallur \u2018non-grata\u2019 nuk \u00ebsht\u00eb problem i SHBA-s\u00eb por i Shqip\u00ebris\u00eb. Ai i k\u00ebrkoi SPAK-ut q\u00eb t\u00eb hetoj\u00eb ish-kryeministrin Sali Berisha p\u00ebr akuz\u00ebn e vrasjes s\u00eb 4 personave t\u00eb pafajsh\u00ebm n\u00eb Bulevard si dhe p\u00ebr shp\u00ebrthimin n\u00eb G\u00ebrdec ku &hellip;<\/p>\n","protected":false},"author":4,"featured_media":11711,"comment_status":"open","ping_status":"open","sticky":false,"template":"","format":"standard","meta":{"footnotes":""},"categories":[37],"tags":[],"class_list":["post-11710","post","type-post","status-publish","format-standard","has-post-thumbnail","","category-politike"],"_links":{"self":[{"href":"https:\/\/rdnews.al\/index.php\/wp-json\/wp\/v2\/posts\/11710","targetHints":{"allow":["GET"]}}],"collection":[{"href":"https:\/\/rdnews.al\/index.php\/wp-json\/wp\/v2\/posts"}],"about":[{"href":"https:\/\/rdnews.al\/index.php\/wp-json\/wp\/v2\/types\/post"}],"author":[{"embeddable":true,"href":"https:\/\/rdnews.al\/index.php\/wp-json\/wp\/v2\/users\/4"}],"replies":[{"embeddable":true,"href":"https:\/\/rdnews.al\/index.php\/wp-json\/wp\/v2\/comments?post=11710"}],"version-history":[{"count":0,"href":"https:\/\/rdnews.al\/index.php\/wp-json\/wp\/v2\/posts\/11710\/revisions"}],"wp:featuredmedia":[{"embeddable":true,"href":"https:\/\/rdnews.al\/index.php\/wp-json\/wp\/v2\/media\/11711"}],"wp:attachment":[{"href":"https:\/\/rdnews.al\/index.php\/wp-json\/wp\/v2\/media?parent=11710"}],"wp:term":[{"taxonomy":"category","embeddable":true,"href":"https:\/\/rdnews.al\/index.php\/wp-json\/wp\/v2\/categories?post=11710"},{"taxonomy":"post_tag","embeddable":true,"href":"https:\/\/rdnews.al\/index.php\/wp-json\/wp\/v2\/tags?post=11710"}],"curies":[{"name":"wp","href":"https:\/\/api.w.org\/{rel}","templated":true}]}}