{"id":117106,"date":"2025-06-20T17:51:33","date_gmt":"2025-06-20T17:51:33","guid":{"rendered":"https:\/\/rdnews.al\/?p=117106"},"modified":"2025-06-20T17:51:33","modified_gmt":"2025-06-20T17:51:33","slug":"si-ligjeroi-rama-katet-pa-leje-ne-kullat-e-lilos-avdijas-e-salillarit","status":"publish","type":"post","link":"https:\/\/rdnews.al\/index.php\/2025\/06\/20\/si-ligjeroi-rama-katet-pa-leje-ne-kullat-e-lilos-avdijas-e-salillarit\/","title":{"rendered":"Si ligj\u00ebroi Rama \u201ckatet pa leje\u201d n\u00eb Kullat e Lilos, Avdijas e Salillarit"},"content":{"rendered":"<p><strong>Nga Boldnews.al<\/strong><\/p>\n<p>Nd\u00ebrtuesit e t\u00eb pakt\u00ebn tre kullave q\u00eb kan\u00eb rrethuar qendr\u00ebn e Tiran\u00ebs, si edhe disa shum\u00ebkat\u00ebshve t\u00eb tjer\u00eb n\u00eb zonat m\u00eb t\u00eb k\u00ebrkuara t\u00eb kryeqytetit, nuk i kan\u00eb shp\u00ebtuar tundimit p\u00ebr t\u00eb ngritur kate pa leje.<\/p>\n<p>Duket si nj\u00eb gar\u00eb megalomanie p\u00ebr lart\u00ebsin\u00eb m\u00eb t\u00eb madhe, por q\u00eb natyrisht p\u00ebrkthehet n\u00eb fitime kolosale p\u00ebr kompanit\u00eb nd\u00ebrtuese. N\u00eb k\u00ebt\u00eb gar\u00eb paligjshm\u00ebrie gjendet gjithnj\u00eb kryeministri Edi Rama, i cili, me firm\u00ebn e tij, ka plot\u00ebsuar \u00e7do d\u00ebshir\u00eb t\u00eb biznesmen\u00ebve.<\/p>\n<p>Projekti i Edi Ram\u00ebs p\u00ebr rrethimin e Tiran\u00ebs me kulla shum\u00ebkat\u00ebshe \u00ebsht\u00eb konsideruar si \u201cvizion europian\u201d nga kryeministri, nd\u00ebrkoh\u00eb q\u00eb opozita e ka kritikuar si nj\u00eb \u201clavatri\u00e7e gjigante pastrimi parash\u201d.<\/p>\n<figure id=\"attachment_1564613\" class=\"wp-caption alignnone\" aria-describedby=\"caption-attachment-1564613\"><img loading=\"lazy\" decoding=\"async\" class=\"size-medium wp-image-1564613\" src=\"https:\/\/boldnews.al\/wp-content\/uploads\/2025\/06\/WhatsApp-Image-2025-06-20-at-16.53.46-1-640x281.jpeg\" sizes=\"auto, (max-width: 640px) 100vw, 640px\" srcset=\"https:\/\/boldnews.al\/wp-content\/uploads\/2025\/06\/WhatsApp-Image-2025-06-20-at-16.53.46-1-640x281.jpeg 640w, https:\/\/boldnews.al\/wp-content\/uploads\/2025\/06\/WhatsApp-Image-2025-06-20-at-16.53.46-1-1024x450.jpeg 1024w, https:\/\/boldnews.al\/wp-content\/uploads\/2025\/06\/WhatsApp-Image-2025-06-20-at-16.53.46-1-750x330.jpeg 750w, https:\/\/boldnews.al\/wp-content\/uploads\/2025\/06\/WhatsApp-Image-2025-06-20-at-16.53.46-1.jpeg 1071w\" alt=\"\" width=\"640\" height=\"281\" data-pin-no-hover=\"true\" \/><figcaption id=\"caption-attachment-1564613\" class=\"wp-caption-text\"><strong><em>N\u00eb foto: Pamje panoramike e disa prej kullave t\u00eb nd\u00ebrtuara n\u00eb Tiran\u00eb<\/em><\/strong><\/figcaption><\/figure>\n<p>P\u00ebrtej vler\u00ebsimeve dhe akuzave politike e publike, tashm\u00eb n\u00eb qend\u00ebr t\u00eb kryeqytetit shqiptar jan\u00eb lart\u00ebsuar nj\u00eb pjes\u00eb e godinave shum\u00eb-kat\u00ebshe.<\/p>\n<p>\u201c<strong><em>Boldnews.al<\/em><\/strong>\u201d ka evidentuar deri m\u00eb tani, m\u00eb s\u00eb paku rastet e kateve pa leje ose devijim t\u00eb projekteve fillestare t\u00eb kullave: \u201c<strong><em>Syri i Tiran\u00ebs<\/em><\/strong>\u201d, i biznesmenit Armand Lilo, \u201c<strong><em>Book Building<\/em><\/strong>\u201d, me pronar fundor Dajlan Avdia dhe \u201c<strong><em>Downtown \u00a0Tirana<\/em><\/strong>\u201d e Shefqet Kastratit.<\/p>\n<p>N\u00eb list\u00ebn e kateve t\u00eb paligjshme p\u00ebrfshihen edhe shum\u00ebkat\u00ebshit e nd\u00ebrtuar nga \u201cSallillari\u201d e\u00a0<em>P\u00ebllumb Salillarit<\/em>\u00a0dhe \u201cXheluks\u201d e\u00a0<em>Julian (Lul) Morina<\/em>.<\/p>\n<p><strong>\u201cSyri i Tiran\u00ebs\u201d i Armand Lilos<\/strong><\/p>\n<p>Kulla\u00a0<em>\u201cSyri i Tiran\u00ebs\u201d<\/em>\u00a0gjendet n\u00eb qend\u00ebr t\u00eb kryeqytetit shqiptar, n\u00eb krah t\u00eb sheshi \u201cSk\u00ebnderbej\u201d. Kushdo q\u00eb ka kaluar n\u00eb at\u00eb zon\u00eb nuk mund t\u00eb mos i kap syri kull\u00ebn shum\u00eb-kat\u00ebshe, t\u00eb nd\u00ebrtuar n\u00eb form\u00ebn e kubave t\u00eb vendosur mbi nj\u00ebri-tjetrin.<\/p>\n<p>N\u00eb 12 dhjetor 2017, K\u00ebshilli Komb\u00ebtar i Territorit, n\u00ebn drejtimin e kryeministrit Edi Rama, miratoi vendimin nr. 11\u00a0<em>\u201cP\u00ebr Miratimin e lejes s\u00eb Zhvillimit p\u00ebr objektin: \u201cGodin\u00eb polifunksionale \u201cEye of Tirana\u201d 5, 6, 8, 9, 11, 15, 21, 24 kate, me 4 kate n\u00ebntok\u00eb, n\u00eb kryq\u00ebzimin e e rrug\u00ebs s\u00eb \u201cKavaj\u00ebs\u201d dhe rrug\u00ebs s\u00eb \u201cDurr\u00ebsit\u201d, Bashkia Tiran\u00eb\u201d<\/em>.<\/p>\n<figure id=\"attachment_1564606\" class=\"wp-caption alignnone\" aria-describedby=\"caption-attachment-1564606\"><img loading=\"lazy\" decoding=\"async\" class=\"size-medium wp-image-1564606\" src=\"https:\/\/boldnews.al\/wp-content\/uploads\/2025\/06\/WhatsApp-Image-2025-06-20-at-16.53.47-3-640x506.jpeg\" sizes=\"auto, (max-width: 640px) 100vw, 640px\" srcset=\"https:\/\/boldnews.al\/wp-content\/uploads\/2025\/06\/WhatsApp-Image-2025-06-20-at-16.53.47-3-640x506.jpeg 640w, https:\/\/boldnews.al\/wp-content\/uploads\/2025\/06\/WhatsApp-Image-2025-06-20-at-16.53.47-3-1024x809.jpeg 1024w, https:\/\/boldnews.al\/wp-content\/uploads\/2025\/06\/WhatsApp-Image-2025-06-20-at-16.53.47-3-750x593.jpeg 750w, https:\/\/boldnews.al\/wp-content\/uploads\/2025\/06\/WhatsApp-Image-2025-06-20-at-16.53.47-3.jpeg 1105w\" alt=\"\" width=\"640\" height=\"506\" data-pin-no-hover=\"true\" \/><figcaption id=\"caption-attachment-1564606\" class=\"wp-caption-text\"><strong><em>N\u00eb foto: Leja e K\u00ebshillit t\u00eb Rregullimit t\u00eb Territorit (KKT) p\u00ebr Kull\u00ebn \u201cEye of Tirana\u201d<\/em><\/strong><\/figcaption><\/figure>\n<p>Leja u miratua me zhvillues dhe nd\u00ebrtues shoq\u00ebrit\u00eb \u201cIdeal Construction\u201d sh.p.k., \u201cConcord Investment\u201d sh.p.k. N\u00eb faz\u00ebn e zhvillimit, u largua \u201cEdil-Al\u201d i v\u00ebllez\u00ebrve Dulaku dhe nd\u00ebrtues mbeti vet\u00ebm \u201cIdeal\u201d i Armand Lilos.<\/p>\n<p>N\u00eb 16 qershor 2022, Inspektorati Komb\u00ebtar i Mbrojtjes s\u00eb Territorit (IKMT) ushtroi kontroll n\u00eb kull\u00ebn e lart\u00eb, ku u konstatuan punime (shtes\u00eb katesh), jasht\u00eb parashikimeve t\u00eb lejes s\u00eb nd\u00ebrtimit t\u00eb miratuar nga Bashkia Tiran\u00eb.<\/p>\n<p>Nga kontrolli i ushtruar ka rezultuar se n\u00eb objektin \u201cKull\u00eb\u201d jan\u00eb nd\u00ebrtuar 3866.16 m2 sip\u00ebrfaqe shtes\u00eb, jasht\u00eb lejes s\u00eb nd\u00ebrtimit. Nd\u00ebrsa n\u00eb objektin \u201c8-9 kate\u201d jan\u00eb konstatuar 780.63 m2 sip\u00ebrfaqe t\u00eb nd\u00ebrtuar n\u00eb kund\u00ebrshtim me projektin e miratuar. Sip\u00ebrfaqe totale nd\u00ebrtimi jasht\u00eb lejes rezulton t\u00eb jet\u00eb 4646.79 m2.<\/p>\n<p>Deri n\u00eb at\u00eb koh\u00eb, asnj\u00eb prej institucioneve nuk e kishte v\u00ebn\u00eb re k\u00ebt\u00eb anomali t\u00eb dukshme edhe me sy t\u00eb lir\u00eb.<\/p>\n<p>Pas k\u00ebtij konstatimi, Prokuroria e Tiran\u00ebs nisi hetime p\u00ebr nd\u00ebrtim t\u00eb paligjsh\u00ebm dhe dosja aktualisht n\u00eb n\u00eb proces gjykimi pran\u00eb Gjykat\u00ebs s\u00eb Tiran\u00ebs.<\/p>\n<figure id=\"attachment_1564611\" class=\"wp-caption alignnone\" aria-describedby=\"caption-attachment-1564611\"><img loading=\"lazy\" decoding=\"async\" class=\"size-medium wp-image-1564611\" src=\"https:\/\/boldnews.al\/wp-content\/uploads\/2025\/06\/WhatsApp-Image-2025-06-20-at-16.53.46-3-640x729.jpeg\" sizes=\"auto, (max-width: 640px) 100vw, 640px\" srcset=\"https:\/\/boldnews.al\/wp-content\/uploads\/2025\/06\/WhatsApp-Image-2025-06-20-at-16.53.46-3-640x729.jpeg 640w, https:\/\/boldnews.al\/wp-content\/uploads\/2025\/06\/WhatsApp-Image-2025-06-20-at-16.53.46-3.jpeg 680w\" alt=\"\" width=\"640\" height=\"729\" data-pin-no-hover=\"true\" \/><figcaption id=\"caption-attachment-1564611\" class=\"wp-caption-text\"><strong><em>N\u00eb foto: Kulla \u201cEye of Tirana\u201d<\/em><\/strong><\/figcaption><\/figure>\n<p>Sipas\u00a0<a href=\"https:\/\/boldnews.al\/2024\/06\/22\/kate-pa-leje-ne-qender-te-tiranes-kompania-e-armand-lilos-e-pandehur-ne-gjykate\/\" target=\"_blank\" rel=\"noopener\">dosjes<\/a>\u00a0s\u00eb lexuar nga \u201c<strong><em>Boldnews.al<\/em><\/strong>\u201d, ekspertizat e urdh\u00ebruara nga Prokuroria e Tiran\u00ebs zbuluan nj\u00eb fakt interesant-megjith\u00ebse kulla \u201cSyri i Tiran\u00ebs\u201d kishte 7 kate pa leje, sip\u00ebrfaqja totale e godin\u00ebs ishte af\u00ebrsisht me at\u00eb q\u00eb ishte miratuar n\u00eb lejen e nd\u00ebrtimit.<\/p>\n<p>Megjithat\u00eb, K\u00ebshilli i Rregullimit t\u00eb Territorit (KKT), bazuar n\u00eb nj\u00eb Vendim t\u00eb kontestuar t\u00eb K\u00ebshillit t\u00eb Ministrave, n\u00ebnshkroi marr\u00ebveshje me \u201cIdeal Construction\u201d e Armand Lilos, n\u00eb t\u00eb cil\u00ebn ky i fundit pranonte t\u00eb kalonte katet shtes\u00eb n\u00eb favor t\u00eb shteti shqiptar, n\u00ebp\u00ebrmjet kontrat\u00ebs simbolike \u201c1 euro\u201d.<\/p>\n<p>N\u00eb k\u00ebt\u00eb m\u00ebnyr\u00eb, KKT-ja e drejtuar nga kryeministri Edi Rama i legjitimoi katet pa leje t\u00eb Armand Lilos.<\/p>\n<p><strong>\u201cBook Building\u201d i Dajlan Avdias<\/strong><\/p>\n<p>Nj\u00eb\u00a0<a href=\"https:\/\/boldnews.al\/2025\/06\/11\/book-building-1800-m2-pa-leje-perplasja-rama-veliaj-per-gjoben-600-mije-euro-per-dajlan-avdian\/\" target=\"_blank\" rel=\"noopener\">vendim<\/a> i Gjykat\u00ebs s\u00eb Apelit Administrativ, i cili shfuqizoi nj\u00eb gjob\u00ebr 650 mij\u00eb euro p\u00ebr shoq\u00ebrin\u00eb nd\u00ebrtuese \u201cTDT &amp; Partners\u201d t\u00eb Dajlan Avida dhe Glend Abdi, zbuloi se kulla \u201cBook Builindg\u201d, e pozicionuar n\u00eb qend\u00ebr t\u00eb kryeqytetit, kishte nd\u00ebrtuar nj\u00eb kat t\u00eb t\u00ebr\u00eb shtes\u00eb parkimi, rreth 1800 m2, n\u00eb kund\u00ebrshtim me lejen e nd\u00ebrtimit.<img loading=\"lazy\" decoding=\"async\" src=\"https:\/\/ads.adsense.al\/www\/delivery\/lg.php?bannerid=0&amp;campaignid=0&amp;zoneid=138&amp;loc=https%3A%2F%2Fboldnews.al%2F2025%2F06%2F20%2Fgara-e-paligjshme-per-lartesite-si-ligjeroi-rama-katet-pa-leje-ne-kullat-e-lilos-avdijas-e-salillarit%2F&amp;referer=https%3A%2F%2Fboldnews.al%2Fcategory%2Faktualitet%2F&amp;cb=be7c50761c\" alt=\"\" width=\"0\" height=\"0\" \/><\/p>\n<p>N\u00eb Shkurt t\u00eb vitit 2018, K\u00ebshilli i Rregullimit t\u00eb Teritorit ka miratuar lejen e zhvillimit p\u00ebr objektin \u201c<em>Godin\u00eb Polifunksionare, 4, 5, 11, 21 kate me tre kate n\u00ebntok\u00eb \u201cBook Building\u201d, n\u00eb rrug\u00ebn \u201cAbdi Toptani\u201d, pran\u00eb Sahatit, n\u00eb qend\u00ebr t\u00eb Tiran\u00ebs, n\u00eb favor t\u00eb subjektit \u201cTechno-Alb<\/em>\u201d.<\/p>\n<p>N\u00eb Prill 2020, n\u00eb periudh\u00ebn e bllokimit total nga pandemia Covid-19, kompania nd\u00ebrtuese \u201cTDT &amp; Partners\u201d e Avdias dhe Abdi, po vijonin rregullisht punimet p\u00ebr kull\u00ebn pran\u00eb Sahatit t\u00eb Tiran\u00ebs.<\/p>\n<figure id=\"attachment_1564607\" class=\"wp-caption alignnone\" aria-describedby=\"caption-attachment-1564607\"><img loading=\"lazy\" decoding=\"async\" class=\"size-medium wp-image-1564607\" src=\"https:\/\/boldnews.al\/wp-content\/uploads\/2025\/06\/WhatsApp-Image-2025-06-20-at-16.53.47-2-640x389.jpeg\" sizes=\"auto, (max-width: 640px) 100vw, 640px\" srcset=\"https:\/\/boldnews.al\/wp-content\/uploads\/2025\/06\/WhatsApp-Image-2025-06-20-at-16.53.47-2-640x389.jpeg 640w, https:\/\/boldnews.al\/wp-content\/uploads\/2025\/06\/WhatsApp-Image-2025-06-20-at-16.53.47-2-1280x777.jpeg 1280w, https:\/\/boldnews.al\/wp-content\/uploads\/2025\/06\/WhatsApp-Image-2025-06-20-at-16.53.47-2-1024x622.jpeg 1024w, https:\/\/boldnews.al\/wp-content\/uploads\/2025\/06\/WhatsApp-Image-2025-06-20-at-16.53.47-2-750x455.jpeg 750w, https:\/\/boldnews.al\/wp-content\/uploads\/2025\/06\/WhatsApp-Image-2025-06-20-at-16.53.47-2-1140x692.jpeg 1140w, https:\/\/boldnews.al\/wp-content\/uploads\/2025\/06\/WhatsApp-Image-2025-06-20-at-16.53.47-2.jpeg 1494w\" alt=\"\" width=\"640\" height=\"389\" data-pin-no-hover=\"true\" \/><figcaption id=\"caption-attachment-1564607\" class=\"wp-caption-text\"><strong>N\u00eb foto: Leja fillestare e miratuar nga KKT p\u00ebr kull\u00ebn \u201cBook Building\u201d<\/strong><\/figcaption><\/figure>\n<p>Gjat\u00eb punimeve, kur ishte mb\u00ebrritur n\u00eb nivelin (-3), zona e parkimit, inxhinjer\u00ebt e kompanis\u00eb konstatojn\u00eb se struktura gjeologjike e terrenit ishte e pap\u00ebrshtatshme p\u00ebr t\u00eb mbajtur t\u00eb gjith\u00eb struktur\u00ebn.<\/p>\n<p>P\u00ebr k\u00ebt\u00eb arsye, vijojn\u00eb g\u00ebrmimet deri n\u00eb nivelin (-4), megjith\u00ebse kjo ishte jasht\u00eb lejes s\u00eb miratuar.<\/p>\n<p>Disa muaj m\u00eb pas, kur kompania kishte p\u00ebrfunduar punimet pa leje, k\u00ebrkon nga Bashkia e Tiran\u00ebs lejen p\u00ebr ndryshimin e projektit. Bashkia e refuzon dhe, n\u00eb vitin 2022, Inspektorati i Mbrojtjes s\u00eb Territorit e gjobit shoq\u00ebrin\u00eb me 65 milion\u00eb lek\u00eb t\u00eb reja (650 mij\u00eb euro) p\u00ebr nd\u00ebrtimin pa leje t\u00eb sip\u00ebrfaqes rreth 1800 m2.<\/p>\n<figure id=\"attachment_1564612\" class=\"wp-caption alignnone\" aria-describedby=\"caption-attachment-1564612\"><img loading=\"lazy\" decoding=\"async\" class=\"size-medium wp-image-1564612\" src=\"https:\/\/boldnews.al\/wp-content\/uploads\/2025\/06\/WhatsApp-Image-2025-06-20-at-16.53.46-2-640x788.jpeg\" sizes=\"auto, (max-width: 640px) 100vw, 640px\" srcset=\"https:\/\/boldnews.al\/wp-content\/uploads\/2025\/06\/WhatsApp-Image-2025-06-20-at-16.53.46-2-640x788.jpeg 640w, https:\/\/boldnews.al\/wp-content\/uploads\/2025\/06\/WhatsApp-Image-2025-06-20-at-16.53.46-2.jpeg 665w\" alt=\"\" width=\"640\" height=\"788\" data-pin-no-hover=\"true\" \/><figcaption id=\"caption-attachment-1564612\" class=\"wp-caption-text\"><strong><em>N\u00eb foto: Kulla \u201cBook Building\u201d<\/em><\/strong><\/figcaption><\/figure>\n<p>Nd\u00ebrkoh\u00eb \u201cTDT &amp; Partners\u201d i drejtohet me t\u00eb nj\u00ebjt\u00ebn k\u00ebrkes\u00eb p\u00ebr ndryshim projekti K\u00ebshillit t\u00eb Rregullimit t\u00eb Territorit, t\u00eb drejtuar nga Rama. KKT e miraton k\u00ebrkes\u00ebn e shoq\u00ebris\u00eb s\u00eb Dajlan Avdia, duke i krijuar hap\u00ebsir\u00eb kompanis\u00eb q\u00eb t\u00eb kund\u00ebrshtoj\u00eb n\u00eb gjykat\u00eb gjob\u00ebn e Bashkis\u00eb.<\/p>\n<p>N\u00eb 22 Maj 2025, Gjykata Administrative e Apelit shfuqizoi gjob\u00ebn dhe, tashm\u00eb, sip\u00ebrfaqja e nd\u00ebrtuar pa leje n\u00eb \u201cBook Building\u201d u legalizua t\u00ebr\u00ebsisht, fal\u00eb firm\u00ebs s\u00eb kryeministrit.<\/p>\n<p><strong>Katet pa leje t\u00eb Salillarit<\/strong><\/p>\n<p>P\u00ebllumb Salillari \u00ebsht\u00eb biznesmeni, q\u00eb m\u00eb s\u00eb shumti n\u00eb publik prezantohet me nj\u00eb foto, n\u00eb t\u00eb cil\u00ebn kryeministri Edi Rama i f\u00ebrkon dashamir\u00ebsisht kok\u00ebn. Gjuha e trupit dashamir\u00ebse e Ram\u00ebs e ka shnd\u00ebrruar kompanin\u00eb \u201cSalillari\u201d n\u00eb nj\u00eb prej p\u00ebrfitueseve m\u00eb t\u00eb m\u00ebdha t\u00eb tenderave dhe lejeve t\u00eb nd\u00ebrtimit.<\/p>\n<figure id=\"attachment_1564615\" class=\"wp-caption alignnone\" aria-describedby=\"caption-attachment-1564615\"><img loading=\"lazy\" decoding=\"async\" class=\"size-medium wp-image-1564615\" src=\"https:\/\/boldnews.al\/wp-content\/uploads\/2025\/06\/WhatsApp-Image-2025-06-20-at-16.53.45-1-640x385.jpeg\" sizes=\"auto, (max-width: 640px) 100vw, 640px\" srcset=\"https:\/\/boldnews.al\/wp-content\/uploads\/2025\/06\/WhatsApp-Image-2025-06-20-at-16.53.45-1-640x385.jpeg 640w, https:\/\/boldnews.al\/wp-content\/uploads\/2025\/06\/WhatsApp-Image-2025-06-20-at-16.53.45-1.jpeg 696w\" alt=\"\" width=\"640\" height=\"385\" data-pin-no-hover=\"true\" \/><figcaption id=\"caption-attachment-1564615\" class=\"wp-caption-text\"><strong><em>N\u00eb foto: Kryeministri Edi Rama, biznesmeni P\u00ebllumb Salillari dhe kryebashkiaku i arrestuar i Tiran\u00ebs, Erion Veliaj<\/em><\/strong><\/figcaption><\/figure>\n<p>Kjo \u201cdashamir\u00ebsi kryeministrore\u201d duket se i ka dh\u00ebn\u00eb leje P\u00ebllumb Salillarit t\u00eb nd\u00ebrtoj\u00eb, m\u00eb s\u00eb paku 2400 m2 pa leje, me nj\u00eb vler\u00eb totale tregu rreth 3.5 milion\u00eb, n\u00eb nj\u00eb prej godinave shum\u00ebkat\u00ebshe n\u00eb zon\u00ebn e lakmuar t\u00eb Kopshtit Botanik, n\u00eb Tiran\u00eb.<\/p>\n<p>Katet pa leje u zbuluan, me shum\u00eb vones\u00eb, nga nj\u00eb \u201coperacion mediatiko-propagandistik\u201d i qeveris\u00eb s\u00eb Ram\u00ebs n\u00eb shtator t\u00eb vitit 2022 dhe rasti iu p\u00ebrcoll m\u00eb tej Prokuroris\u00eb s\u00eb Tiran\u00ebs p\u00ebr hetime t\u00eb m\u00ebtejshme.<\/p>\n<p>Paralelisht me referimin n\u00eb Prokurori, K\u00ebshilli i Rregullimit t\u00eb Territorit (KKT), n\u00ebn drejtimin e Edi Ram\u00ebs, vendosi konfiskimin dhe kalimin n\u00eb pron\u00ebsi t\u00eb shtetit t\u00eb sip\u00ebrfaqes pa leje n\u00eb godin\u00ebn e Salillarit.<\/p>\n<figure id=\"attachment_1564614\" class=\"wp-caption alignnone\" aria-describedby=\"caption-attachment-1564614\"><img loading=\"lazy\" decoding=\"async\" class=\"size-medium wp-image-1564614\" src=\"https:\/\/boldnews.al\/wp-content\/uploads\/2025\/06\/WhatsApp-Image-2025-06-20-at-16.53.46-640x394.jpeg\" sizes=\"auto, (max-width: 640px) 100vw, 640px\" srcset=\"https:\/\/boldnews.al\/wp-content\/uploads\/2025\/06\/WhatsApp-Image-2025-06-20-at-16.53.46-640x394.jpeg 640w, https:\/\/boldnews.al\/wp-content\/uploads\/2025\/06\/WhatsApp-Image-2025-06-20-at-16.53.46-750x462.jpeg 750w, https:\/\/boldnews.al\/wp-content\/uploads\/2025\/06\/WhatsApp-Image-2025-06-20-at-16.53.46.jpeg 758w\" alt=\"\" width=\"640\" height=\"394\" data-pin-no-hover=\"true\" \/><figcaption id=\"caption-attachment-1564614\" class=\"wp-caption-text\"><em><strong>N\u00eb foto: Godina me kate pa leje e \u201cSalillarit\u201d<\/strong><\/em><\/figcaption><\/figure>\n<p>Por, ky proces duket se nuk finalizohet leht\u00ebsisht. N\u00eb koh\u00ebn q\u00eb KKT po shqyrtonte dokumentacionin p\u00ebr konfiskimin e sip\u00ebrfaqes pa leje, Salillari nd\u00ebrtoi nj\u00eb skem\u00eb, n\u00ebp\u00ebrmjet t\u00eb cil\u00ebs shp\u00ebrndau apartamente n\u00eb at\u00eb godin\u00eb tek vart\u00ebsit dhe punonj\u00ebsit e tij, n\u00ebp\u00ebrmjet kontratave t\u00eb premtim-shitjeve, si\u00e7 ka\u00a0<a href=\"https:\/\/boldnews.al\/2023\/04\/26\/katet-pa-leje-salillari-hedh-ne-gjyq-edi-ramen-dyshimet-per-beteje-ligjore-fiktive\/\" target=\"_blank\" rel=\"noopener\">raportuar<\/a>\u00a0m\u00eb her\u00ebt \u201c<strong><em>Boldnews.al<\/em><\/strong>\u201d.<\/p>\n<p>Gjith\u00ebsesi, kompania \u201cSalillari\u201d dhe administratori i saj, Lulzim Salillari, v\u00ebllai i pronarit, P\u00ebllumbit, tashm\u00eb jan\u00eb n\u00eb proces gjyq\u00ebsor, p\u00ebrball\u00eb\u00a0<a href=\"https:\/\/boldnews.al\/2024\/11\/23\/ndertoi-kate-pa-leje-me-vlere-3-5-mln-euro-dosja-salillari-kalon-per-gjykim\/\" target=\"_blank\" rel=\"noopener\">Prokuroris\u00eb<\/a>\u00a0s\u00eb Tiran\u00ebs, e cila i akuzon p\u00ebr \u201cnd\u00ebrtim t\u00eb paligjsh\u00ebm\u201d, me q\u00ebllim p\u00ebrfitimi.<\/p>\n<p>Pallati t\u00ebr\u00ebsisht pa leje i Lul Morin\u00ebs<br \/>\nHistoria e kateve pa leje tek shum\u00eb-kat\u00ebshve n\u00eb Tiran\u00eb merr nj\u00eb dimension sa qesharak, aq edhe p\u00ebr t\u00eb v\u00ebn\u00eb duart n\u00eb kok\u00eb, n\u00eb rastin e nj\u00eb pallati shum\u00eb-kat\u00ebsh, i cili po nd\u00ebrtohej nga kompania \u201cXheluks\u201d e Lul Morin\u00ebs, n\u00eb zon\u00ebn e Liqenit t\u00eb That\u00eb, t\u00ebr\u00ebsisht pa leje.<\/p>\n<p>Zv.kryeministrja Belinda Balluku, pjes\u00eb e operacionit \u201cmediatiko-propagandistik\u201d qeveritar t\u00eb shtatorit 2022, u shpreh e habitur se si askush nuk e kishte par\u00eb godin\u00ebn 7-kat\u00ebshe t\u00eb ngrihej t\u00ebr\u00ebsisht pa leje.<\/p>\n<p>Deklaratat e saj shigjetonin drejt\u00ebp\u00ebrdrejt\u00eb \u201carmikun e saj politike\u201d kryebashkiakun socialist t\u00eb Bashkis\u00eb s\u00eb Tiran\u00ebs, Erion Veliaj, dhe vart\u00ebsit e tij, t\u00eb cil\u00ebt kishin mbyllur syt\u00eb p\u00ebrball\u00eb paligjshm\u00ebris\u00eb s\u00eb Lul Morin\u00ebs.<\/p>\n<figure id=\"attachment_1564616\" class=\"wp-caption alignnone\" aria-describedby=\"caption-attachment-1564616\"><img loading=\"lazy\" decoding=\"async\" class=\"size-medium wp-image-1564616\" src=\"https:\/\/boldnews.al\/wp-content\/uploads\/2025\/06\/WhatsApp-Image-2025-06-20-at-16.53.45-640x388.jpeg\" sizes=\"auto, (max-width: 640px) 100vw, 640px\" srcset=\"https:\/\/boldnews.al\/wp-content\/uploads\/2025\/06\/WhatsApp-Image-2025-06-20-at-16.53.45-640x388.jpeg 640w, https:\/\/boldnews.al\/wp-content\/uploads\/2025\/06\/WhatsApp-Image-2025-06-20-at-16.53.45-750x455.jpeg 750w, https:\/\/boldnews.al\/wp-content\/uploads\/2025\/06\/WhatsApp-Image-2025-06-20-at-16.53.45.jpeg 829w\" alt=\"\" width=\"640\" height=\"388\" data-pin-no-hover=\"true\" \/><figcaption id=\"caption-attachment-1564616\" class=\"wp-caption-text\"><strong><em>N\u00eb foto: Pallati pa leje, nd\u00ebrtuar nga kompania \u201cXheluks\u201d n\u00eb zon\u00ebn e Liqenit t\u00eb That\u00eb<\/em><\/strong><\/figcaption><\/figure>\n<p>Nj\u00eb hetim i m\u00ebvonsh\u00ebm i Prokuroris\u00eb s\u00eb Tiran\u00ebs zbuloi se sip\u00ebrfaqja pa leje ishte rreth 16 mij\u00eb metra katror\u00eb dhe aktualisht kompania \u201cXheluks\u201d \u00ebsht\u00eb n\u00eb proces gjyq\u00ebsor p\u00ebr \u201cnd\u00ebrtim t\u00eb paligjsh\u00ebm\u201d p\u00ebr q\u00ebllime p\u00ebrfitimi.<\/p>\n<p>N\u00eb dosjen e\u00a0<a href=\"https:\/\/boldnews.al\/2024\/11\/24\/lul-morina-ndertoi-16-000-m2-pa-leje-qato-i-veliajt-nuk-e-pame-7-kateshin-e-paligjshem\/\" target=\"_blank\" rel=\"noopener\">Prokuroris\u00eb<\/a>\u00a0s\u00eb Tiran\u00ebs, t\u00eb siguruar m\u00eb her\u00ebt nga \u201c<strong><em>Boldnews.al<\/em><\/strong>\u201d, jepen d\u00ebshmit\u00eb kontradiktore t\u00eb vart\u00ebsve t\u00eb Veliajt, t\u00eb cil\u00ebt kishin lejuar nd\u00ebrtimin e godin\u00ebs t\u00ebr\u00ebsisht pa leje.<\/p>\n<p>K\u00ebshilli i Rregullimit t\u00eb Territorit (KKT), n\u00ebn drejtimin e Edi Ram\u00ebs, mori vendim n\u00eb vitin 2022 p\u00ebr t\u00eb kaluar p\u00ebr konfiskim pallatin e Lul Morin\u00ebs.<\/p>\n<p>Por, megjithat\u00eb, biznesmenit duket se nuk i ka hyr\u00eb asnj\u00eb gjemb n\u00eb k\u00ebmb\u00eb. Me dashamir\u00ebsin\u00eb e Ram\u00ebs, ai ka p\u00ebrfituar leje t\u00eb tjera nd\u00ebrtimi, si n\u00eb Tiran\u00eb, ashtu edhe n\u00eb zonat bregdetare.<\/p>\n","protected":false},"excerpt":{"rendered":"<p>Nga Boldnews.al Nd\u00ebrtuesit e t\u00eb pakt\u00ebn tre kullave q\u00eb kan\u00eb rrethuar qendr\u00ebn e Tiran\u00ebs, si edhe disa shum\u00ebkat\u00ebshve t\u00eb tjer\u00eb n\u00eb zonat m\u00eb t\u00eb k\u00ebrkuara t\u00eb kryeqytetit, nuk i kan\u00eb shp\u00ebtuar tundimit p\u00ebr t\u00eb ngritur kate pa leje. Duket si nj\u00eb gar\u00eb megalomanie p\u00ebr lart\u00ebsin\u00eb m\u00eb t\u00eb madhe, por q\u00eb natyrisht p\u00ebrkthehet n\u00eb fitime kolosale &hellip;<\/p>\n","protected":false},"author":4,"featured_media":117107,"comment_status":"closed","ping_status":"closed","sticky":false,"template":"","format":"standard","meta":{"footnotes":""},"categories":[37],"tags":[],"class_list":["post-117106","post","type-post","status-publish","format-standard","has-post-thumbnail","","category-politike"],"_links":{"self":[{"href":"https:\/\/rdnews.al\/index.php\/wp-json\/wp\/v2\/posts\/117106","targetHints":{"allow":["GET"]}}],"collection":[{"href":"https:\/\/rdnews.al\/index.php\/wp-json\/wp\/v2\/posts"}],"about":[{"href":"https:\/\/rdnews.al\/index.php\/wp-json\/wp\/v2\/types\/post"}],"author":[{"embeddable":true,"href":"https:\/\/rdnews.al\/index.php\/wp-json\/wp\/v2\/users\/4"}],"replies":[{"embeddable":true,"href":"https:\/\/rdnews.al\/index.php\/wp-json\/wp\/v2\/comments?post=117106"}],"version-history":[{"count":1,"href":"https:\/\/rdnews.al\/index.php\/wp-json\/wp\/v2\/posts\/117106\/revisions"}],"predecessor-version":[{"id":117108,"href":"https:\/\/rdnews.al\/index.php\/wp-json\/wp\/v2\/posts\/117106\/revisions\/117108"}],"wp:featuredmedia":[{"embeddable":true,"href":"https:\/\/rdnews.al\/index.php\/wp-json\/wp\/v2\/media\/117107"}],"wp:attachment":[{"href":"https:\/\/rdnews.al\/index.php\/wp-json\/wp\/v2\/media?parent=117106"}],"wp:term":[{"taxonomy":"category","embeddable":true,"href":"https:\/\/rdnews.al\/index.php\/wp-json\/wp\/v2\/categories?post=117106"},{"taxonomy":"post_tag","embeddable":true,"href":"https:\/\/rdnews.al\/index.php\/wp-json\/wp\/v2\/tags?post=117106"}],"curies":[{"name":"wp","href":"https:\/\/api.w.org\/{rel}","templated":true}]}}