{"id":117113,"date":"2025-06-20T19:05:49","date_gmt":"2025-06-20T19:05:49","guid":{"rendered":"https:\/\/rdnews.al\/?p=117113"},"modified":"2025-06-20T19:06:09","modified_gmt":"2025-06-20T19:06:09","slug":"malltezi-pislleqe-nen-rregjine-e-edi-rames-dhe-kukullave-te-tij-te-emeruar-ne-drejtesi","status":"publish","type":"post","link":"https:\/\/rdnews.al\/index.php\/2025\/06\/20\/malltezi-pislleqe-nen-rregjine-e-edi-rames-dhe-kukullave-te-tij-te-emeruar-ne-drejtesi\/","title":{"rendered":"Malltezi: Pisll\u00ebqe n\u00ebn regjin\u00eb e Edi Ram\u00ebs dhe kukullave t\u00eb tij t\u00eb em\u00ebruar n\u00eb drejt\u00ebsi!"},"content":{"rendered":"<p>Drejtuesi i Departamentit t\u00eb Mjedisit n\u00eb PD, Jamarb\u00ebr Malltezi e ka quajtur \u2018ballo me maska\u2019 kalvarin e procesit ndaj gjyqtares s\u00eb GJKKOS-s\u00eb, Irena Gjoka Maneka Spata, e cila \u00ebsht\u00eb kall\u00ebzuar p\u00ebr mashtrim t\u00eb formularit t\u00eb vet\u00ebdeklarimit, pasi nuk ka deklaruar d\u00ebnimin e saj penal nga Gjykata e Janin\u00ebs.<\/p>\n<p>N\u00eb postimin e tij n\u00eb Facebook, Malltezi thekson se t\u00eb gjitha k\u00ebto makinacione p\u00ebr zvarritjen e shkarkimit t\u00eb gjyqtares me 3 mbiemram jan\u00eb \u2018pisll\u00ebqe n\u00ebn rregjin\u00eb e Edi Ram\u00ebs dhe kukullave t\u00eb tij t\u00eb em\u00ebruar n\u00eb drejt\u00ebsi\u2019.<\/p>\n<p><strong>Postimi <\/strong><\/p>\n<p>Ballo me maska e dreqt\u00ebsis\u00eb:<\/p>\n<p>Adriana Kalaja kallzoi Linda Ram\u00ebn se ka marr\u00eb tok\u00eb me letra fallso. Dumani e con tek Prokuroria e Tiran\u00ebs se kinse Linda Rama nuk eshte subjekt i SPAK nderkoh\u00eb q\u00eb ka 20 muaj q\u00eb me mban te burgosur politik.<\/p>\n<p>Prokuroria e Tiranes ia kthen SPAK e GJKKO.<\/p>\n<p>Irena me 3 mbiemra p\u00ebr t&#8217;a vonuar e con n\u00eb Gjykat\u00ebn e Lart\u00eb p\u00ebr kompetence.<\/p>\n<p>GJL pas disa muajsh cakton se eshte GJKKO. Pasi del se Irena me 3 mbiemra ka 2 vendime debimi dhe 1 vendim penal te formes se prere dhe ka fallsifikuar formularet, (rena nuk permbush kushtet per te qene giyatare) per pasoje sipas Nenin 128\/a te KPP vendimet e saj jane nul, Kalaja kerkon te mos jete aminstuesja Irena qe t&#8217;a shgyrtoje.<\/p>\n<p>Gjyqtarja Davidhi refuzon kerkes\u00ebn pasi s&#8217;ka vendim te prer\u00eb nga KLGJ.<\/p>\n<p>KLGJ duhet te veproje per 15 dit\u00e9 por ka 15 muaj pa vendim se pret konfirmim nga Prokuroria e Pergjithshme ndonese vendimi eshte me vule apostile.<\/p>\n<p>Prokuroria e P\u00ebrgjithshme ia nis letrat p\u00ebrmes Ministris\u00eb s\u00eb Ulsiut dhe ky n\u00eb vend qe te pyese Janinen pyet Athinen ndaj e vonon.<\/p>\n<p>Pisll\u00ebqe n\u00ebn rregjin\u00eb e Edi Ram\u00ebs dhe kukullave t\u00eb tij t\u00eb em\u00ebruar n\u00eb drejt\u00ebsi.<\/p>\n","protected":false},"excerpt":{"rendered":"<p>Drejtuesi i Departamentit t\u00eb Mjedisit n\u00eb PD, Jamarb\u00ebr Malltezi e ka quajtur \u2018ballo me maska\u2019 kalvarin e procesit ndaj gjyqtares s\u00eb GJKKOS-s\u00eb, Irena Gjoka Maneka Spata, e cila \u00ebsht\u00eb kall\u00ebzuar p\u00ebr mashtrim t\u00eb formularit t\u00eb vet\u00ebdeklarimit, pasi nuk ka deklaruar d\u00ebnimin e saj penal nga Gjykata e Janin\u00ebs. N\u00eb postimin e tij n\u00eb Facebook, Malltezi &hellip;<\/p>\n","protected":false},"author":4,"featured_media":75423,"comment_status":"closed","ping_status":"closed","sticky":false,"template":"","format":"standard","meta":{"footnotes":""},"categories":[37],"tags":[],"class_list":["post-117113","post","type-post","status-publish","format-standard","has-post-thumbnail","","category-politike"],"_links":{"self":[{"href":"https:\/\/rdnews.al\/index.php\/wp-json\/wp\/v2\/posts\/117113","targetHints":{"allow":["GET"]}}],"collection":[{"href":"https:\/\/rdnews.al\/index.php\/wp-json\/wp\/v2\/posts"}],"about":[{"href":"https:\/\/rdnews.al\/index.php\/wp-json\/wp\/v2\/types\/post"}],"author":[{"embeddable":true,"href":"https:\/\/rdnews.al\/index.php\/wp-json\/wp\/v2\/users\/4"}],"replies":[{"embeddable":true,"href":"https:\/\/rdnews.al\/index.php\/wp-json\/wp\/v2\/comments?post=117113"}],"version-history":[{"count":2,"href":"https:\/\/rdnews.al\/index.php\/wp-json\/wp\/v2\/posts\/117113\/revisions"}],"predecessor-version":[{"id":117115,"href":"https:\/\/rdnews.al\/index.php\/wp-json\/wp\/v2\/posts\/117113\/revisions\/117115"}],"wp:featuredmedia":[{"embeddable":true,"href":"https:\/\/rdnews.al\/index.php\/wp-json\/wp\/v2\/media\/75423"}],"wp:attachment":[{"href":"https:\/\/rdnews.al\/index.php\/wp-json\/wp\/v2\/media?parent=117113"}],"wp:term":[{"taxonomy":"category","embeddable":true,"href":"https:\/\/rdnews.al\/index.php\/wp-json\/wp\/v2\/categories?post=117113"},{"taxonomy":"post_tag","embeddable":true,"href":"https:\/\/rdnews.al\/index.php\/wp-json\/wp\/v2\/tags?post=117113"}],"curies":[{"name":"wp","href":"https:\/\/api.w.org\/{rel}","templated":true}]}}