{"id":117121,"date":"2025-06-20T21:01:52","date_gmt":"2025-06-20T21:01:52","guid":{"rendered":"https:\/\/rdnews.al\/?p=117121"},"modified":"2025-06-20T21:01:52","modified_gmt":"2025-06-20T21:01:52","slug":"fletethirrje-per-george-soros-nga-kongresi-nderhyri-ne-zgjedhjet-amerikane","status":"publish","type":"post","link":"https:\/\/rdnews.al\/index.php\/2025\/06\/20\/fletethirrje-per-george-soros-nga-kongresi-nderhyri-ne-zgjedhjet-amerikane\/","title":{"rendered":"Flet\u00ebthirrje p\u00ebr George Soros nga Kongresi, nd\u00ebrhyri n\u00eb zgjedhjet amerikane"},"content":{"rendered":"<p><strong>Nga David Edwards, RawStory<\/strong><\/p>\n<p>Ligjv\u00ebn\u00ebsja republikane, Anna Paulina Luna, zbuloi se kryetari i Komitetit p\u00ebr Mbik\u00ebqyrjen n\u00eb Dhom\u00ebn e P\u00ebrfaq\u00ebsuesve, James Comer, me shum\u00eb gjasa do t\u00eb th\u00ebrras\u00eb p\u00ebr d\u00ebshmi miliarderin liberal George Soros, pas k\u00ebrkes\u00ebs s\u00eb saj.<\/p>\n<p>Gjat\u00eb nj\u00eb interviste t\u00eb enjten n\u00eb Newsmax, Luna tha se kishte kontaktuar me Comer p\u00ebr nxjerrjen e flet\u00ebthirrjes.<\/p>\n<p>\u201cKam folur gjithashtu me Kryetarin Comer p\u00ebr t\u00eb nxjerr\u00eb nj\u00eb flet\u00ebthirrje p\u00ebr George Soros, dhe mendoj se ai do ta b\u00ebj\u00eb,\u201d i tha Luna moderatorit Chris Salcedo.<\/p>\n<p>&#8220;Dhe pastaj, sot mora nj\u00eb mesazh nga p\u00ebrfaq\u00ebsuesi Van Drew nga Nju Xhersi, i cili tha se n\u00eb n\u00ebnkomitetin e tij, ku \u00ebsht\u00eb kryetar, ata do t\u00eb shqyrtojn\u00eb n\u00eb m\u00ebnyr\u00eb t\u00eb qart\u00eb nd\u00ebrhyrjen e George Soros n\u00eb procesin ton\u00eb zgjedhor,&#8221; shtoi ajo.<\/p>\n<p>&#8220;Pra, kjo \u00ebsht\u00eb di\u00e7ka q\u00eb duhej b\u00ebr\u00eb me koh\u00eb&#8221;.<\/p>\n<p>Nga ana e tyre, demokrat\u00ebt kan\u00eb k\u00ebrkuar disa her\u00eb nga republikan\u00ebt t\u00eb th\u00ebrrasin miliarderin Elon Musk, pasi ai nd\u00ebrhyri n\u00eb zgjedhjet e vitit 2024 n\u00eb favor t\u00eb presidentit Donald Trump.<\/p>\n","protected":false},"excerpt":{"rendered":"<p>Nga David Edwards, RawStory Ligjv\u00ebn\u00ebsja republikane, Anna Paulina Luna, zbuloi se kryetari i Komitetit p\u00ebr Mbik\u00ebqyrjen n\u00eb Dhom\u00ebn e P\u00ebrfaq\u00ebsuesve, James Comer, me shum\u00eb gjasa do t\u00eb th\u00ebrras\u00eb p\u00ebr d\u00ebshmi miliarderin liberal George Soros, pas k\u00ebrkes\u00ebs s\u00eb saj. Gjat\u00eb nj\u00eb interviste t\u00eb enjten n\u00eb Newsmax, Luna tha se kishte kontaktuar me Comer p\u00ebr nxjerrjen e &hellip;<\/p>\n","protected":false},"author":3,"featured_media":117122,"comment_status":"closed","ping_status":"closed","sticky":false,"template":"","format":"standard","meta":{"footnotes":""},"categories":[37],"tags":[],"class_list":["post-117121","post","type-post","status-publish","format-standard","has-post-thumbnail","","category-politike"],"_links":{"self":[{"href":"https:\/\/rdnews.al\/index.php\/wp-json\/wp\/v2\/posts\/117121","targetHints":{"allow":["GET"]}}],"collection":[{"href":"https:\/\/rdnews.al\/index.php\/wp-json\/wp\/v2\/posts"}],"about":[{"href":"https:\/\/rdnews.al\/index.php\/wp-json\/wp\/v2\/types\/post"}],"author":[{"embeddable":true,"href":"https:\/\/rdnews.al\/index.php\/wp-json\/wp\/v2\/users\/3"}],"replies":[{"embeddable":true,"href":"https:\/\/rdnews.al\/index.php\/wp-json\/wp\/v2\/comments?post=117121"}],"version-history":[{"count":1,"href":"https:\/\/rdnews.al\/index.php\/wp-json\/wp\/v2\/posts\/117121\/revisions"}],"predecessor-version":[{"id":117123,"href":"https:\/\/rdnews.al\/index.php\/wp-json\/wp\/v2\/posts\/117121\/revisions\/117123"}],"wp:featuredmedia":[{"embeddable":true,"href":"https:\/\/rdnews.al\/index.php\/wp-json\/wp\/v2\/media\/117122"}],"wp:attachment":[{"href":"https:\/\/rdnews.al\/index.php\/wp-json\/wp\/v2\/media?parent=117121"}],"wp:term":[{"taxonomy":"category","embeddable":true,"href":"https:\/\/rdnews.al\/index.php\/wp-json\/wp\/v2\/categories?post=117121"},{"taxonomy":"post_tag","embeddable":true,"href":"https:\/\/rdnews.al\/index.php\/wp-json\/wp\/v2\/tags?post=117121"}],"curies":[{"name":"wp","href":"https:\/\/api.w.org\/{rel}","templated":true}]}}