{"id":117130,"date":"2025-06-21T08:33:27","date_gmt":"2025-06-21T08:33:27","guid":{"rendered":"https:\/\/rdnews.al\/?p=117130"},"modified":"2025-06-21T08:34:04","modified_gmt":"2025-06-21T08:34:04","slug":"noka-qeveria-e-rekordeve-negative-i-siguron-shqiperise-vendin-e-fundit-per-cilesine-e-ujerave-te-paster","status":"publish","type":"post","link":"https:\/\/rdnews.al\/index.php\/2025\/06\/21\/noka-qeveria-e-rekordeve-negative-i-siguron-shqiperise-vendin-e-fundit-per-cilesine-e-ujerave-te-paster\/","title":{"rendered":"Noka: Qeveria e rekordeve negative, Shqip\u00ebria n\u00eb vendin e fundit p\u00ebr cil\u00ebsin\u00eb e uj\u00ebrave t\u00eb past\u00ebr"},"content":{"rendered":"<div id=\"rekl-49\">Sekretari i P\u00ebrgjithsh\u00ebm i PD, Flamur Noka, n\u00eb nj\u00eb postim t\u00eb tij n\u00eb Facebook, ka denoncuar p\u00ebrkeq\u00ebsimin dramatik t\u00eb cil\u00ebsis\u00eb s\u00eb uj\u00ebrave t\u00eb plazheve n\u00eb Shqip\u00ebri, duke e lidhur k\u00ebt\u00eb me d\u00ebshtimin e qeveris\u00eb p\u00ebr t\u00eb menaxhuar mjedisin.<\/div>\n<div class=\"readmore-text-here\">\n<p>Ai thekson se sipas t\u00eb dh\u00ebnave t\u00eb Agjencis\u00eb Europiane t\u00eb Mjedisit, Shqip\u00ebria \u00ebsht\u00eb renditur n\u00eb vendin e fundit n\u00eb Europ\u00eb p\u00ebr sa i p\u00ebrket uj\u00ebrave t\u00eb plazheve me cil\u00ebsi t\u00eb shk\u00eblqyer, me vet\u00ebm 16% t\u00eb tyre q\u00eb p\u00ebrmbushin standardet m\u00eb t\u00eb larta t\u00eb cil\u00ebsis\u00eb.<\/p>\n<p><strong>Reagimi\u00a0<\/strong><\/p>\n<p>#Qeveria e rekordeve negative [\ud83d\udcc9] i siguron Shqip\u00ebris\u00eb vendin e fundit. Propaganda e saj nuk e ka mashtruar dot Agjencin\u00eb Europiane t\u00eb Mjedisit, e cila na liston n\u00eb vend t\u00eb fundit me vet\u00ebm 16% t\u00eb uj\u00ebrave p\u00ebr notim me cil\u00ebsi t\u00eb shk\u00eblqyer. Pjesa tjet\u00ebr kan\u00eb higjien\u00ebn e Ram\u00ebs.<\/p>\n<p><iframe loading=\"lazy\" src=\"https:\/\/www.facebook.com\/plugins\/post.php?href=https%3A%2F%2Fwww.facebook.com%2Fpermalink.php%3Fstory_fbid%3Dpfbid02RVkV16857WXXJGS3ra1iezEKd77WtrPvGAoYNbNa3ihVZUDSyzVpRt16xbEwcaPkl%26id%3D100063549317919&amp;show_text=true&amp;width=500\" width=\"500\" height=\"703\" frameborder=\"0\" scrolling=\"no\" allowfullscreen=\"allowfullscreen\" data-mce-fragment=\"1\"><\/iframe><\/p>\n<\/div>\n<div id=\"rekl-33\"><\/div>\n","protected":false},"excerpt":{"rendered":"<p>Sekretari i P\u00ebrgjithsh\u00ebm i PD, Flamur Noka, n\u00eb nj\u00eb postim t\u00eb tij n\u00eb Facebook, ka denoncuar p\u00ebrkeq\u00ebsimin dramatik t\u00eb cil\u00ebsis\u00eb s\u00eb uj\u00ebrave t\u00eb plazheve n\u00eb Shqip\u00ebri, duke e lidhur k\u00ebt\u00eb me d\u00ebshtimin e qeveris\u00eb p\u00ebr t\u00eb menaxhuar mjedisin. Ai thekson se sipas t\u00eb dh\u00ebnave t\u00eb Agjencis\u00eb Europiane t\u00eb Mjedisit, Shqip\u00ebria \u00ebsht\u00eb renditur n\u00eb vendin e &hellip;<\/p>\n","protected":false},"author":4,"featured_media":117131,"comment_status":"closed","ping_status":"closed","sticky":false,"template":"","format":"standard","meta":{"footnotes":""},"categories":[37],"tags":[],"class_list":["post-117130","post","type-post","status-publish","format-standard","has-post-thumbnail","","category-politike"],"_links":{"self":[{"href":"https:\/\/rdnews.al\/index.php\/wp-json\/wp\/v2\/posts\/117130","targetHints":{"allow":["GET"]}}],"collection":[{"href":"https:\/\/rdnews.al\/index.php\/wp-json\/wp\/v2\/posts"}],"about":[{"href":"https:\/\/rdnews.al\/index.php\/wp-json\/wp\/v2\/types\/post"}],"author":[{"embeddable":true,"href":"https:\/\/rdnews.al\/index.php\/wp-json\/wp\/v2\/users\/4"}],"replies":[{"embeddable":true,"href":"https:\/\/rdnews.al\/index.php\/wp-json\/wp\/v2\/comments?post=117130"}],"version-history":[{"count":2,"href":"https:\/\/rdnews.al\/index.php\/wp-json\/wp\/v2\/posts\/117130\/revisions"}],"predecessor-version":[{"id":117133,"href":"https:\/\/rdnews.al\/index.php\/wp-json\/wp\/v2\/posts\/117130\/revisions\/117133"}],"wp:featuredmedia":[{"embeddable":true,"href":"https:\/\/rdnews.al\/index.php\/wp-json\/wp\/v2\/media\/117131"}],"wp:attachment":[{"href":"https:\/\/rdnews.al\/index.php\/wp-json\/wp\/v2\/media?parent=117130"}],"wp:term":[{"taxonomy":"category","embeddable":true,"href":"https:\/\/rdnews.al\/index.php\/wp-json\/wp\/v2\/categories?post=117130"},{"taxonomy":"post_tag","embeddable":true,"href":"https:\/\/rdnews.al\/index.php\/wp-json\/wp\/v2\/tags?post=117130"}],"curies":[{"name":"wp","href":"https:\/\/api.w.org\/{rel}","templated":true}]}}