{"id":117154,"date":"2025-06-21T10:42:39","date_gmt":"2025-06-21T10:42:39","guid":{"rendered":"https:\/\/rdnews.al\/?p=117154"},"modified":"2025-06-21T10:43:01","modified_gmt":"2025-06-21T10:43:01","slug":"skandali-meta-mbahet-ne-qeli-per-firmat-qe-ka-hedhur-braimllari","status":"publish","type":"post","link":"https:\/\/rdnews.al\/index.php\/2025\/06\/21\/skandali-meta-mbahet-ne-qeli-per-firmat-qe-ka-hedhur-braimllari\/","title":{"rendered":"Skandali\/Meta mbahet n\u00eb qeli p\u00ebr firmat q\u00eb ka hedhur Braimllari"},"content":{"rendered":"<div dir=\"auto\"><strong>Ilir META<\/strong><\/div>\n<div dir=\"auto\"><\/div>\n<div dir=\"auto\">Endrit Braimllari \u00ebsht\u00eb shembulli m\u00eb i gjall\u00eb i m\u00ebnyr\u00ebs se si SPAK-u arrin t\u2019i konvertoj\u00eb njer\u00ebzit pa karakter n\u00eb \u201crilindas\u201d t\u00eb denj\u00eb \u2013 g\u00ebnjeshtar\u00eb.<\/div>\n<div dir=\"auto\">Vet\u00ebm nj\u00eb \u201crilindas\u201d mund t\u00eb harroj\u00eb firmat q\u00eb ka hedhur vet\u00eb dhe arsyet p\u00ebr t\u00eb cilat i ka hedhur.<\/div>\n<div dir=\"auto\">Nj\u00eb g\u00ebnjeshtar ordiner, q\u00eb p\u00ebrpiqet t\u00eb fshihet pas harres\u00ebs, por e v\u00ebrteta nuk fshihet as me loj\u00ebra fjal\u00ebsh, as me konvertim teserash partie.<\/div>\n<div dir=\"auto\">Firma p\u00ebr lobimet e LSI-s\u00eb n\u00eb periudh\u00ebn 2018\u20132019 \u00ebsht\u00eb e Endrit Braimllarit. N\u00eb at\u00eb koh\u00eb, un\u00eb nuk isha kryetar i LSI-s\u00eb, por President i Republik\u00ebs.<\/div>\n<div dir=\"auto\">P\u00ebr firmat e tij un\u00eb q\u00ebndroj n\u00eb izolim ekstrem, nd\u00ebrsa Endriti \u201cgradohet\u201d n\u00ebnkryetar i K\u00ebshillit Bashkiak t\u00eb Tiran\u00ebs.<\/div>\n<div dir=\"auto\">Apo mos ndoshta \u00ebsht\u00eb Altin Dumani q\u00eb g\u00ebnjen n\u00eb shkres\u00ebn zyrtare t\u00eb firmosur prej tij?<\/div>\n","protected":false},"excerpt":{"rendered":"<p>Ilir META Endrit Braimllari \u00ebsht\u00eb shembulli m\u00eb i gjall\u00eb i m\u00ebnyr\u00ebs se si SPAK-u arrin t\u2019i konvertoj\u00eb njer\u00ebzit pa karakter n\u00eb \u201crilindas\u201d t\u00eb denj\u00eb \u2013 g\u00ebnjeshtar\u00eb. Vet\u00ebm nj\u00eb \u201crilindas\u201d mund t\u00eb harroj\u00eb firmat q\u00eb ka hedhur vet\u00eb dhe arsyet p\u00ebr t\u00eb cilat i ka hedhur. Nj\u00eb g\u00ebnjeshtar ordiner, q\u00eb p\u00ebrpiqet t\u00eb fshihet pas harres\u00ebs, por &hellip;<\/p>\n","protected":false},"author":3,"featured_media":117156,"comment_status":"closed","ping_status":"closed","sticky":false,"template":"","format":"standard","meta":{"footnotes":""},"categories":[37],"tags":[],"class_list":["post-117154","post","type-post","status-publish","format-standard","has-post-thumbnail","","category-politike"],"_links":{"self":[{"href":"https:\/\/rdnews.al\/index.php\/wp-json\/wp\/v2\/posts\/117154","targetHints":{"allow":["GET"]}}],"collection":[{"href":"https:\/\/rdnews.al\/index.php\/wp-json\/wp\/v2\/posts"}],"about":[{"href":"https:\/\/rdnews.al\/index.php\/wp-json\/wp\/v2\/types\/post"}],"author":[{"embeddable":true,"href":"https:\/\/rdnews.al\/index.php\/wp-json\/wp\/v2\/users\/3"}],"replies":[{"embeddable":true,"href":"https:\/\/rdnews.al\/index.php\/wp-json\/wp\/v2\/comments?post=117154"}],"version-history":[{"count":2,"href":"https:\/\/rdnews.al\/index.php\/wp-json\/wp\/v2\/posts\/117154\/revisions"}],"predecessor-version":[{"id":117158,"href":"https:\/\/rdnews.al\/index.php\/wp-json\/wp\/v2\/posts\/117154\/revisions\/117158"}],"wp:featuredmedia":[{"embeddable":true,"href":"https:\/\/rdnews.al\/index.php\/wp-json\/wp\/v2\/media\/117156"}],"wp:attachment":[{"href":"https:\/\/rdnews.al\/index.php\/wp-json\/wp\/v2\/media?parent=117154"}],"wp:term":[{"taxonomy":"category","embeddable":true,"href":"https:\/\/rdnews.al\/index.php\/wp-json\/wp\/v2\/categories?post=117154"},{"taxonomy":"post_tag","embeddable":true,"href":"https:\/\/rdnews.al\/index.php\/wp-json\/wp\/v2\/tags?post=117154"}],"curies":[{"name":"wp","href":"https:\/\/api.w.org\/{rel}","templated":true}]}}