{"id":117166,"date":"2025-06-21T17:12:32","date_gmt":"2025-06-21T17:12:32","guid":{"rendered":"https:\/\/rdnews.al\/?p=117166"},"modified":"2025-06-21T17:12:32","modified_gmt":"2025-06-21T17:12:32","slug":"berisha-edi-rama-damkoset-boterisht-si-ramaduro-pra-maduro-i-europes","status":"publish","type":"post","link":"https:\/\/rdnews.al\/index.php\/2025\/06\/21\/berisha-edi-rama-damkoset-boterisht-si-ramaduro-pra-maduro-i-europes\/","title":{"rendered":"Berisha: Edi Rama damkoset bot\u00ebrisht si \u201cRamaduro\u201d, pra Maduro i Europ\u00ebs!"},"content":{"rendered":"<div id=\"rekl-49\">Lideri i opozit\u00ebs, Sali Berisha ka reaguar me nj\u00eb sh\u00ebnim t\u00eb shkurt\u00ebr pas publikimit n\u00eb median amerikane Fox News t\u00eb artikullit p\u00ebr Edi Ram\u00ebn dhe narko shetin e tij.<\/div>\n<div class=\"readmore-text-here\">\n<p>&#8220;K\u00ebshtu Edit Rama p\u00ebr shkak t\u00eb lidhjeve t\u00eb tij t\u00eb fuqishme me kartelet e drog\u00ebs, p\u00ebrqendrimit t\u00eb t\u00eb gjitha pushteteve n\u00eb duart e tij, shnd\u00ebrrimit t\u00eb procesit zgjedhor n\u00eb fars\u00eb elektorale, etiketohet si \u201cRamaduro\u201d, pra shpallet si Maduro i Europ\u00ebs&#8221;, shkruan Berisha me mesazhin e tij ne facebook<strong>.<\/strong><\/p>\n<p><strong>Reagimi<\/strong><\/p>\n<p>Damkosje historike!<\/p>\n<p>Edi Rama damkoset bot\u00ebrisht si \u201cRamaduro\u201d, pra Maduro i Europ\u00ebs!<\/p>\n<p>Fox News, televizioni m\u00eb i fuqish\u00ebm dhe m\u00eb i shikuar n\u00eb SHBA e quan Edi Ram\u00ebn kreun e narko-shtetit t\u00eb par\u00eb dhe t\u00eb vet\u00ebm n\u00eb Europ\u00eb si \u201cRamaduro\u201dp\u00ebr ngjashm\u00ebrin\u00eb e tij identike me diktatorin e Venezuel\u00ebs Nicolas Maduro.<\/p>\n<p>K\u00ebshtu Edit Rama p\u00ebr shkak t\u00eb lidhjeve t\u00eb tij t\u00eb fuqishme me kartelet e drog\u00ebs, p\u00ebrqendrimit t\u00eb t\u00eb gjitha pushteteve n\u00eb duart e tij, shnd\u00ebrrimit t\u00eb procesit zgjedhor n\u00eb fars\u00eb elektorale, etiketohet si \u201cRamaduro\u201d, pra shpallet si Maduro i Europ\u00ebs.<\/p>\n<p>K\u00ebtu m\u00eb posht\u00eb keni artikullin e publikuar sot nga Tv Fox News!<\/p>\n<p><iframe loading=\"lazy\" src=\"https:\/\/www.facebook.com\/plugins\/post.php?href=https%3A%2F%2Fwww.facebook.com%2FSaliBerisha%2Fposts%2Fpfbid0Ps4q1qJjV8TW3uD6tDwe42WScMhWNkfNY3JpotCSYZhN8h1XRA6aq92Yo9QLcXbQl&amp;show_text=true&amp;width=500\" width=\"500\" height=\"427\" frameborder=\"0\" scrolling=\"no\" allowfullscreen=\"allowfullscreen\" data-mce-fragment=\"1\"><\/iframe><\/p>\n<\/div>\n<div id=\"rekl-16\"><\/div>\n<div id=\"rekl-33\"><\/div>\n","protected":false},"excerpt":{"rendered":"<p>Lideri i opozit\u00ebs, Sali Berisha ka reaguar me nj\u00eb sh\u00ebnim t\u00eb shkurt\u00ebr pas publikimit n\u00eb median amerikane Fox News t\u00eb artikullit p\u00ebr Edi Ram\u00ebn dhe narko shetin e tij. &#8220;K\u00ebshtu Edit Rama p\u00ebr shkak t\u00eb lidhjeve t\u00eb tij t\u00eb fuqishme me kartelet e drog\u00ebs, p\u00ebrqendrimit t\u00eb t\u00eb gjitha pushteteve n\u00eb duart e tij, shnd\u00ebrrimit t\u00eb &hellip;<\/p>\n","protected":false},"author":4,"featured_media":117167,"comment_status":"closed","ping_status":"closed","sticky":false,"template":"","format":"standard","meta":{"footnotes":""},"categories":[37],"tags":[],"class_list":["post-117166","post","type-post","status-publish","format-standard","has-post-thumbnail","","category-politike"],"_links":{"self":[{"href":"https:\/\/rdnews.al\/index.php\/wp-json\/wp\/v2\/posts\/117166","targetHints":{"allow":["GET"]}}],"collection":[{"href":"https:\/\/rdnews.al\/index.php\/wp-json\/wp\/v2\/posts"}],"about":[{"href":"https:\/\/rdnews.al\/index.php\/wp-json\/wp\/v2\/types\/post"}],"author":[{"embeddable":true,"href":"https:\/\/rdnews.al\/index.php\/wp-json\/wp\/v2\/users\/4"}],"replies":[{"embeddable":true,"href":"https:\/\/rdnews.al\/index.php\/wp-json\/wp\/v2\/comments?post=117166"}],"version-history":[{"count":1,"href":"https:\/\/rdnews.al\/index.php\/wp-json\/wp\/v2\/posts\/117166\/revisions"}],"predecessor-version":[{"id":117168,"href":"https:\/\/rdnews.al\/index.php\/wp-json\/wp\/v2\/posts\/117166\/revisions\/117168"}],"wp:featuredmedia":[{"embeddable":true,"href":"https:\/\/rdnews.al\/index.php\/wp-json\/wp\/v2\/media\/117167"}],"wp:attachment":[{"href":"https:\/\/rdnews.al\/index.php\/wp-json\/wp\/v2\/media?parent=117166"}],"wp:term":[{"taxonomy":"category","embeddable":true,"href":"https:\/\/rdnews.al\/index.php\/wp-json\/wp\/v2\/categories?post=117166"},{"taxonomy":"post_tag","embeddable":true,"href":"https:\/\/rdnews.al\/index.php\/wp-json\/wp\/v2\/tags?post=117166"}],"curies":[{"name":"wp","href":"https:\/\/api.w.org\/{rel}","templated":true}]}}