{"id":117169,"date":"2025-06-21T17:18:33","date_gmt":"2025-06-21T17:18:33","guid":{"rendered":"https:\/\/rdnews.al\/?p=117169"},"modified":"2025-06-21T17:18:33","modified_gmt":"2025-06-21T17:18:33","slug":"lufta-per-demokraci-ne-zemer-te-europes","status":"publish","type":"post","link":"https:\/\/rdnews.al\/index.php\/2025\/06\/21\/lufta-per-demokraci-ne-zemer-te-europes\/","title":{"rendered":"Lufta p\u00ebr demokraci n\u00eb zem\u00ebr t\u00eb Europ\u00ebs"},"content":{"rendered":"<p><strong>Nga Redin HAFIZI<\/strong><\/p>\n<p>Kur revolucioni iranian i 1979 u krye, shum\u00eb iranian besuan se marr\u00ebdh\u00ebniet mes Iranit dhe Franc\u00ebs do t\u00eb forcoheshin n\u00eb nj\u00eb m\u00ebnyr\u00eb t\u00eb paprecedent\u00eb. AyatollahRuhollah Khomeini, themeluesi i Republik\u00ebs Islamike jetoi kat\u00ebr muajt e fundit t\u00eb 14 vjet\u00ebve t\u00eb ekzilit t\u00eb tij n\u00eb Franc\u00eb. Revolucionar\u00ebt Islamik\u00eb shpesh shprehnin admirim p\u00ebr aktin mik\u00ebprit\u00ebs t\u00eb lider\u00ebve Francez\u00eb kundrejt liderit spiritual t\u00eb Revolucionit Islamik. Pra me mb\u00ebshtetjen e nj\u00eb qeverrie Franceze u ndryshua nj\u00eb sistem n\u00eb zem\u00ebr t\u00eb Lindjes s\u00eb Mesme. Franca k\u00ebrkoi t\u00eb injektonte iden\u00eb e perandoris\u00eb Perse, ashtu si\u00e7 mb\u00ebshtet Perandorin\u00eb Turke apo edhe at\u00eb Ruse. N\u00eb fakt sot k\u00ebto shtete jan\u00eb aleate dhe Franca \u00ebsht\u00eb pika q\u00eb i bashkon.<\/p>\n<p>Analist\u00ebt deklarojn\u00eb se hakerat e Iranit kan\u00eb sulmuar sistemin e Bashkis\u00eb s\u00eb Tiran\u00ebs. Pra hakerat n\u00eb Iran nuk paskan pun\u00eb tjet\u00ebr, por t\u00eb sulmojn\u00eb nj\u00eb bashki q\u00eb nuk ka kryebashkiak? Analist\u00ebt mendojn\u00eb se Irani mund t\u00eb sulmoj\u00eb n\u00eb nj\u00eb vend q\u00eb \u00ebsht\u00eb vet\u00ebm k\u00ebrc\u00ebnim i qytetar\u00ebve t\u00eb vet p\u00ebr shkak se shteti Shqiptar b\u00ebn t\u00eb fortin vet\u00ebm me disident\u00ebt dhe kund\u00ebrshtar\u00ebt e tij, kur ky shtet ngjan m\u00eb shum\u00eb me Iranin se Shqip\u00ebrin\u00eb.<\/p>\n<p>Analist\u00ebt n\u00eb Shqip\u00ebri flasin p\u00ebr sistem demokratik, sistem kleptokrat, sistem kapitalist. Analist\u00ebt shpesh deklarojn\u00eb se Shqip\u00ebria mb\u00ebshtetet nga USA dhe m\u00eb pas Shqip\u00ebria mb\u00ebshtetet nga EU. Analist\u00ebt gjithashtu deklarojn\u00eb se n\u00ebse Shqip\u00ebria nuk mb\u00ebshtetet nga USA dhe EU mund t\u00eb rr\u00ebshkas\u00eb n\u00ebn mbikqyrjen e Kin\u00ebs, Rusis\u00eb dhe sulmet mediatike me Iranin si kryefjal\u00eb. Analist\u00ebt thon\u00eb se regjimi Iranian erdhi si shkak i nj\u00eb revolucioni q\u00eb kurr\u00eb nuk u konsiderua demokratik, por globalist\u00ebt kan\u00eb d\u00ebshir\u00eb ta quajn\u00eb demokratik, pasi n\u00ebn ombrell\u00ebn e tyre krijojn\u00eb shtete terroriste si Irani apo Koreja e Veriut q\u00eb t\u00eb k\u00ebrc\u00ebnojn\u00eb paqen e familjar\u00ebve t\u00eb thjesht\u00eb.<\/p>\n<p>Jan\u00eb Irani, Koreja e Veriut, Biellorusia q\u00eb sot p\u00ebrdoren nga Kina dhe Rusia p\u00ebr t\u2019i dh\u00ebn\u00eb shpres\u00eb diktator\u00ebve dhe diktatoruc\u00ebve. Jan\u00eb diktator\u00ebt si Erdogan, Putin, XiPing q\u00eb ushqejn\u00eb komplet lindjen me diktatoruc\u00eb q\u00eb duken m\u00eb shum\u00eb si tentakula p\u00ebr t\u00eb mposhtur popujt q\u00eb k\u00ebrkojn\u00eb demokraci. Nd\u00ebrkoh\u00eb q\u00eb lufta p\u00ebr demokraci ka plasur n\u00eb zem\u00ebr t\u00eb Europ\u00ebs dhe dihet se USA nuk ka besim p\u00ebr t\u00eb bashk\u00ebpunuar me nj\u00eb vend q\u00eb nuk rrespekton lirit\u00eb dhe t\u00eb drejtat e njeriut, qoft\u00eb ky vend edhe n\u00eb EU apo edhe aspirant p\u00ebr EU.<\/p>\n<p>Shqip\u00ebria ka mb\u00ebshtetjen e Macron p\u00ebr an\u00ebtar\u00ebsim n\u00eb EU dhe kjo \u00ebsht\u00eb nj\u00eb deklarat\u00eb publike, nd\u00ebrkoh\u00eb q\u00eb asnj\u00eb lider i EU nuk \u00ebsht\u00eb shprehur si\u00e7 Macron u shpreh duke injoruar vullnetin e popullit Shqiptar.<\/p>\n","protected":false},"excerpt":{"rendered":"<p>Nga Redin HAFIZI Kur revolucioni iranian i 1979 u krye, shum\u00eb iranian besuan se marr\u00ebdh\u00ebniet mes Iranit dhe Franc\u00ebs do t\u00eb forcoheshin n\u00eb nj\u00eb m\u00ebnyr\u00eb t\u00eb paprecedent\u00eb. AyatollahRuhollah Khomeini, themeluesi i Republik\u00ebs Islamike jetoi kat\u00ebr muajt e fundit t\u00eb 14 vjet\u00ebve t\u00eb ekzilit t\u00eb tij n\u00eb Franc\u00eb. Revolucionar\u00ebt Islamik\u00eb shpesh shprehnin admirim p\u00ebr aktin mik\u00ebprit\u00ebs &hellip;<\/p>\n","protected":false},"author":4,"featured_media":117170,"comment_status":"closed","ping_status":"closed","sticky":false,"template":"","format":"standard","meta":{"footnotes":""},"categories":[44],"tags":[],"class_list":["post-117169","post","type-post","status-publish","format-standard","has-post-thumbnail","","category-editorial"],"_links":{"self":[{"href":"https:\/\/rdnews.al\/index.php\/wp-json\/wp\/v2\/posts\/117169","targetHints":{"allow":["GET"]}}],"collection":[{"href":"https:\/\/rdnews.al\/index.php\/wp-json\/wp\/v2\/posts"}],"about":[{"href":"https:\/\/rdnews.al\/index.php\/wp-json\/wp\/v2\/types\/post"}],"author":[{"embeddable":true,"href":"https:\/\/rdnews.al\/index.php\/wp-json\/wp\/v2\/users\/4"}],"replies":[{"embeddable":true,"href":"https:\/\/rdnews.al\/index.php\/wp-json\/wp\/v2\/comments?post=117169"}],"version-history":[{"count":1,"href":"https:\/\/rdnews.al\/index.php\/wp-json\/wp\/v2\/posts\/117169\/revisions"}],"predecessor-version":[{"id":117171,"href":"https:\/\/rdnews.al\/index.php\/wp-json\/wp\/v2\/posts\/117169\/revisions\/117171"}],"wp:featuredmedia":[{"embeddable":true,"href":"https:\/\/rdnews.al\/index.php\/wp-json\/wp\/v2\/media\/117170"}],"wp:attachment":[{"href":"https:\/\/rdnews.al\/index.php\/wp-json\/wp\/v2\/media?parent=117169"}],"wp:term":[{"taxonomy":"category","embeddable":true,"href":"https:\/\/rdnews.al\/index.php\/wp-json\/wp\/v2\/categories?post=117169"},{"taxonomy":"post_tag","embeddable":true,"href":"https:\/\/rdnews.al\/index.php\/wp-json\/wp\/v2\/tags?post=117169"}],"curies":[{"name":"wp","href":"https:\/\/api.w.org\/{rel}","templated":true}]}}