{"id":117173,"date":"2025-06-21T17:23:25","date_gmt":"2025-06-21T17:23:25","guid":{"rendered":"https:\/\/rdnews.al\/?p=117173"},"modified":"2025-06-21T17:23:44","modified_gmt":"2025-06-21T17:23:44","slug":"117173","status":"publish","type":"post","link":"https:\/\/rdnews.al\/index.php\/2025\/06\/21\/117173\/","title":{"rendered":"Vlora, n\u00eb gjendje t\u00eb jasht\u00ebzakonshme!"},"content":{"rendered":"<p><strong>Nga Rezenbrik Serjani<\/strong><br \/>\n<strong>-Sekretar Funksional per Marredheniet me Publikun-PD Vlore<\/strong><\/p>\n<p>Jemi tashm\u00eb, n\u00eb dit\u00ebt m\u00eb kulminante t\u00eb sezonit turistik, dit\u00eb q\u00eb Vlora dhe vlonjat\u00ebt, sidomos bizneset e lidhura me sektorin turistik i presin me padurim dhe p\u00ebr t\u00eb cilat investohet vit pas viti.<br \/>\nPor Bashkia Vlor\u00eb e mendon ndryshe sh\u00ebrbimin ndaj qytetar\u00ebve, menaxhimin urban t\u00eb qytetit dhe zbatimin e ligjit.<br \/>\nU b\u00ebn tash e dy vjet, q\u00eb kryetari i Bashkis\u00eb Vlor\u00eb, e ka kolapsuar institucionin e Bashkis\u00eb Vlor\u00eb n\u00eb nj\u00eb vat\u00ebr keqmenaxhimi, munges\u00eb transparence dhe llogaridh\u00ebnie.<br \/>\nAsnj\u00eb pun\u00eb nga Bashkia Vlor\u00eb, p\u00ebrgjat\u00eb gjith\u00eb vitit p\u00ebr t\u2019i paraprir\u00eb nj\u00eb sezoni t\u00eb mbar\u00eb turistik, dhe kjo si pasoj\u00eb e nj\u00eb drejtimi mjeran, q\u00eb nis nga Kryedrejtuesi i k\u00ebtij institucioni, nga Kryetari i Bashkis\u00eb Vlor\u00eb, q\u00eb p\u00ebr dy vjet akoma nuk e ka kuptuar se p\u00ebr cfar\u00eb ka nevoj\u00eb ky qytet, n\u00eb unison kjo me politikat antikomb\u00ebtar\u00eb t\u00eb keqqeveris\u00ebsit Rama mbi Vlor\u00ebn.<br \/>\nKa m\u00eb shum\u00eb se sa 1 muaj, q\u00eb mbi 80% e qytetit t\u00eb Vlor\u00ebs nuk ka furnizim me uj\u00eb, edhe pse \u00ebsht\u00eb kulmi i stin\u00ebs s\u00eb ver\u00ebs, temperaturave t\u00eb larta dhe nj\u00eb sezoni turistik, q\u00eb ka nisur i mbrapsht\u00eb me bekimin institucional t\u00eb Bashkis\u00eb Vlor\u00eb.<br \/>\nVlora \u00ebsht\u00eb kthyer n\u00eb that\u00ebsir\u00eb urbane, keqmenaxhim, kaos infrastrukturor dhe kolaps administrativ.<br \/>\nCdo rrug\u00eb e rrugic\u00eb e qytetit \u00ebsht\u00eb jofunksionale, e pakalueshm\u00eb, burim aksidentesh dhe totalisht nuk p\u00ebrmbushin asnj\u00eb paramet\u00ebr normal t\u00eb p\u00ebrdorimit t\u00eb tyre.<br \/>\nKontenier\u00ebt e mbetjeve urbane tejmbushen dhe shnd\u00ebrrohen n\u00eb nj\u00eb pamje jo fort t\u00eb k\u00ebndshme p\u00ebr qytetar\u00ebt dhe turist\u00ebt q\u00eb kan\u00eb zgjedhur bregdetin vlonjat p\u00ebr t\u00eb kaluar disa dit\u00eb pushime.<br \/>\nVlora sot i menaxhon mbetjet urbane n\u00eb nj\u00eb vendgrumbullim, q\u00eb sa her\u00eb kalon kapacitet grumbulluese, cudit\u00ebrisht kthehet n\u00eb nj\u00eb vat\u00ebr t\u00eb frikshme zjarri, duke performuar mbi panoram\u00ebn e qytetit me sht\u00ebllunga t\u00eb sh\u00ebmtuara tymi kancerogjen.<br \/>\nSi k\u00ebrpudha, taks-forcat bashkiake dhe qeveritare ushtrojn\u00eb presione mbi tur-operator\u00ebt turistik n\u00eb qytet, duke ua v\u00ebshtir\u00ebsuar pun\u00ebn e p\u00ebrditshme p\u00ebrgjat\u00eb sezonit turistik, si nj\u00eb tjet\u00ebr simptom\u00eb e kriz\u00ebs. Trajtim i operator\u00ebve turistik\u00eb si burim taksash, jo si bashk\u00ebpun\u00ebtor\u00eb zhvillimi. N\u00eb vend q\u00eb Bashkia t\u00eb jet\u00eb promotorr i nj\u00eb partneriteti serioz publik-privat p\u00ebr turizmin, ajo \u00ebsht\u00eb shnd\u00ebrruar n\u00eb nj\u00eb mekaniz\u00ebm presioni dhe arbitrariteti ndaj bizneseve. Taksat rriten vit pas viti pa asnj\u00eb shpjegim bind\u00ebs, nd\u00ebrsa sh\u00ebrbimet mbeten n\u00eb nivele skandaloze.<br \/>\nTur-operator\u00ebt p\u00ebrballen me kontrolle selektive, gjoba t\u00eb pakuptimta dhe munges\u00eb t\u00eb thell\u00eb bashk\u00ebpunimi, n\u00eb nj\u00eb klim\u00eb ku administrata lokale nuk sheh turizmin si mund\u00ebsi, por si \u201cpla\u00e7k\u00eb financiare\u201d p\u00ebr ta menaxhuar pa transparenc\u00eb.<br \/>\nKryetari i Bashkis\u00eb, q\u00eb vazhdon t\u00eb sillet si nj\u00eb figurant institucional, ka d\u00ebshtuar t\u00eb kuptoj\u00eb jo vet\u00ebm nevojat elementare t\u00eb qytetit, por edhe t\u00eb funksionoj\u00eb si administrator i p\u00ebrditsh\u00ebm i hap\u00ebsir\u00ebs publike. Ai \u00ebsht\u00eb m\u00eb i p\u00ebrqendruar n\u00eb foto ceremonial\u00eb me personazhe televiziv\u00eb, sesa n\u00eb p\u00ebrballjen me realitetin konkret t\u00eb qytetit.<br \/>\nVlora \u00ebsht\u00eb n\u00eb gjendje t\u00eb jasht\u00ebzakonshme, p\u00ebr shkak t\u00eb drejtimit mjeran q\u00eb ka kapluar sot Bashkin\u00eb Vlor\u00eb, ku Kryetari pret e p\u00ebrcjell\u00eb aktor\u00eb telenovelash dhe skuqt e zverdhet nga padroni i tij, dhe jo nga p\u00ebrditshm\u00ebria dhe jeta e k\u00ebtij qyteti !<\/p>\n","protected":false},"excerpt":{"rendered":"<p>Nga Rezenbrik Serjani -Sekretar Funksional per Marredheniet me Publikun-PD Vlore Jemi tashm\u00eb, n\u00eb dit\u00ebt m\u00eb kulminante t\u00eb sezonit turistik, dit\u00eb q\u00eb Vlora dhe vlonjat\u00ebt, sidomos bizneset e lidhura me sektorin turistik i presin me padurim dhe p\u00ebr t\u00eb cilat investohet vit pas viti. Por Bashkia Vlor\u00eb e mendon ndryshe sh\u00ebrbimin ndaj qytetar\u00ebve, menaxhimin urban t\u00eb &hellip;<\/p>\n","protected":false},"author":4,"featured_media":68552,"comment_status":"closed","ping_status":"closed","sticky":false,"template":"","format":"standard","meta":{"footnotes":""},"categories":[37],"tags":[],"class_list":["post-117173","post","type-post","status-publish","format-standard","has-post-thumbnail","","category-politike"],"_links":{"self":[{"href":"https:\/\/rdnews.al\/index.php\/wp-json\/wp\/v2\/posts\/117173","targetHints":{"allow":["GET"]}}],"collection":[{"href":"https:\/\/rdnews.al\/index.php\/wp-json\/wp\/v2\/posts"}],"about":[{"href":"https:\/\/rdnews.al\/index.php\/wp-json\/wp\/v2\/types\/post"}],"author":[{"embeddable":true,"href":"https:\/\/rdnews.al\/index.php\/wp-json\/wp\/v2\/users\/4"}],"replies":[{"embeddable":true,"href":"https:\/\/rdnews.al\/index.php\/wp-json\/wp\/v2\/comments?post=117173"}],"version-history":[{"count":2,"href":"https:\/\/rdnews.al\/index.php\/wp-json\/wp\/v2\/posts\/117173\/revisions"}],"predecessor-version":[{"id":117175,"href":"https:\/\/rdnews.al\/index.php\/wp-json\/wp\/v2\/posts\/117173\/revisions\/117175"}],"wp:featuredmedia":[{"embeddable":true,"href":"https:\/\/rdnews.al\/index.php\/wp-json\/wp\/v2\/media\/68552"}],"wp:attachment":[{"href":"https:\/\/rdnews.al\/index.php\/wp-json\/wp\/v2\/media?parent=117173"}],"wp:term":[{"taxonomy":"category","embeddable":true,"href":"https:\/\/rdnews.al\/index.php\/wp-json\/wp\/v2\/categories?post=117173"},{"taxonomy":"post_tag","embeddable":true,"href":"https:\/\/rdnews.al\/index.php\/wp-json\/wp\/v2\/tags?post=117173"}],"curies":[{"name":"wp","href":"https:\/\/api.w.org\/{rel}","templated":true}]}}