{"id":117217,"date":"2025-06-23T08:37:03","date_gmt":"2025-06-23T08:37:03","guid":{"rendered":"https:\/\/rdnews.al\/?p=117217"},"modified":"2025-06-23T08:37:03","modified_gmt":"2025-06-23T08:37:03","slug":"ligji-antikushtetues-per-zonat-e-mbrojtura-zhupa-nje-beteje-per-mbrojtjen-e-pasurise-kombetare","status":"publish","type":"post","link":"https:\/\/rdnews.al\/index.php\/2025\/06\/23\/ligji-antikushtetues-per-zonat-e-mbrojtura-zhupa-nje-beteje-per-mbrojtjen-e-pasurise-kombetare\/","title":{"rendered":"Ligji antikushtetues \u201cP\u00ebr zonat e mbrojtura\u201d, Zhupa: Nj\u00eb betej\u00eb p\u00ebr mbrojtjen e pasuris\u00eb komb\u00ebtare!"},"content":{"rendered":"<div id=\"rekl-49\">Deputetja e PD, Ina Zhupa ka njoftuar se t\u00eb h\u00ebn\u00ebn, 23 qershor ora 11:00 do t\u00eb zhvillohet n\u00eb Gjykat\u00ebn Kushtetuese p\u00ebr ligjin antikushtetues \u201cP\u00ebr Zonat e Mbrojtura\u201d.<\/div>\n<div class=\"readmore-text-here\">\n<p>Zhupa shkuan se, \u00ebsht\u00eb nj\u00eb betej\u00eb p\u00ebr mbrojtjen e pasuris\u00eb komb\u00ebtare me q\u00ebllim mbrojtjen dhe ruajtjen si trash\u00ebgimi t\u00eb f\u00ebmijev\u00eb tan\u00eb dhe brezave t\u00eb ardhsh\u00ebm.<\/p>\n<p><strong>Postimi\u00a0<\/strong><\/p>\n<p>23 Qershor, ora 11:00, seanca e par\u00eb n\u00eb Gjykat\u00ebn Kushtetuese p\u00ebr ligjin antikushtetues \u201cP\u00ebr Zonat e Mbrojtura\u201d<\/p>\n<p>Seanca do jet\u00eb publike dhe ftohen mediat ta ndjekin.<\/p>\n<p>\u00cbsht\u00eb nj\u00eb betej\u00eb p\u00ebr mbrojtjen e pasuris\u00eb komb\u00ebtare me q\u00ebllim mbrojtjen dhe ruajtjen si trash\u00ebgimi t\u00eb f\u00ebmijev\u00eb tan\u00eb dhe brezave t\u00eb ardhsh\u00ebm.<\/p>\n<p>Atje ku \u00ebsht\u00eb nj\u00eb lagun\u00eb, nj\u00eb liqen p\u00ebr gjith\u00eb qytetar\u00ebt, me vlera unike p\u00ebr sh\u00ebndetin dhe natyr\u00ebn, nuk mund t\u00eb kthehet n\u00eb oborrin privat t\u00eb vilave t\u00eb oligark\u00ebve q\u00eb betonizojn\u00eb dhe shkat\u00ebrrojn\u00eb \u00e7do trash\u00ebgimi natyrore komb\u00ebtare.<\/p>\n<p>N\u00eb or\u00ebn 10:45 do kem nj\u00eb komunikim me gazetar\u00ebt para Gjykat\u00ebs Kushtetuese.<\/p>\n<div class=\"fotogaleri\">\n<div class=\"bx-wrapper\">\n<div class=\"bx-viewport\">\n<ul class=\"read-slider\">\n<li><a href=\"https:\/\/www.syri.net\/fotogaleria\/798297\/ligji-antikushtetues-per-zonat-e-mbrojtura-ne-gjk-zhupa-nje-beteje-per-mbrojtjen-e-pasurise-kombetare\/\" target=\"_blank\" rel=\"noopener\"><img decoding=\"async\" src=\"https:\/\/www.syri.net\/uploads\/syri.net\/images\/2025\/June\/22\/auto_502583367_1251071199718318_3738284150875310582_n1750609158.jpg\" \/><\/a><\/li>\n<\/ul>\n<\/div>\n<\/div>\n<\/div>\n<\/div>\n","protected":false},"excerpt":{"rendered":"<p>Deputetja e PD, Ina Zhupa ka njoftuar se t\u00eb h\u00ebn\u00ebn, 23 qershor ora 11:00 do t\u00eb zhvillohet n\u00eb Gjykat\u00ebn Kushtetuese p\u00ebr ligjin antikushtetues \u201cP\u00ebr Zonat e Mbrojtura\u201d. Zhupa shkuan se, \u00ebsht\u00eb nj\u00eb betej\u00eb p\u00ebr mbrojtjen e pasuris\u00eb komb\u00ebtare me q\u00ebllim mbrojtjen dhe ruajtjen si trash\u00ebgimi t\u00eb f\u00ebmijev\u00eb tan\u00eb dhe brezave t\u00eb ardhsh\u00ebm. Postimi\u00a0 23 Qershor, &hellip;<\/p>\n","protected":false},"author":4,"featured_media":78420,"comment_status":"closed","ping_status":"closed","sticky":false,"template":"","format":"standard","meta":{"footnotes":""},"categories":[37],"tags":[],"class_list":["post-117217","post","type-post","status-publish","format-standard","has-post-thumbnail","","category-politike"],"_links":{"self":[{"href":"https:\/\/rdnews.al\/index.php\/wp-json\/wp\/v2\/posts\/117217","targetHints":{"allow":["GET"]}}],"collection":[{"href":"https:\/\/rdnews.al\/index.php\/wp-json\/wp\/v2\/posts"}],"about":[{"href":"https:\/\/rdnews.al\/index.php\/wp-json\/wp\/v2\/types\/post"}],"author":[{"embeddable":true,"href":"https:\/\/rdnews.al\/index.php\/wp-json\/wp\/v2\/users\/4"}],"replies":[{"embeddable":true,"href":"https:\/\/rdnews.al\/index.php\/wp-json\/wp\/v2\/comments?post=117217"}],"version-history":[{"count":1,"href":"https:\/\/rdnews.al\/index.php\/wp-json\/wp\/v2\/posts\/117217\/revisions"}],"predecessor-version":[{"id":117218,"href":"https:\/\/rdnews.al\/index.php\/wp-json\/wp\/v2\/posts\/117217\/revisions\/117218"}],"wp:featuredmedia":[{"embeddable":true,"href":"https:\/\/rdnews.al\/index.php\/wp-json\/wp\/v2\/media\/78420"}],"wp:attachment":[{"href":"https:\/\/rdnews.al\/index.php\/wp-json\/wp\/v2\/media?parent=117217"}],"wp:term":[{"taxonomy":"category","embeddable":true,"href":"https:\/\/rdnews.al\/index.php\/wp-json\/wp\/v2\/categories?post=117217"},{"taxonomy":"post_tag","embeddable":true,"href":"https:\/\/rdnews.al\/index.php\/wp-json\/wp\/v2\/tags?post=117217"}],"curies":[{"name":"wp","href":"https:\/\/api.w.org\/{rel}","templated":true}]}}