{"id":117222,"date":"2025-06-23T11:01:11","date_gmt":"2025-06-23T11:01:11","guid":{"rendered":"https:\/\/rdnews.al\/?p=117222"},"modified":"2025-06-23T11:01:49","modified_gmt":"2025-06-23T11:01:49","slug":"berisha-grupi-parlamentar-i-ppe-ne-keshillin-e-europes-u-njoh-sot-me-nje-video-shokuese-nga-farsa-e-11-majit","status":"publish","type":"post","link":"https:\/\/rdnews.al\/index.php\/2025\/06\/23\/berisha-grupi-parlamentar-i-ppe-ne-keshillin-e-europes-u-njoh-sot-me-nje-video-shokuese-nga-farsa-e-11-majit\/","title":{"rendered":"Grupi parlamentar i PPE n\u00eb K\u00ebshillin e Europ\u00ebs u njoh sot me nj\u00eb video shokuese nga farsa e 11 majit"},"content":{"rendered":"<p>Kryetari i Partis\u00eb Demokratike, Sali Berisha ka b\u00ebr\u00eb publike nj\u00eb tjet\u00ebr video skandaloze q\u00eb iu paraqit Grupit Parlamentar t\u00eb PPE-ve n\u00eb K\u00ebshillin e Europ\u00ebs, ku v\u00ebrtetohet farsa elektorale e 11 majit.<\/p>\n<p>Berisha, gjat\u00eb konferenc\u00ebs me gazetar\u00ebt tha se, grupi parlamentar i PPE-s\u00eb n\u00eb K\u00ebshillin e Europ\u00ebs, u njoh sot me nj\u00eb video shokuese nga farsa e 11 majit.<\/p>\n<p>\u201cJava q\u00eb kaloi, ishte nj\u00eb jav\u00eb jasht\u00ebzakonisht e r\u00ebnd\u00ebsishme p\u00ebr k\u00ebt\u00eb front. N\u00eb nj\u00eb sintoni t\u00eb plot\u00eb p\u00ebrfaq\u00ebsuesit e PD-s\u00eb n\u00eb Komitetin e Stabilizim Asociimit n\u00eb Parlamentin Europian, n\u00ebnkryetar\u00ebt e PD-s\u00eb, Oerd Bylykbashi, Agron Gjekmarkaj, kryetari i grupit parlamentar, Gazment Bardhi, kryetarja e Komisionit p\u00ebr Integrimin, Jorida Tabaku, kryetarja e Komisionit t\u00eb Kultur\u00ebs, Ina Zhupa, deputeti Korreshi, deputetja Zheni Gjergji, paraqit\u00ebn n\u00eb aul\u00ebn e tempullit t\u00eb demokracis\u00eb, t\u00eb v\u00ebrtet\u00ebn e zgjedhjeve, t\u00eb cilat si\u00e7 i theksoi miku i shquar gjerman, ishin si zgjedhje n\u00eb Zimbabve 30 vite m\u00eb par\u00eb.<\/p>\n<p>Mendoj se p\u00ebrfaq\u00ebsuesit e PD-s\u00eb me fjal\u00ebt e tyre, me argumentet q\u00eb paraqit\u00ebn, d\u00ebshmuan se Edi Rama \u00ebsht\u00eb nj\u00eb armik i v\u00ebrtet\u00eb i lirive dhe t\u00eb drejtave themelore t\u00eb shqiptar\u00ebve, \u00ebsht\u00eb nj\u00eb armik i rreziksh\u00ebm i vlerave themelore t\u00eb individit dhe shoq\u00ebris\u00eb s\u00eb lir\u00eb, vlera t\u00eb cilat bashkojn\u00eb kombet e lira Europiane.<\/p>\n<p>Sot beteja vazhdon po Strasburg.<\/p>\n<p>Por k\u00ebsaj radhe vazhdon n\u00eb asamblen\u00eb Parlamentare t\u00eb K\u00ebshillit t\u00eb Europ\u00ebs, sesionit t\u00eb saj.<\/p>\n<p>Dua t\u00eb theksoj se si Parlamenti Europian ashtu dhe K\u00ebshilli Europ\u00ebs, pat\u00ebn si v\u00ebzhgues n\u00eb k\u00ebto zgjedhje, delegacionet m\u00eb t\u00eb m\u00ebdha q\u00eb ata kan\u00eb d\u00ebrguar ndonj\u00ebher\u00eb n\u00eb Shqip\u00ebri.<\/p>\n<p>Sot n\u00eb K\u00ebshillin e Europ\u00ebs do t\u00eb paraqitet nga kryetari i delegacionit t\u00eb K\u00ebshillit Europ\u00ebs, q\u00eb v\u00ebzhgoi zgjedhjet, raporti i parlamentar\u00ebve Europian\u00eb, an\u00ebtar\u00eb t\u00eb Asambles\u00eb parlamentare t\u00eb K\u00ebshillit t\u00eb Europ\u00ebs, Simone Billi.<\/p>\n<p>Ky raport \u00ebsht\u00eb diskutuar sot n\u00eb grupet parlamentare dhe do t\u00eb diskutohet n\u00eb seanc\u00ebn plenare t\u00eb k\u00ebsaj asambleje, p\u00ebr t\u00eb marr\u00eb form\u00ebn p\u00ebrfundimtare.<\/p>\n<p>Zonja Albana Vokshi, e pranishme n\u00eb grupin parlamentar t\u00eb Partis\u00eb Popullore, paraqiti q\u00eb n\u00eb m\u00ebngjes nj\u00eb video shokuese, shokuese p\u00ebr audienc\u00ebn, e cila tregoi se pse zgjedhjet n\u00eb Shqip\u00ebri, ishin nj\u00eb fars\u00eb e tipit t\u00eb Zimbabeve t\u00eb 30 viteve m\u00eb par\u00eb.<\/p>\n<p>Edhe nj\u00ebher\u00eb e them, pamjet e paraqitura n\u00eb tempullin, n\u00eb grupin parlamentar t\u00eb Partis\u00eb Popullore, n\u00eb Asamblen\u00eb Parlamentare t\u00eb K\u00ebshillit t\u00eb Europ\u00ebs, ishin shokuese p\u00ebr audienc\u00ebn.<\/p>\n<p>Tani zhvillohet debati, n\u00eb t\u00eb cilat zgjedhjet jan\u00eb, zgjedhje q\u00eb nuk kan\u00eb t\u00eb b\u00ebjn\u00eb me zgjedhje me standardet Europiane, si\u00e7 konstaton vet\u00eb delegacioni dhe rreshton aty nj\u00eb list\u00eb t\u00eb gjer\u00eb problemesh themelore, manipulimesh, mashtrimesh, blerje vote, por komentet d\u00ebshiroj ti b\u00ebj pasi raporti t\u00eb miratohet n\u00eb asamblen\u00eb parlamentare\u201d, tha Berisha.<\/p>\n","protected":false},"excerpt":{"rendered":"<p>Kryetari i Partis\u00eb Demokratike, Sali Berisha ka b\u00ebr\u00eb publike nj\u00eb tjet\u00ebr video skandaloze q\u00eb iu paraqit Grupit Parlamentar t\u00eb PPE-ve n\u00eb K\u00ebshillin e Europ\u00ebs, ku v\u00ebrtetohet farsa elektorale e 11 majit. Berisha, gjat\u00eb konferenc\u00ebs me gazetar\u00ebt tha se, grupi parlamentar i PPE-s\u00eb n\u00eb K\u00ebshillin e Europ\u00ebs, u njoh sot me nj\u00eb video shokuese nga farsa &hellip;<\/p>\n","protected":false},"author":4,"featured_media":117223,"comment_status":"closed","ping_status":"closed","sticky":false,"template":"","format":"standard","meta":{"footnotes":""},"categories":[37],"tags":[],"class_list":["post-117222","post","type-post","status-publish","format-standard","has-post-thumbnail","","category-politike"],"_links":{"self":[{"href":"https:\/\/rdnews.al\/index.php\/wp-json\/wp\/v2\/posts\/117222","targetHints":{"allow":["GET"]}}],"collection":[{"href":"https:\/\/rdnews.al\/index.php\/wp-json\/wp\/v2\/posts"}],"about":[{"href":"https:\/\/rdnews.al\/index.php\/wp-json\/wp\/v2\/types\/post"}],"author":[{"embeddable":true,"href":"https:\/\/rdnews.al\/index.php\/wp-json\/wp\/v2\/users\/4"}],"replies":[{"embeddable":true,"href":"https:\/\/rdnews.al\/index.php\/wp-json\/wp\/v2\/comments?post=117222"}],"version-history":[{"count":2,"href":"https:\/\/rdnews.al\/index.php\/wp-json\/wp\/v2\/posts\/117222\/revisions"}],"predecessor-version":[{"id":117225,"href":"https:\/\/rdnews.al\/index.php\/wp-json\/wp\/v2\/posts\/117222\/revisions\/117225"}],"wp:featuredmedia":[{"embeddable":true,"href":"https:\/\/rdnews.al\/index.php\/wp-json\/wp\/v2\/media\/117223"}],"wp:attachment":[{"href":"https:\/\/rdnews.al\/index.php\/wp-json\/wp\/v2\/media?parent=117222"}],"wp:term":[{"taxonomy":"category","embeddable":true,"href":"https:\/\/rdnews.al\/index.php\/wp-json\/wp\/v2\/categories?post=117222"},{"taxonomy":"post_tag","embeddable":true,"href":"https:\/\/rdnews.al\/index.php\/wp-json\/wp\/v2\/tags?post=117222"}],"curies":[{"name":"wp","href":"https:\/\/api.w.org\/{rel}","templated":true}]}}