{"id":117261,"date":"2025-06-23T17:01:16","date_gmt":"2025-06-23T17:01:16","guid":{"rendered":"https:\/\/rdnews.al\/?p=117261"},"modified":"2025-06-23T17:16:22","modified_gmt":"2025-06-23T17:16:22","slug":"vokshi-denoncon-masakren-elektorale-ne-kie-diten-e-zgjedhjeve-u-kercenova-nga-persona-te-denoncuar-per-vrasje-e-trafik-droge","status":"publish","type":"post","link":"https:\/\/rdnews.al\/index.php\/2025\/06\/23\/vokshi-denoncon-masakren-elektorale-ne-kie-diten-e-zgjedhjeve-u-kercenova-nga-persona-te-denoncuar-per-vrasje-e-trafik-droge\/","title":{"rendered":"Vokshi denoncon masakr\u00ebn elektorale n\u00eb KiE: U k\u00ebrc\u00ebnova s\u00eb bashku me vajz\u00ebn nga kriminel\u00ebt dit\u00ebn e zgjedhjeve"},"content":{"rendered":"<p>Asambleja Parlamentare e K\u00ebshillit t\u00eb Europ\u00ebs vuri n\u00eb pik\u00ebpyetje demokracin\u00eb bazuar n\u00eb zgjedhjet e 11 Majit. N\u00eb raportin e lexuar n\u00eb sesionin e sot\u00ebm u ngrit alarmi mbi p\u00ebrdorimin\u00a0e pushtetit nga qeveria e Edi Ram\u00ebs, presionet ndaj administrat\u00ebs nga Patronazhist\u00ebt, lidhjet me krimin apo frik\u00ebsimin e votuesve.<\/p>\n<p>N\u00eb fjal\u00ebn e saj deputetja Albana Vokshi tha se n\u00eb zgjedhjet e 11 majit u sh\u00ebnua masakra elektorale m\u00eb e madhe e t\u00eb gjitha koh\u00ebrave. N\u00eb nj\u00eb moment Vokshi u prek emocionalisht kur rr\u00ebfeu se n\u00eb Vor\u00eb dit\u00ebn e zgjedhjeve ishte k\u00ebrc\u00ebnuar jo vet\u00ebm ajo por dhe vajza e saj, nga persona t\u00eb cil\u00ebt ishin denoncuar p\u00ebr vrasje e trafik droge dhe u paraqit\u00ebn n\u00eb qendrat e votimit.<\/p>\n<p>Vokshi b\u00ebri thirrje\u00a0p\u00ebr hetim nd\u00ebrkomb\u00ebtar mbi zgjedhjet n\u00eb Shqip\u00ebri dhe mbrojtjen e grave n\u00eb politik\u00eb<\/p>\n<p>\u201cKam marr\u00eb pjes\u00eb n\u00eb shum\u00eb zgjedhje, por asnjeher\u00eb nuk kam par\u00eb nj\u00eb masak\u00ebr zgjedhore si kjo. N\u00eb Vor\u00eb u k\u00ebrc\u00ebnova nga persona t\u00eb cil\u00ebt ishin denoncuar p\u00ebr vrasje e trafik droge u paraqit\u00ebn n\u00eb qendrat e votimit. Vajza ime u k\u00ebrc\u00ebnua nga k\u00ebto persona. Edhe pse pati kall\u00ebzim n\u00eb SPAK e polici askush nuk nd\u00ebrhyri.<\/p>\n<p>Edhe tani k\u00ebta persona jan\u00eb t\u00eb lir\u00eb dhe un\u00eb kam frik\u00eb p\u00ebr vajz\u00ebn time. Ju pyes s\u00ebrish a jan\u00eb k\u00ebto zgjedhje t\u00eb lira, kur grat\u00eb kandidate k\u00ebrc\u00ebnohen. A duhet t\u00eb q\u00ebndrojm\u00eb t\u00eb heshtur ndaj k\u00ebrc\u00ebnimeve t\u00eb familjar\u00ebve tan\u00eb. Natyrisht q\u00eb jo!<\/p>\n<p>Nuk duhet t\u00eb tolerojm\u00eb duhet t\u00eb q\u00ebndrojm\u00eb nj\u00eb atmosfer\u00eb ku grat\u00eb t\u00eb b\u00ebjn\u00eb politik\u00eb e t\u00eb sh\u00ebrbejn\u00eb me dinjitet&#8221;.<\/p>\n<p>N\u00eb p\u00ebrfundim, K\u00ebshilli i\u00a0Europ\u00ebs doli me list\u00eb rekomandimesh duke k\u00ebrkuar\u00a0q\u00eb t\u00eb ndalet blerja e vot\u00ebs, t\u00eb depolizohet admimsitrata zgjedhore, t\u00eb ndahet shteti nga partia dhe t\u00eb zbatohen rekomandimet\u00a0e OSBE\/ODIHR n\u00eb zgjedhje.<\/p>\n<p><em>DEKLARATA E DEPUTETES S\u00cb PD, ALBANA VOKSHI N\u00cb ASAMBLEN\u00cb PAELAMENTARE T\u00cb K\u00cbSHILLIT T\u00cb EUROP\u00cbS<\/em><\/p>\n<p><em>U k\u00ebrc\u00ebnova n\u00eb mes t\u00eb dit\u00ebs nga kriminel\u00ebt\/ Vokshi nga Strasburgu: Thirrje p\u00ebr hetim nd\u00ebrkomb\u00ebtar mbi zgjedhjet n\u00eb Shqip\u00ebri dhe mbrojtjen e grave n\u00eb politik\u00eb<\/em><br \/>\n<em>T\u00eb nderuar koleg\u00eb,<\/em><br \/>\n<em>Faleminderit p\u00ebr misionin v\u00ebzhgues t\u00eb K\u00ebshillit t\u00eb Evrop\u00ebs gjat\u00eb zgjedhjeve t\u00eb 11 majit n\u00eb Shqip\u00ebri, q\u00eb ofroi nj\u00eb pamje t\u00eb vlefshme t\u00eb realitetit n\u00eb terren. Raporti paraqet shqet\u00ebsime serioze. Por e v\u00ebrteta \u00ebsht\u00eb shum\u00eb m\u00eb alarmante.<\/em><\/p>\n<p><em>Kur vota nuk \u00ebsht\u00eb e lir\u00eb, demokracia nuk ekziston!<\/em><br \/>\n<em>Nuk mund t\u00eb ket\u00eb standarde t\u00eb dyfishta p\u00ebr vendet an\u00ebtare t\u00eb BE-s\u00eb dhe p\u00ebr vendet kandidate si Shqip\u00ebria.<\/em><\/p>\n<p><em>Prandaj un\u00eb shtroj para jush disa pyetje:<\/em><br \/>\n<em>A mund t\u00eb quhen demokratike zgjedhjet,\u00a0<\/em><br \/>\n<em>&#8211; kur shumica e kritereve t\u00eb Kopenhag\u00ebs jan\u00eb shkelur n\u00eb m\u00ebnyr\u00eb sistematike dhe brutale?<\/em><br \/>\n<em>&#8211; Kur shteti dhe partia n\u00eb pushtet jan\u00eb nj\u00eb?<\/em><br \/>\n<em>&#8211; Kur n\u00ebpun\u00ebsit civil\u00eb, votuesit dhe kandidat\u00ebt k\u00ebrc\u00ebnohen \u2013 p\u00ebrmes rrjeteve t\u00eb patronazhit si dhe nga kriminel\u00eb me distinktiv\u00eb fallco v\u00ebzhguesish brenda dhe jasht\u00eb qendrave t\u00eb votimit \u2013 nd\u00ebrsa policia mbyll syt\u00eb ose nd\u00ebrhyn shum\u00eb von\u00eb?<\/em><br \/>\n<em>&#8211; Kur mediat jan\u00eb n\u00ebn kontroll?<\/em><\/p>\n<p><em>Pak jav\u00eb para zgjedhjeve, Kryeministri miratoi 138 licenca p\u00ebr kultivim kanabisi \u2013 147 her\u00eb m\u00eb shum\u00eb se kufiri ligjor \u2013 duke mbuluar 29,000 hektar\u00eb, kryesisht n\u00eb zonat kufitare. Partia n\u00eb pushtet pati rritje t\u00eb ndjeshme votash n\u00eb ato rajone. Kjo nuk \u00ebsht\u00eb nj\u00eb gar\u00eb demokratike \u2013 \u00ebsht\u00eb nj\u00eb k\u00ebrc\u00ebnim p\u00ebr sigurin\u00eb komb\u00ebtare.<\/em><\/p>\n<p><em>402 milion\u00eb euro fonde publike u keqp\u00ebrdor\u00ebn p\u00ebr t\u00eb bler\u00eb vota dhe manipuluar rezultatin:<\/em><br \/>\n<em>\u2022 100 euro bonus p\u00ebr mbi 750,000 pensionist\u00eb (ose 42% e votuesve)<\/em><br \/>\n<em>\u2022 200 milion\u00eb euro gjoba t\u00eb falura dy dit\u00eb para zgjedhjeve<\/em><br \/>\n<em>\u2022 vende pune, subvencione, tendera dhe evente luksoze t\u00eb kthyer n\u00eb mjete p\u00ebr m\u00eb shum\u00eb vota.<\/em><br \/>\n<em>Vota u ble edhe me parat\u00eb e taksapaguesve.<\/em><\/p>\n<p><em>Kam marr\u00eb pjes\u00eb n\u00eb shum\u00eb zgjedhje. Por kurr\u00eb s\u2019kam p\u00ebrjetuar at\u00eb q\u00eb pash\u00eb k\u00ebt\u00eb her\u00eb.<\/em><\/p>\n<p><em>N\u00eb Vor\u00eb, u k\u00ebrc\u00ebnova n\u00eb mes t\u00eb dit\u00ebs nga kriminel\u00eb t\u00eb d\u00ebnuar p\u00ebr vrasje dhe trafik droge. Vajza ime gjithashtu u k\u00ebrc\u00ebnua. Pavar\u00ebsisht telefonatave Policis\u00eb s\u00eb Shtetit si dhe kall\u00ebzimeve zyrtare n\u00eb SPAK, askush nuk veproi. Ata kriminel\u00eb jan\u00eb ende t\u00eb lir\u00eb, nd\u00ebrsa un\u00eb druhem \u00e7do dit\u00eb derisa f\u00ebmij\u00ebt kthehen n\u00eb sht\u00ebpi.<\/em><\/p>\n<p><em>Prandaj ju pyes s\u00ebrish:<\/em><br \/>\n<em>A jan\u00eb k\u00ebto zgjedhje t\u00eb lira, kur kandidatet gra p\u00ebrballen me kartele dhe jo me parti politike?<\/em><\/p>\n<p><em>Un\u00eb nuk hyra n\u00eb politik\u00eb p\u00ebr t\u00eb mbajtur arm\u00eb \u2013 por p\u00ebr t\u00eb ofruar nj\u00eb alternativ\u00eb t\u00eb bazuar te e v\u00ebrteta.<\/em><\/p>\n<p><em>E kjo e drejt\u00eb m\u00eb \u00ebsht\u00eb mohuar \u2013 p\u00ebr shkak t\u00eb lidhjeve midis zyrtar\u00ebve t\u00eb lart\u00eb (Kryeministri, ministra) dhe krimit t\u00eb organizuar.<\/em><\/p>\n<p><em>A duhet t\u00eb rri e heshtur, e qet\u00eb por e frik\u00ebsuar? Jo. Nuk do t\u00eb hesht.<\/em><\/p>\n<p><em>Ne duhet t\u00eb flasim \u2013 p\u00ebr vajzat tona, p\u00ebr familjet tona, dhe p\u00ebr \u00e7do grua q\u00eb d\u00ebshiron t\u00eb sh\u00ebrbej\u00eb pa frik\u00eb.<\/em><\/p>\n<p><em>N\u00ebse nuk veprojm\u00eb, ia dor\u00ebzojm\u00eb politik\u00ebn atyre q\u00eb mbrohen nga krimi \u2013 jo nga demokracia. 28 kandidat\u00eb n\u00eb 10 qarqe u mb\u00ebshtet\u00ebn nga grupet kriminale dhe kartelet e drog\u00ebs. Mbi 20 prej tyre do t\u00eb jen\u00eb n\u00eb parlamentin e ardhsh\u00ebm. Dhe me siguri do t\u00eb jen\u00eb edhe k\u00ebtu n\u00eb k\u00ebt\u00eb sall\u00eb.e un\u00eb k\u00ebt\u00eb nuk do ta doja.<\/em><\/p>\n<p><em>Prandaj ju b\u00ebj thirrje:<\/em><br \/>\n<em>P\u00ebr mb\u00ebshtetjen e nj\u00eb misioni fakt mbledh\u00ebs n\u00eb Shqip\u00ebri. Takoni t\u00eb gjith\u00eb aktor\u00ebt. Vler\u00ebsoni ndikimin kriminal dhe d\u00ebshtime n\u00eb standartet e demokracis\u00eb.<\/em><\/p>\n<p><em>Kam dor\u00ebzuar nj\u00eb video t\u00eb shkurt\u00ebr p\u00ebr k\u00ebt\u00eb seanc\u00eb plenare \u2013 me shpres\u00ebn q\u00eb t\u00eb shihni me syt\u00eb tuaj si kan\u00eb qen\u00eb realisht k\u00ebto zgjedhje, e kushdo q\u00eb do t\u00eb doj\u00eb mund tja d\u00ebrgoj.<\/em><\/p>\n<p><em>I b\u00ebj thirrje \u00e7do deputeteje k\u00ebtu n\u00eb k\u00ebt\u00eb salle: kjo nuk toleruar! Duhet t\u00eb jemi krah nj\u00ebra-tjetr\u00ebs. T\u00eb q\u00ebndrojm\u00eb bashk\u00eb p\u00ebr t\u00eb krijuar nj\u00eb mjedis ku grat\u00eb mund t\u00eb b\u00ebjn\u00eb politik\u00eb dhe t\u2019i sh\u00ebrbejn\u00eb vendit t\u00eb tyre\u2026<\/em><\/p>\n","protected":false},"excerpt":{"rendered":"<p>Asambleja Parlamentare e K\u00ebshillit t\u00eb Europ\u00ebs vuri n\u00eb pik\u00ebpyetje demokracin\u00eb bazuar n\u00eb zgjedhjet e 11 Majit. N\u00eb raportin e lexuar n\u00eb sesionin e sot\u00ebm u ngrit alarmi mbi p\u00ebrdorimin\u00a0e pushtetit nga qeveria e Edi Ram\u00ebs, presionet ndaj administrat\u00ebs nga Patronazhist\u00ebt, lidhjet me krimin apo frik\u00ebsimin e votuesve. N\u00eb fjal\u00ebn e saj deputetja Albana Vokshi tha &hellip;<\/p>\n","protected":false},"author":4,"featured_media":117262,"comment_status":"closed","ping_status":"closed","sticky":false,"template":"","format":"standard","meta":{"footnotes":""},"categories":[37],"tags":[],"class_list":["post-117261","post","type-post","status-publish","format-standard","has-post-thumbnail","","category-politike"],"_links":{"self":[{"href":"https:\/\/rdnews.al\/index.php\/wp-json\/wp\/v2\/posts\/117261","targetHints":{"allow":["GET"]}}],"collection":[{"href":"https:\/\/rdnews.al\/index.php\/wp-json\/wp\/v2\/posts"}],"about":[{"href":"https:\/\/rdnews.al\/index.php\/wp-json\/wp\/v2\/types\/post"}],"author":[{"embeddable":true,"href":"https:\/\/rdnews.al\/index.php\/wp-json\/wp\/v2\/users\/4"}],"replies":[{"embeddable":true,"href":"https:\/\/rdnews.al\/index.php\/wp-json\/wp\/v2\/comments?post=117261"}],"version-history":[{"count":2,"href":"https:\/\/rdnews.al\/index.php\/wp-json\/wp\/v2\/posts\/117261\/revisions"}],"predecessor-version":[{"id":117269,"href":"https:\/\/rdnews.al\/index.php\/wp-json\/wp\/v2\/posts\/117261\/revisions\/117269"}],"wp:featuredmedia":[{"embeddable":true,"href":"https:\/\/rdnews.al\/index.php\/wp-json\/wp\/v2\/media\/117262"}],"wp:attachment":[{"href":"https:\/\/rdnews.al\/index.php\/wp-json\/wp\/v2\/media?parent=117261"}],"wp:term":[{"taxonomy":"category","embeddable":true,"href":"https:\/\/rdnews.al\/index.php\/wp-json\/wp\/v2\/categories?post=117261"},{"taxonomy":"post_tag","embeddable":true,"href":"https:\/\/rdnews.al\/index.php\/wp-json\/wp\/v2\/tags?post=117261"}],"curies":[{"name":"wp","href":"https:\/\/api.w.org\/{rel}","templated":true}]}}