{"id":117270,"date":"2025-06-23T18:03:01","date_gmt":"2025-06-23T18:03:01","guid":{"rendered":"https:\/\/rdnews.al\/?p=117270"},"modified":"2025-06-23T19:51:28","modified_gmt":"2025-06-23T19:51:28","slug":"raporti-i-ke-per-zgjedhjet-e-11-majit-eurodeputeti-pati-presione-ndaj-votuesve-kandidatet-nuk-paten-kushte-te-barabarta","status":"publish","type":"post","link":"https:\/\/rdnews.al\/index.php\/2025\/06\/23\/raporti-i-ke-per-zgjedhjet-e-11-majit-eurodeputeti-pati-presione-ndaj-votuesve-kandidatet-nuk-paten-kushte-te-barabarta\/","title":{"rendered":"Paralajm\u00ebrohet mos njohja e zgjedhjeve, i d\u00ebrguari i KiE: Shqip\u00ebris\u00eb i duhen zgjedhje me standarde europiane"},"content":{"rendered":"<p>N\u00eb Asamblen\u00eb Parlamentare t\u00eb K\u00ebshillit t\u00eb Europ\u00ebs u diskutua sot raporti p\u00ebr zgjedhjet parlamentare t\u00eb 11 majit n\u00eb Shqip\u00ebri, ku u evidentuan problematika t\u00eb r\u00ebnd\u00ebsishme gjat\u00eb procesit zgjedhor.<\/p>\n<p>I d\u00ebrguari norvegjez Jone Blikra tha se, zgjedhjet u zhvilluan n\u00eb nj\u00eb mjedis shum\u00eb t\u00eb polarizuar dhe se kandidat\u00ebt nuk pat\u00ebn kushte t\u00eb barabarta gara. Ai vuri n\u00eb dukje shqet\u00ebsimin kryesor p\u00ebr p\u00ebrfitimin e partis\u00eb n\u00eb pushtet nga p\u00ebrdorimi i gjer\u00eb i burimeve shtet\u00ebrore gjat\u00eb fushat\u00ebs.<\/p>\n<p>\u201cNj\u00eb nga p\u00ebrfundimet kryesore t\u00eb raportit \u00ebsht\u00eb se zgjedhjet parlamentare t\u00eb vitit 2025 n\u00eb Shqip\u00ebri u zhvilluan n\u00eb nj\u00eb mjedis shum\u00eb t\u00eb polarizuar, dhe kandidat\u00ebt nuk pat\u00ebn kushte t\u00eb barabarta gare. Mbetet nj\u00eb shqet\u00ebsim i madh fakti q\u00eb partia n\u00eb pushtet p\u00ebrfitoi duksh\u00ebm nga p\u00ebrdorimi i gjer\u00eb i burimeve shtet\u00ebrore gjat\u00eb fushat\u00ebs. Prandaj, \u00ebsht\u00eb i nevojsh\u00ebm p\u00ebrparimi n\u00eb kultur\u00ebn politike n\u00eb kuptimin m\u00eb t\u00eb gjer\u00eb, p\u00ebr t\u00eb forcuar besimin e publikut dhe p\u00ebr t\u00eb siguruar q\u00eb qeverisja e mir\u00eb t\u00eb shtrihet n\u00eb t\u00eb gjitha nivelet e shoq\u00ebris\u00eb\u00a0gj\u00eb q\u00eb fillon me zgjedhje q\u00eb p\u00ebrputhen plot\u00ebsisht me standardet evropiane\u201d,\u00a0tha\u00a0Blikra.<\/p>\n<p>Eurodeputetja Maria Luz Martinez, e cila lexoi raportin e Asambles\u00eb, theksoi se gjat\u00eb zgjedhjeve pati p\u00ebrdorim t\u00eb gjer\u00eb t\u00eb burimeve administrative nga partia n\u00eb pushtet, \u00e7ka mund t\u2019u ka dh\u00ebn\u00eb kandidat\u00ebve t\u00eb saj nj\u00eb avantazh t\u00eb pap\u00ebrshtatsh\u00ebm.<\/p>\n<p>Ajo p\u00ebrmendi gjithashtu presione ndaj votuesve, sidomos ndaj punonj\u00ebsve t\u00eb administrat\u00ebs publike, dhe vuri n\u00eb dukje disa mang\u00ebsi n\u00eb zbatimin e procedurave n\u00eb disa qendra votimi. Gjat\u00eb dit\u00ebs s\u00eb zgjedhjeve u regjistruan incidente si frik\u00ebsime, nd\u00ebrhyrje nga v\u00ebzhgues patronazhist\u00eb dhe shkelje t\u00eb fsheht\u00ebsis\u00eb s\u00eb vot\u00ebs.<\/p>\n<p>\u201cZgjedhjet u zhvilluan n\u00eb nj\u00eb klim\u00eb politike shum\u00eb t\u00eb polarizuar, ku kandidat\u00ebt nuk garuan n\u00eb kushte t\u00eb barabarta. U v\u00ebrejt se partia n\u00eb pushtet b\u00ebri p\u00ebrdorim t\u00eb gjer\u00eb t\u00eb burimeve administrative, gj\u00eb q\u00eb mund t\u2019i ket\u00eb dh\u00ebn\u00eb nj\u00eb avantazh. U raportuan gjithashtu presione ndaj votuesve, sidomos ndaj punonj\u00ebsve t\u00eb administrat\u00ebs publike. Dita e zgjedhjeve kaloi e qet\u00eb megjith\u00ebse u v\u00ebrejt\u00ebn mang\u00ebsi n\u00eb zbatimin e procedurave n\u00eb disa qendra votimi. U regjistruan gjithashtu disa incidente si frik\u00ebsime, nd\u00ebrhyrje nga v\u00ebzhgues patronazhist\u00eb dhe shkelje t\u00eb fsheht\u00ebsis\u00eb s\u00eb vot\u00ebs\u201d,\u00a0u shpreh\u00a0Maria Luz Martinez.<\/p>\n<p>Megjithat\u00eb, sipas raportit, dita e zgjedhjeve kaloi n\u00eb p\u00ebrgjith\u00ebsi n\u00eb m\u00ebnyr\u00eb t\u00eb qet\u00eb.<\/p>\n<p>Raporti thekson nevoj\u00ebn p\u00ebr p\u00ebrmir\u00ebsime t\u00eb m\u00ebtejshme p\u00ebr t\u00eb garantuar nj\u00eb proces zgjedhor t\u00eb lir\u00eb, t\u00eb drejt\u00eb dhe n\u00eb p\u00ebrputhje me standardet evropiane.<\/p>\n","protected":false},"excerpt":{"rendered":"<p>N\u00eb Asamblen\u00eb Parlamentare t\u00eb K\u00ebshillit t\u00eb Europ\u00ebs u diskutua sot raporti p\u00ebr zgjedhjet parlamentare t\u00eb 11 majit n\u00eb Shqip\u00ebri, ku u evidentuan problematika t\u00eb r\u00ebnd\u00ebsishme gjat\u00eb procesit zgjedhor. I d\u00ebrguari norvegjez Jone Blikra tha se, zgjedhjet u zhvilluan n\u00eb nj\u00eb mjedis shum\u00eb t\u00eb polarizuar dhe se kandidat\u00ebt nuk pat\u00ebn kushte t\u00eb barabarta gara. Ai vuri &hellip;<\/p>\n","protected":false},"author":4,"featured_media":117287,"comment_status":"closed","ping_status":"closed","sticky":false,"template":"","format":"standard","meta":{"footnotes":""},"categories":[37],"tags":[],"class_list":["post-117270","post","type-post","status-publish","format-standard","has-post-thumbnail","","category-politike"],"_links":{"self":[{"href":"https:\/\/rdnews.al\/index.php\/wp-json\/wp\/v2\/posts\/117270","targetHints":{"allow":["GET"]}}],"collection":[{"href":"https:\/\/rdnews.al\/index.php\/wp-json\/wp\/v2\/posts"}],"about":[{"href":"https:\/\/rdnews.al\/index.php\/wp-json\/wp\/v2\/types\/post"}],"author":[{"embeddable":true,"href":"https:\/\/rdnews.al\/index.php\/wp-json\/wp\/v2\/users\/4"}],"replies":[{"embeddable":true,"href":"https:\/\/rdnews.al\/index.php\/wp-json\/wp\/v2\/comments?post=117270"}],"version-history":[{"count":4,"href":"https:\/\/rdnews.al\/index.php\/wp-json\/wp\/v2\/posts\/117270\/revisions"}],"predecessor-version":[{"id":117288,"href":"https:\/\/rdnews.al\/index.php\/wp-json\/wp\/v2\/posts\/117270\/revisions\/117288"}],"wp:featuredmedia":[{"embeddable":true,"href":"https:\/\/rdnews.al\/index.php\/wp-json\/wp\/v2\/media\/117287"}],"wp:attachment":[{"href":"https:\/\/rdnews.al\/index.php\/wp-json\/wp\/v2\/media?parent=117270"}],"wp:term":[{"taxonomy":"category","embeddable":true,"href":"https:\/\/rdnews.al\/index.php\/wp-json\/wp\/v2\/categories?post=117270"},{"taxonomy":"post_tag","embeddable":true,"href":"https:\/\/rdnews.al\/index.php\/wp-json\/wp\/v2\/tags?post=117270"}],"curies":[{"name":"wp","href":"https:\/\/api.w.org\/{rel}","templated":true}]}}