{"id":117276,"date":"2025-06-23T19:07:17","date_gmt":"2025-06-23T19:07:17","guid":{"rendered":"https:\/\/rdnews.al\/?p=117276"},"modified":"2025-06-23T19:07:17","modified_gmt":"2025-06-23T19:07:17","slug":"irani-sulmon-me-raketa-bazat-amerikane-ne-katar-dhe-irak-nuk-raportohet-per-viktima","status":"publish","type":"post","link":"https:\/\/rdnews.al\/index.php\/2025\/06\/23\/irani-sulmon-me-raketa-bazat-amerikane-ne-katar-dhe-irak-nuk-raportohet-per-viktima\/","title":{"rendered":"Irani sulmon me raketa bazat amerikane n\u00eb Katar dhe Irak, nuk raportohet p\u00ebr viktima"},"content":{"rendered":"<p>Agjencia e lajmeve Tasnim e Iranit ka raportuar se sulmi me raketa q\u00eb sapo raportua n\u00eb Katar mbi baz\u00ebn ushtarak amerikane \u00ebsht\u00eb nj\u00eb operacion i quajtur \u201cShpallja e Fitores\u201d.<\/p>\n<p>Burime ushtarake i kan\u00eb th\u00ebn\u00eb agjencis\u00eb s\u00eb lajmeve Reuters, se sistemi i mbrojtjes ajrore u aktivizua n\u00eb baz\u00ebn ajrore Ain al Asad n\u00eb Irak.<\/p>\n<p><img loading=\"lazy\" decoding=\"async\" class=\"alignnone size-full wp-image-4310482\" src=\"https:\/\/telegrafi.com\/wp-content\/uploads\/2025\/06\/1-14.jpeg\" sizes=\"auto, (max-width: 1024px) 100vw, 1024px\" srcset=\"https:\/\/telegrafi.com\/wp-content\/uploads\/2025\/06\/1-14.jpeg 1024w, https:\/\/telegrafi.com\/wp-content\/uploads\/2025\/06\/1-14-780x439.jpeg 780w\" alt=\"\" width=\"1024\" height=\"576\" \/><\/p>\n<div class=\"code-block code-block-43 code-block-pas-paragrafit-2t-inarticle-outstream\">\n<div data-id=\"jBsDrr2VjZQa\">\n<div class=\"orp-player-wrapper orp-aspectRateFixed orp-player-ipm orp-player-ipm-hidden orp-force-hide-player\">Objektivi tjet\u00ebr iranian besohet t\u00eb jet\u00eb baza ajrore al Udeid n\u00eb Katar, nd\u00ebrsa autoritetet e atjeshme raportojn\u00eb se nuk ka viktima nga sulmi n\u00eb baz\u00ebn amerikane.<\/div>\n<\/div>\n<\/div>\n<p>Katari ka th\u00ebn\u00eb se rezervon t\u00eb drejt\u00ebn p\u00ebr t\u2019u p\u00ebrgjigjur drejtp\u00ebrdrejt dhe n\u00eb p\u00ebrputhje me ligjin nd\u00ebrkomb\u00ebtar.<\/p>\n<p><img loading=\"lazy\" decoding=\"async\" class=\"alignnone size-full wp-image-4310483\" src=\"https:\/\/telegrafi.com\/wp-content\/uploads\/2025\/06\/2-7.jpeg\" sizes=\"auto, (max-width: 1024px) 100vw, 1024px\" srcset=\"https:\/\/telegrafi.com\/wp-content\/uploads\/2025\/06\/2-7.jpeg 1024w, https:\/\/telegrafi.com\/wp-content\/uploads\/2025\/06\/2-7-780x439.jpeg 780w\" alt=\"\" width=\"1024\" height=\"576\" \/><\/p>\n<p>Gjithashtu njoftoi se mbrojtja e tij ajrore ka kapur nj\u00eb sulm me raketa, transmeton Telegrafi.<\/p>\n<p>\u201cJemi t\u00eb sigurt se mbrojtja ajrore e Katarit e pengoi sulmin dhe i ka kapur me sukses raketat iraniane\u201d, thuhet n\u00eb nj\u00eb deklarat\u00eb t\u00eb Katarit.<\/p>\n<p><img loading=\"lazy\" decoding=\"async\" class=\"alignnone size-full wp-image-4310484\" src=\"https:\/\/telegrafi.com\/wp-content\/uploads\/2025\/06\/3-6.jpeg\" alt=\"\" width=\"1024\" height=\"682\" \/><\/p>\n<p>\u201cNj\u00eb deklarat\u00eb q\u00eb sqaron rrethanat e sulmit do t\u00eb l\u00ebshohet m\u00eb von\u00eb nga Ministria e Mbrojtjes\u201d, u tha nd\u00ebr tjera.<\/p>\n<p>Irani m\u00eb par\u00eb kishte k\u00ebrc\u00ebnuar t\u00eb hakmerrej kund\u00ebr SHBA-s\u00eb pas sulmeve n\u00eb vendet e saj b\u00ebrthamore gjat\u00eb fundjav\u00ebs.<\/p>\n<p>N\u00eb an\u00ebn tjet\u00ebr, presidenti amerikan Donald Trump gjendet n\u00eb Dhom\u00ebn e Situatave nd\u00ebrsa Sht\u00ebpia e Bardh\u00eb thot\u00eb se po \u2018monitoron nga af\u00ebr\u2019 k\u00ebrc\u00ebnimet ndaj baz\u00ebs<\/p>\n<p>Sht\u00ebpia e Bardh\u00eb dhe Departamenti i Mbrojtjes po \u201cmonitorojn\u00eb nga af\u00ebr\u201d k\u00ebrc\u00ebnimet e mundshme ndaj baz\u00ebs ajrore al Udeid n\u00eb Katar. \/Telegrafi\/<\/p>\n<div class=\"twitter-tweet twitter-tweet-rendered\"><iframe id=\"twitter-widget-0\" class=\"\" title=\"X Post\" src=\"https:\/\/platform.twitter.com\/embed\/Tweet.html?creatorScreenName=Telegrafisti&amp;dnt=false&amp;embedId=twitter-widget-0&amp;features=eyJ0ZndfdGltZWxpbmVfbGlzdCI6eyJidWNrZXQiOltdLCJ2ZXJzaW9uIjpudWxsfSwidGZ3X2ZvbGxvd2VyX2NvdW50X3N1bnNldCI6eyJidWNrZXQiOnRydWUsInZlcnNpb24iOm51bGx9LCJ0ZndfdHdlZXRfZWRpdF9iYWNrZW5kIjp7ImJ1Y2tldCI6Im9uIiwidmVyc2lvbiI6bnVsbH0sInRmd19yZWZzcmNfc2Vzc2lvbiI6eyJidWNrZXQiOiJvbiIsInZlcnNpb24iOm51bGx9LCJ0ZndfZm9zbnJfc29mdF9pbnRlcnZlbnRpb25zX2VuYWJsZWQiOnsiYnVja2V0Ijoib24iLCJ2ZXJzaW9uIjpudWxsfSwidGZ3X21peGVkX21lZGlhXzE1ODk3Ijp7ImJ1Y2tldCI6InRyZWF0bWVudCIsInZlcnNpb24iOm51bGx9LCJ0ZndfZXhwZXJpbWVudHNfY29va2llX2V4cGlyYXRpb24iOnsiYnVja2V0IjoxMjA5NjAwLCJ2ZXJzaW9uIjpudWxsfSwidGZ3X3Nob3dfYmlyZHdhdGNoX3Bpdm90c19lbmFibGVkIjp7ImJ1Y2tldCI6Im9uIiwidmVyc2lvbiI6bnVsbH0sInRmd19kdXBsaWNhdGVfc2NyaWJlc190b19zZXR0aW5ncyI6eyJidWNrZXQiOiJvbiIsInZlcnNpb24iOm51bGx9LCJ0ZndfdXNlX3Byb2ZpbGVfaW1hZ2Vfc2hhcGVfZW5hYmxlZCI6eyJidWNrZXQiOiJvbiIsInZlcnNpb24iOm51bGx9LCJ0ZndfdmlkZW9faGxzX2R5bmFtaWNfbWFuaWZlc3RzXzE1MDgyIjp7ImJ1Y2tldCI6InRydWVfYml0cmF0ZSIsInZlcnNpb24iOm51bGx9LCJ0ZndfbGVnYWN5X3RpbWVsaW5lX3N1bnNldCI6eyJidWNrZXQiOnRydWUsInZlcnNpb24iOm51bGx9LCJ0ZndfdHdlZXRfZWRpdF9mcm9udGVuZCI6eyJidWNrZXQiOiJvbiIsInZlcnNpb24iOm51bGx9fQ%3D%3D&amp;frame=false&amp;hideCard=false&amp;hideThread=false&amp;id=1937197438965891294&amp;lang=en&amp;origin=https%3A%2F%2Ftelegrafi.com%2Firani-shenjestroi-bazat-amerikane-ne-katar-dhe-irak-nuk-raportohet-per-viktima-trump-takim-ne-dhomen-e-situatave%2F&amp;sessionId=22759a81c04142f291076f00abe152287a3ffd93&amp;siteScreenName=Telegrafisti&amp;theme=light&amp;widgetsVersion=2615f7e52b7e0%3A1702314776716&amp;width=550px\" frameborder=\"0\" scrolling=\"no\" allowfullscreen=\"allowfullscreen\" data-tweet-id=\"1937197438965891294\" data-mce-fragment=\"1\"><\/iframe><\/div>\n<p>&nbsp;<\/p>\n<div class=\"twitter-tweet twitter-tweet-rendered\"><iframe id=\"twitter-widget-1\" class=\"\" title=\"X Post\" src=\"https:\/\/platform.twitter.com\/embed\/Tweet.html?creatorScreenName=Telegrafisti&amp;dnt=false&amp;embedId=twitter-widget-1&amp;features=eyJ0ZndfdGltZWxpbmVfbGlzdCI6eyJidWNrZXQiOltdLCJ2ZXJzaW9uIjpudWxsfSwidGZ3X2ZvbGxvd2VyX2NvdW50X3N1bnNldCI6eyJidWNrZXQiOnRydWUsInZlcnNpb24iOm51bGx9LCJ0ZndfdHdlZXRfZWRpdF9iYWNrZW5kIjp7ImJ1Y2tldCI6Im9uIiwidmVyc2lvbiI6bnVsbH0sInRmd19yZWZzcmNfc2Vzc2lvbiI6eyJidWNrZXQiOiJvbiIsInZlcnNpb24iOm51bGx9LCJ0ZndfZm9zbnJfc29mdF9pbnRlcnZlbnRpb25zX2VuYWJsZWQiOnsiYnVja2V0Ijoib24iLCJ2ZXJzaW9uIjpudWxsfSwidGZ3X21peGVkX21lZGlhXzE1ODk3Ijp7ImJ1Y2tldCI6InRyZWF0bWVudCIsInZlcnNpb24iOm51bGx9LCJ0ZndfZXhwZXJpbWVudHNfY29va2llX2V4cGlyYXRpb24iOnsiYnVja2V0IjoxMjA5NjAwLCJ2ZXJzaW9uIjpudWxsfSwidGZ3X3Nob3dfYmlyZHdhdGNoX3Bpdm90c19lbmFibGVkIjp7ImJ1Y2tldCI6Im9uIiwidmVyc2lvbiI6bnVsbH0sInRmd19kdXBsaWNhdGVfc2NyaWJlc190b19zZXR0aW5ncyI6eyJidWNrZXQiOiJvbiIsInZlcnNpb24iOm51bGx9LCJ0ZndfdXNlX3Byb2ZpbGVfaW1hZ2Vfc2hhcGVfZW5hYmxlZCI6eyJidWNrZXQiOiJvbiIsInZlcnNpb24iOm51bGx9LCJ0ZndfdmlkZW9faGxzX2R5bmFtaWNfbWFuaWZlc3RzXzE1MDgyIjp7ImJ1Y2tldCI6InRydWVfYml0cmF0ZSIsInZlcnNpb24iOm51bGx9LCJ0ZndfbGVnYWN5X3RpbWVsaW5lX3N1bnNldCI6eyJidWNrZXQiOnRydWUsInZlcnNpb24iOm51bGx9LCJ0ZndfdHdlZXRfZWRpdF9mcm9udGVuZCI6eyJidWNrZXQiOiJvbiIsInZlcnNpb24iOm51bGx9fQ%3D%3D&amp;frame=false&amp;hideCard=false&amp;hideThread=false&amp;id=1937197216684188038&amp;lang=en&amp;origin=https%3A%2F%2Ftelegrafi.com%2Firani-shenjestroi-bazat-amerikane-ne-katar-dhe-irak-nuk-raportohet-per-viktima-trump-takim-ne-dhomen-e-situatave%2F&amp;sessionId=22759a81c04142f291076f00abe152287a3ffd93&amp;siteScreenName=Telegrafisti&amp;theme=light&amp;widgetsVersion=2615f7e52b7e0%3A1702314776716&amp;width=550px\" frameborder=\"0\" scrolling=\"no\" allowfullscreen=\"allowfullscreen\" data-tweet-id=\"1937197216684188038\" data-mce-fragment=\"1\"><\/iframe><\/div>\n<p>&nbsp;<\/p>\n<div class=\"twitter-tweet twitter-tweet-rendered\"><iframe id=\"twitter-widget-2\" class=\"\" title=\"X Post\" src=\"https:\/\/platform.twitter.com\/embed\/Tweet.html?creatorScreenName=Telegrafisti&amp;dnt=false&amp;embedId=twitter-widget-2&amp;features=eyJ0ZndfdGltZWxpbmVfbGlzdCI6eyJidWNrZXQiOltdLCJ2ZXJzaW9uIjpudWxsfSwidGZ3X2ZvbGxvd2VyX2NvdW50X3N1bnNldCI6eyJidWNrZXQiOnRydWUsInZlcnNpb24iOm51bGx9LCJ0ZndfdHdlZXRfZWRpdF9iYWNrZW5kIjp7ImJ1Y2tldCI6Im9uIiwidmVyc2lvbiI6bnVsbH0sInRmd19yZWZzcmNfc2Vzc2lvbiI6eyJidWNrZXQiOiJvbiIsInZlcnNpb24iOm51bGx9LCJ0ZndfZm9zbnJfc29mdF9pbnRlcnZlbnRpb25zX2VuYWJsZWQiOnsiYnVja2V0Ijoib24iLCJ2ZXJzaW9uIjpudWxsfSwidGZ3X21peGVkX21lZGlhXzE1ODk3Ijp7ImJ1Y2tldCI6InRyZWF0bWVudCIsInZlcnNpb24iOm51bGx9LCJ0ZndfZXhwZXJpbWVudHNfY29va2llX2V4cGlyYXRpb24iOnsiYnVja2V0IjoxMjA5NjAwLCJ2ZXJzaW9uIjpudWxsfSwidGZ3X3Nob3dfYmlyZHdhdGNoX3Bpdm90c19lbmFibGVkIjp7ImJ1Y2tldCI6Im9uIiwidmVyc2lvbiI6bnVsbH0sInRmd19kdXBsaWNhdGVfc2NyaWJlc190b19zZXR0aW5ncyI6eyJidWNrZXQiOiJvbiIsInZlcnNpb24iOm51bGx9LCJ0ZndfdXNlX3Byb2ZpbGVfaW1hZ2Vfc2hhcGVfZW5hYmxlZCI6eyJidWNrZXQiOiJvbiIsInZlcnNpb24iOm51bGx9LCJ0ZndfdmlkZW9faGxzX2R5bmFtaWNfbWFuaWZlc3RzXzE1MDgyIjp7ImJ1Y2tldCI6InRydWVfYml0cmF0ZSIsInZlcnNpb24iOm51bGx9LCJ0ZndfbGVnYWN5X3RpbWVsaW5lX3N1bnNldCI6eyJidWNrZXQiOnRydWUsInZlcnNpb24iOm51bGx9LCJ0ZndfdHdlZXRfZWRpdF9mcm9udGVuZCI6eyJidWNrZXQiOiJvbiIsInZlcnNpb24iOm51bGx9fQ%3D%3D&amp;frame=false&amp;hideCard=false&amp;hideThread=false&amp;id=1937192748244689267&amp;lang=en&amp;origin=https%3A%2F%2Ftelegrafi.com%2Firani-shenjestroi-bazat-amerikane-ne-katar-dhe-irak-nuk-raportohet-per-viktima-trump-takim-ne-dhomen-e-situatave%2F&amp;sessionId=22759a81c04142f291076f00abe152287a3ffd93&amp;siteScreenName=Telegrafisti&amp;theme=light&amp;widgetsVersion=2615f7e52b7e0%3A1702314776716&amp;width=550px\" frameborder=\"0\" scrolling=\"no\" allowfullscreen=\"allowfullscreen\" data-tweet-id=\"1937192748244689267\" data-mce-fragment=\"1\"><\/iframe><\/div>\n<p>&nbsp;<\/p>\n","protected":false},"excerpt":{"rendered":"<p>Agjencia e lajmeve Tasnim e Iranit ka raportuar se sulmi me raketa q\u00eb sapo raportua n\u00eb Katar mbi baz\u00ebn ushtarak amerikane \u00ebsht\u00eb nj\u00eb operacion i quajtur \u201cShpallja e Fitores\u201d. Burime ushtarake i kan\u00eb th\u00ebn\u00eb agjencis\u00eb s\u00eb lajmeve Reuters, se sistemi i mbrojtjes ajrore u aktivizua n\u00eb baz\u00ebn ajrore Ain al Asad n\u00eb Irak. Objektivi tjet\u00ebr &hellip;<\/p>\n","protected":false},"author":4,"featured_media":117277,"comment_status":"closed","ping_status":"closed","sticky":false,"template":"","format":"standard","meta":{"footnotes":""},"categories":[38],"tags":[],"class_list":["post-117276","post","type-post","status-publish","format-standard","has-post-thumbnail","","category-bota"],"_links":{"self":[{"href":"https:\/\/rdnews.al\/index.php\/wp-json\/wp\/v2\/posts\/117276","targetHints":{"allow":["GET"]}}],"collection":[{"href":"https:\/\/rdnews.al\/index.php\/wp-json\/wp\/v2\/posts"}],"about":[{"href":"https:\/\/rdnews.al\/index.php\/wp-json\/wp\/v2\/types\/post"}],"author":[{"embeddable":true,"href":"https:\/\/rdnews.al\/index.php\/wp-json\/wp\/v2\/users\/4"}],"replies":[{"embeddable":true,"href":"https:\/\/rdnews.al\/index.php\/wp-json\/wp\/v2\/comments?post=117276"}],"version-history":[{"count":1,"href":"https:\/\/rdnews.al\/index.php\/wp-json\/wp\/v2\/posts\/117276\/revisions"}],"predecessor-version":[{"id":117278,"href":"https:\/\/rdnews.al\/index.php\/wp-json\/wp\/v2\/posts\/117276\/revisions\/117278"}],"wp:featuredmedia":[{"embeddable":true,"href":"https:\/\/rdnews.al\/index.php\/wp-json\/wp\/v2\/media\/117277"}],"wp:attachment":[{"href":"https:\/\/rdnews.al\/index.php\/wp-json\/wp\/v2\/media?parent=117276"}],"wp:term":[{"taxonomy":"category","embeddable":true,"href":"https:\/\/rdnews.al\/index.php\/wp-json\/wp\/v2\/categories?post=117276"},{"taxonomy":"post_tag","embeddable":true,"href":"https:\/\/rdnews.al\/index.php\/wp-json\/wp\/v2\/tags?post=117276"}],"curies":[{"name":"wp","href":"https:\/\/api.w.org\/{rel}","templated":true}]}}