{"id":117279,"date":"2025-06-23T19:12:22","date_gmt":"2025-06-23T19:12:22","guid":{"rendered":"https:\/\/rdnews.al\/?p=117279"},"modified":"2025-06-23T19:18:06","modified_gmt":"2025-06-23T19:18:06","slug":"shba-kishte-zhvendosur-aeroplanet-nga-baza-e-katarit-para-se-te-fillonte-sulmi-na-irani","status":"publish","type":"post","link":"https:\/\/rdnews.al\/index.php\/2025\/06\/23\/shba-kishte-zhvendosur-aeroplanet-nga-baza-e-katarit-para-se-te-fillonte-sulmi-na-irani\/","title":{"rendered":"SHBA kishte zhvendosur aeroplan\u00ebt nga baza e Katarit para se t\u00eb fillonte sulmi nga Irani"},"content":{"rendered":"<p>Aeroplan\u00ebt amerikan\u00eb ishin zhvendosur nga baza ajrore Al Udeid n\u00eb Katar jav\u00ebn e kaluar, sipas nj\u00eb imazhi satelitor t\u00eb marr\u00eb m\u00eb 19 qershor, i cili tregon pista pothuajse t\u00eb zbraz\u00ebta.<\/p>\n<p>Kjo do t\u00eb thot\u00eb se aeroplan\u00ebt u zhvendos\u00ebn p\u00ebrpara se Irani t\u00eb niste nj\u00eb sulm me raketa n\u00eb Al Udeid t\u00eb h\u00ebn\u00ebn, n\u00eb p\u00ebrgjigje t\u00eb goditjes s\u00eb SHBA-s\u00eb ndaj objekteve t\u00eb saj b\u00ebrthamore gjat\u00eb fundjav\u00ebs.<\/p>\n<p>Dy zyrtar\u00eb t\u00eb mbrojtjes i than\u00eb CNN jav\u00ebn e kaluar se aeroplan\u00ebt u d\u00ebrguan n\u00eb vende t\u00eb tjera, si pjes\u00eb e p\u00ebrpjekjeve t\u00eb ushtris\u00eb amerikane p\u00ebr t\u00eb mbrojtur asetet dhe pajisjet e saj n\u00eb Lindjen e Mesme mes konfliktit midis Iranit dhe Izraelit.<\/p>\n<p>P\u00ebr m\u00eb tep\u00ebr, t\u00eb gjitha anijet e Marin\u00ebs Amerikane q\u00eb ishin vendosur p\u00ebrpara n\u00eb Aktivitetin e Mb\u00ebshtetjes Detare t\u00eb Bahreinit \u2013 baza e Marin\u00ebs Amerikane n\u00eb vendin ishullor \u2013 u larguan nga porti jav\u00ebn e kaluar. Nuk \u00ebsht\u00eb e qart\u00eb se ku shkuan aeroplan\u00ebt dhe anijet.<\/p>\n<p><img loading=\"lazy\" decoding=\"async\" class=\"alignnone size-full wp-image-4310520\" src=\"https:\/\/telegrafi.com\/wp-content\/uploads\/2025\/06\/1-206.jpg\" alt=\"\" width=\"699\" height=\"933\" \/><\/p>\n<p>E Irani raportohet se i e kishte informuar paraprakisht Katarin p\u00ebr l\u00ebshimin e raketave drejt baz\u00ebs amerikane, transmeton Telegrafi.<\/p>\n<p>Zyrtar\u00ebt iranian\u00eb i dhan\u00eb Katarit njoftim paraprak p\u00ebr nj\u00eb sulm p\u00ebrpara se t\u00eb l\u00ebshonin raketa drejt nj\u00eb baze ushtarake amerikane n\u00eb vend, sipas nj\u00eb burimi t\u00eb njohur me \u00e7\u00ebshtjen.<\/p>\n<p>Koordinimi kishte p\u00ebr q\u00ebllim minimizimin e viktimave. Nj\u00eb zyrtar amerikan i tha CNN-s\u00eb se nuk jan\u00eb n\u00eb dijeni t\u00eb ndonj\u00eb t\u00eb plagosuri apo vdekjeje nga SHBA-t\u00eb n\u00eb sulmin e raportuar n\u00eb baz\u00ebn ajrore Al Udeid.<\/p>\n<p>Ministria e Mbrojtjes e Katarit tha t\u00eb h\u00ebn\u00ebn se mbrojtja e saj ajrore ka kapur nj\u00eb sulm raketor iranian n\u00eb baz\u00ebn ajrore.<\/p>\n","protected":false},"excerpt":{"rendered":"<p>Aeroplan\u00ebt amerikan\u00eb ishin zhvendosur nga baza ajrore Al Udeid n\u00eb Katar jav\u00ebn e kaluar, sipas nj\u00eb imazhi satelitor t\u00eb marr\u00eb m\u00eb 19 qershor, i cili tregon pista pothuajse t\u00eb zbraz\u00ebta. Kjo do t\u00eb thot\u00eb se aeroplan\u00ebt u zhvendos\u00ebn p\u00ebrpara se Irani t\u00eb niste nj\u00eb sulm me raketa n\u00eb Al Udeid t\u00eb h\u00ebn\u00ebn, n\u00eb p\u00ebrgjigje t\u00eb &hellip;<\/p>\n","protected":false},"author":4,"featured_media":117280,"comment_status":"closed","ping_status":"closed","sticky":false,"template":"","format":"standard","meta":{"footnotes":""},"categories":[38],"tags":[],"class_list":["post-117279","post","type-post","status-publish","format-standard","has-post-thumbnail","","category-bota"],"_links":{"self":[{"href":"https:\/\/rdnews.al\/index.php\/wp-json\/wp\/v2\/posts\/117279","targetHints":{"allow":["GET"]}}],"collection":[{"href":"https:\/\/rdnews.al\/index.php\/wp-json\/wp\/v2\/posts"}],"about":[{"href":"https:\/\/rdnews.al\/index.php\/wp-json\/wp\/v2\/types\/post"}],"author":[{"embeddable":true,"href":"https:\/\/rdnews.al\/index.php\/wp-json\/wp\/v2\/users\/4"}],"replies":[{"embeddable":true,"href":"https:\/\/rdnews.al\/index.php\/wp-json\/wp\/v2\/comments?post=117279"}],"version-history":[{"count":2,"href":"https:\/\/rdnews.al\/index.php\/wp-json\/wp\/v2\/posts\/117279\/revisions"}],"predecessor-version":[{"id":117282,"href":"https:\/\/rdnews.al\/index.php\/wp-json\/wp\/v2\/posts\/117279\/revisions\/117282"}],"wp:featuredmedia":[{"embeddable":true,"href":"https:\/\/rdnews.al\/index.php\/wp-json\/wp\/v2\/media\/117280"}],"wp:attachment":[{"href":"https:\/\/rdnews.al\/index.php\/wp-json\/wp\/v2\/media?parent=117279"}],"wp:term":[{"taxonomy":"category","embeddable":true,"href":"https:\/\/rdnews.al\/index.php\/wp-json\/wp\/v2\/categories?post=117279"},{"taxonomy":"post_tag","embeddable":true,"href":"https:\/\/rdnews.al\/index.php\/wp-json\/wp\/v2\/tags?post=117279"}],"curies":[{"name":"wp","href":"https:\/\/api.w.org\/{rel}","templated":true}]}}