{"id":117283,"date":"2025-06-23T19:41:49","date_gmt":"2025-06-23T19:41:49","guid":{"rendered":"https:\/\/rdnews.al\/?p=117283"},"modified":"2025-06-23T19:41:49","modified_gmt":"2025-06-23T19:41:49","slug":"sulmi-i-iranit-ne-bazen-ajrore-amerikane-ne-katar-tejet-simbolik","status":"publish","type":"post","link":"https:\/\/rdnews.al\/index.php\/2025\/06\/23\/sulmi-i-iranit-ne-bazen-ajrore-amerikane-ne-katar-tejet-simbolik\/","title":{"rendered":"Sulmi i Iranit n\u00eb baz\u00ebn ajrore amerikane n\u00eb Katar, tejet simbolik"},"content":{"rendered":"<p><a href=\"https:\/\/www.evropaelire.org\/a\/33452756.html\" target=\"_blank\" rel=\"noopener\"><strong>Sulmi raketor iranian<\/strong><\/a><strong>\u00a0<\/strong>n\u00eb baz\u00ebn ajrore amerikane Al Udeid n\u00eb Katar ishte akt tejet simbolik, i kalibruar me kujdes p\u00ebr t\u00eb d\u00ebrguar mesazh vendosm\u00ebrie, por edhe p\u00ebr t\u00eb shmangur nj\u00eb konflikt m\u00eb t\u00eb gjer\u00eb dhe shkat\u00ebrrues.<\/p>\n<p>Irani ka th\u00ebn\u00eb se numri i raketave t\u00eb nisura m\u00eb 23 qershor ka qen\u00eb i nj\u00ebjt\u00eb me numrin e bombave t\u00eb nisura nga Shtetet e Bashkuara n\u00eb qendrat b\u00ebrthamore iraniane, duke sinjalizuar se synon p\u00ebrgjigje proporcionale dhe jo p\u00ebrshkall\u00ebzim t\u00eb situat\u00ebs n\u00eb m\u00ebnyr\u00eb t\u00eb pakontrolluar.<\/p>\n<p>Kjo simetri n\u00eb veprime e v\u00eb n\u00eb pah d\u00ebshir\u00ebn e Iranit p\u00ebr t\u00eb demonstruar se do t\u00eb p\u00ebrgjigjet p\u00ebr sulmet q\u00eb jan\u00eb kryer n\u00eb tok\u00ebn e vet, por edhe q\u00eb nuk e d\u00ebshiron nj\u00eb luf\u00eb t\u00eb shkall\u00ebs s\u00eb gjer\u00eb.<\/p>\n<p>&nbsp;<\/p>\n<p><strong>Pse e ka sulmuar Irani baz\u00ebn ajrore Al Udeid?<\/strong><\/p>\n<p>Baza ajrore Al Udeid sh\u00ebrben si qendra m\u00eb e madhe e ushtris\u00eb amerikane n\u00eb Lindje t\u00eb Mesme dhe sh\u00ebrben si seli e Komand\u00ebs Qendrore t\u00eb Shteteve t\u00eb Bashkuara p\u00ebr operacionet ushtarake amerikane n\u00eb rajon.<\/p>\n<p>Imazhet satelitore t\u00eb 20 qershorit tregojn\u00eb se Shtetet e Bashkuara i kan\u00eb larguar rreth 40 pajisje ushtarake t\u00eb llojeve t\u00eb ndryshme nga kjo baz\u00eb.<\/p>\n<p>Nj\u00eb aspekt ky\u00e7 i natyr\u00ebs simbolike t\u00eb sulmit \u00ebsht\u00eb p\u00ebrpjekja e qart\u00eb p\u00ebr t&#8217;i minimizuar pasojat dhe d\u00ebmin kolateral.<\/p>\n<p>Sulmi e ka goditur baz\u00ebn Al Udeid, mir\u00ebpo Irani ka theksuar se e ka zgjedhur nj\u00eb baz\u00eb jasht\u00eb zonave t\u00eb banueshme, dhe sipas zyrtar\u00ebve t\u00eb Katarit, nuk raportohet p\u00ebr t\u00eb plagosur.<\/p>\n<p>Kjo vet\u00ebp\u00ebrmbajtje tregon p\u00ebr objektivin e Iranit q\u00eb t\u00eb mos shkaktoj\u00eb viktima, por m\u00eb shum\u00eb q\u00eb ta ket\u00eb k\u00ebt\u00eb veprim si deklarat\u00eb politike dhe ushtarake.<\/p>\n<p>Duke ofruar paralajm\u00ebrime paraprake dhe duke i p\u00ebrzgjedhur me kujdes sh\u00ebnjestrat, Irani u ka mund\u00ebsuar Shteteve t\u00eb Bashkuara dhe aleat\u00ebve q\u00eb t\u00eb marrin masa, dhe t\u00eb zvog\u00eblojn\u00eb rrezikun e nj\u00eb p\u00ebrshkall\u00ebzimi.<\/p>\n<p><strong>Irani sinjalizon se \u00ebsht\u00eb i hapur p\u00ebr shtensionim<\/strong><\/p>\n<p>Kjo qasje p\u00ebrkujton p\u00ebrgjigjen e Iranit pasi Shtetet e Bashkuara pat\u00ebn vrar\u00eb Qasem Soleimanin, gjeneralin e lart\u00eb t\u00eb Gard\u00ebs Revolucionare te Iranit, i cili \u00ebsht\u00eb p\u00ebrshkruar gjer\u00ebsisht si njeriu i dyt\u00eb m\u00eb i fuqish\u00ebm n\u00eb Iran.<\/p>\n<p>Irani \u00ebsht\u00eb hakmarr\u00eb me nisje raketash n\u00eb baz\u00ebn ajrore amerikane n\u00eb Irak, n\u00eb janar t\u00eb vitit 2020, por edhe at\u00ebher\u00eb ka l\u00ebshuar paralajm\u00ebrime, dhe si rezultat nuk ka pasur viktima.<\/p>\n<p>N\u00eb t\u00eb dyja rastet, Irani ka synuar q\u00eb t\u2019i p\u00ebrmbush\u00eb k\u00ebrkesat e brendshme, ndon\u00ebse ka sinjalizuar para komunitetit nd\u00ebrkomb\u00ebtar, sidomos aktor\u00ebve rajonal\u00eb dhe fuqive bot\u00ebrore, se \u00ebsht\u00eb i hapur p\u00ebr shtensionim.<\/p>\n<p>Kjo taktik\u00eb u mund\u00ebson t\u00eb gjitha pal\u00ebve q\u00eb t\u00eb shmangin nj\u00eb konflikt n\u00eb t\u00eb ardhmen &#8211; lider\u00ebt mund t\u00eb deklarojn\u00eb se kan\u00eb vepruar me vendosm\u00ebri, pa kaluar kufirin q\u00eb do t\u2019i b\u00ebnte zgjidhjet diplomatike t\u00eb pamundshme.\/REL<\/p>\n<p>&nbsp;<\/p>\n","protected":false},"excerpt":{"rendered":"<p>Sulmi raketor iranian\u00a0n\u00eb baz\u00ebn ajrore amerikane Al Udeid n\u00eb Katar ishte akt tejet simbolik, i kalibruar me kujdes p\u00ebr t\u00eb d\u00ebrguar mesazh vendosm\u00ebrie, por edhe p\u00ebr t\u00eb shmangur nj\u00eb konflikt m\u00eb t\u00eb gjer\u00eb dhe shkat\u00ebrrues. Irani ka th\u00ebn\u00eb se numri i raketave t\u00eb nisura m\u00eb 23 qershor ka qen\u00eb i nj\u00ebjt\u00eb me numrin e bombave &hellip;<\/p>\n","protected":false},"author":3,"featured_media":117284,"comment_status":"closed","ping_status":"closed","sticky":false,"template":"","format":"standard","meta":{"footnotes":""},"categories":[38],"tags":[],"class_list":["post-117283","post","type-post","status-publish","format-standard","has-post-thumbnail","","category-bota"],"_links":{"self":[{"href":"https:\/\/rdnews.al\/index.php\/wp-json\/wp\/v2\/posts\/117283","targetHints":{"allow":["GET"]}}],"collection":[{"href":"https:\/\/rdnews.al\/index.php\/wp-json\/wp\/v2\/posts"}],"about":[{"href":"https:\/\/rdnews.al\/index.php\/wp-json\/wp\/v2\/types\/post"}],"author":[{"embeddable":true,"href":"https:\/\/rdnews.al\/index.php\/wp-json\/wp\/v2\/users\/3"}],"replies":[{"embeddable":true,"href":"https:\/\/rdnews.al\/index.php\/wp-json\/wp\/v2\/comments?post=117283"}],"version-history":[{"count":1,"href":"https:\/\/rdnews.al\/index.php\/wp-json\/wp\/v2\/posts\/117283\/revisions"}],"predecessor-version":[{"id":117285,"href":"https:\/\/rdnews.al\/index.php\/wp-json\/wp\/v2\/posts\/117283\/revisions\/117285"}],"wp:featuredmedia":[{"embeddable":true,"href":"https:\/\/rdnews.al\/index.php\/wp-json\/wp\/v2\/media\/117284"}],"wp:attachment":[{"href":"https:\/\/rdnews.al\/index.php\/wp-json\/wp\/v2\/media?parent=117283"}],"wp:term":[{"taxonomy":"category","embeddable":true,"href":"https:\/\/rdnews.al\/index.php\/wp-json\/wp\/v2\/categories?post=117283"},{"taxonomy":"post_tag","embeddable":true,"href":"https:\/\/rdnews.al\/index.php\/wp-json\/wp\/v2\/tags?post=117283"}],"curies":[{"name":"wp","href":"https:\/\/api.w.org\/{rel}","templated":true}]}}