{"id":117331,"date":"2025-06-24T11:16:47","date_gmt":"2025-06-24T11:16:47","guid":{"rendered":"https:\/\/rdnews.al\/?p=117331"},"modified":"2025-06-24T11:16:47","modified_gmt":"2025-06-24T11:16:47","slug":"berisha-publikon-te-tjera-pamje-tronditese-komisioneret-kontrollojne-cdo-vote-hedhin-votat-bashke-me-zgjedhesit","status":"publish","type":"post","link":"https:\/\/rdnews.al\/index.php\/2025\/06\/24\/berisha-publikon-te-tjera-pamje-tronditese-komisioneret-kontrollojne-cdo-vote-hedhin-votat-bashke-me-zgjedhesit\/","title":{"rendered":"Berisha publikon t\u00eb tjera pamje trondit\u00ebse: Komisioner\u00ebt kontrollojn\u00eb \u00e7do vot\u00eb, hedhin votat bashk\u00eb me zgjedh\u00ebsit"},"content":{"rendered":"<p>Lideri i opozit\u00ebs, Sali Berisha ka publikuar t\u00eb tjera pamje trondit\u00ebse nga farsa zgjedhore e 11 majit n\u00eb qendrat e votimit, ku komisioner\u00ebt kontrollojn\u00eb dhe votojn\u00eb bashk\u00eb me zgjedh\u00ebsit.<\/p>\n<p>Berisha pasi komentoi pamjet skandaloze nga q\u00ebndrat e votimit tha se, komisioner\u00ebt kontrollojn\u00eb \u00e7do vot\u00eb, hedhin votat bashk\u00eb me zgjedh\u00ebsit.<\/p>\n<p><em>\u201c<\/em>Tani k\u00ebtu vazhdojm\u00eb.<\/p>\n<p>Ja, shiheni k\u00ebt\u00eb vajz\u00ebn, kriminele elektorale, komisionere n\u00eb detyr\u00eb.<\/p>\n<p>Shikoni se \u00e7far\u00eb b\u00ebn, nj\u00eb nga nj\u00eb shkon dhe voton me zgjedh\u00ebsit.<\/p>\n<p>Urdh\u00ebro!<\/p>\n<p>Pra, komisionerja kontrollon \u00e7do vot\u00eb.<\/p>\n<p>Edhe ky komisioner kontrollon \u00e7do vot\u00eb.<\/p>\n<p>Pra, votojn\u00eb komisioner\u00ebt.<\/p>\n<p>Vazhdojn\u00eb kontrollin&#8230; voton p\u00ebr t\u00eb.<\/p>\n<p>Tani fut edhe ndonj\u00eb tjet\u00ebr vet\u00eb ky. Tani komisioneri.<\/p>\n<p>Dy flet\u00eb&#8230;<\/p>\n<p>Pra, k\u00ebto ishin vet\u00ebm disa momente nga aktet kriminale t\u00eb votimit n\u00eb dat\u00ebn 11 Maj.<\/p>\n<p>Kurr\u00eb k\u00ebto zgjedhje nuk p\u00ebrligjen dhe jam i bindur se shqiptar\u00ebt do i japin Edi Ram\u00ebs, si armiku m\u00eb i eg\u00ebr i lirive t\u00eb tyre, at\u00eb q\u00eb meriton, sa m\u00eb shpejt\u201d, tha Berisha.<\/p>\n","protected":false},"excerpt":{"rendered":"<p>Lideri i opozit\u00ebs, Sali Berisha ka publikuar t\u00eb tjera pamje trondit\u00ebse nga farsa zgjedhore e 11 majit n\u00eb qendrat e votimit, ku komisioner\u00ebt kontrollojn\u00eb dhe votojn\u00eb bashk\u00eb me zgjedh\u00ebsit. Berisha pasi komentoi pamjet skandaloze nga q\u00ebndrat e votimit tha se, komisioner\u00ebt kontrollojn\u00eb \u00e7do vot\u00eb, hedhin votat bashk\u00eb me zgjedh\u00ebsit. \u201cTani k\u00ebtu vazhdojm\u00eb. Ja, shiheni k\u00ebt\u00eb &hellip;<\/p>\n","protected":false},"author":4,"featured_media":117332,"comment_status":"closed","ping_status":"closed","sticky":false,"template":"","format":"standard","meta":{"footnotes":""},"categories":[37],"tags":[],"class_list":["post-117331","post","type-post","status-publish","format-standard","has-post-thumbnail","","category-politike"],"_links":{"self":[{"href":"https:\/\/rdnews.al\/index.php\/wp-json\/wp\/v2\/posts\/117331","targetHints":{"allow":["GET"]}}],"collection":[{"href":"https:\/\/rdnews.al\/index.php\/wp-json\/wp\/v2\/posts"}],"about":[{"href":"https:\/\/rdnews.al\/index.php\/wp-json\/wp\/v2\/types\/post"}],"author":[{"embeddable":true,"href":"https:\/\/rdnews.al\/index.php\/wp-json\/wp\/v2\/users\/4"}],"replies":[{"embeddable":true,"href":"https:\/\/rdnews.al\/index.php\/wp-json\/wp\/v2\/comments?post=117331"}],"version-history":[{"count":1,"href":"https:\/\/rdnews.al\/index.php\/wp-json\/wp\/v2\/posts\/117331\/revisions"}],"predecessor-version":[{"id":117333,"href":"https:\/\/rdnews.al\/index.php\/wp-json\/wp\/v2\/posts\/117331\/revisions\/117333"}],"wp:featuredmedia":[{"embeddable":true,"href":"https:\/\/rdnews.al\/index.php\/wp-json\/wp\/v2\/media\/117332"}],"wp:attachment":[{"href":"https:\/\/rdnews.al\/index.php\/wp-json\/wp\/v2\/media?parent=117331"}],"wp:term":[{"taxonomy":"category","embeddable":true,"href":"https:\/\/rdnews.al\/index.php\/wp-json\/wp\/v2\/categories?post=117331"},{"taxonomy":"post_tag","embeddable":true,"href":"https:\/\/rdnews.al\/index.php\/wp-json\/wp\/v2\/tags?post=117331"}],"curies":[{"name":"wp","href":"https:\/\/api.w.org\/{rel}","templated":true}]}}