{"id":117335,"date":"2025-06-24T11:20:01","date_gmt":"2025-06-24T11:20:01","guid":{"rendered":"https:\/\/rdnews.al\/?p=117335"},"modified":"2025-06-24T11:20:01","modified_gmt":"2025-06-24T11:20:01","slug":"berisha-beteja-eshte-e-gjithanshme-motoja-jone-eshte-qeveri-teknike-zgjedhje-te-lira","status":"publish","type":"post","link":"https:\/\/rdnews.al\/index.php\/2025\/06\/24\/berisha-beteja-eshte-e-gjithanshme-motoja-jone-eshte-qeveri-teknike-zgjedhje-te-lira\/","title":{"rendered":"Berisha: Beteja \u00ebsht\u00eb e gjithanshme! Motoja jon\u00eb \u00ebsht\u00eb, qeveri teknike, zgjedhje t\u00eb lira!"},"content":{"rendered":"<p>Lideri i opozit\u00ebs, Sali Berisha, n\u00eb deklarat\u00ebn p\u00ebr mediat, theksoi se, beteja politike e Partis\u00eb Demokratike \u00ebsht\u00eb e gjithanshme dhe shum\u00ebplan\u00ebshe.<\/p>\n<p>Ai tha se, \u00e7do veprim i opozit\u00ebs vjen si nj\u00eb detyrim ndaj qytetar\u00ebve shqiptar\u00eb dhe komunitetit nd\u00ebrkomb\u00ebtar, por me bindjen se zgjidhja do t\u00eb vij\u00eb nga vet\u00eb shqiptar\u00ebt dhe opozita.<\/p>\n<p>\u201cBeteja \u00ebsht\u00eb e gjithanshme. Ne k\u00ebto q\u00eb b\u00ebjm\u00eb, i b\u00ebjm\u00eb p\u00ebr dy arsye, p\u00ebr t\u00eb hedhur drit\u00eb, s\u00eb pari si detyrim ndaj shqiptar\u00ebve, s\u00eb dyti ndaj komunitetit nd\u00ebrkomb\u00ebtar me bindjen m\u00eb t\u00eb thell\u00eb se, problemin do ta zgjidhin vet\u00eb shqiptar\u00ebt dhe opozita.<\/p>\n<p>Natyrisht beteja do t\u00eb jet\u00eb shum\u00ebplan\u00ebshe, komplekse. \u00cbsht\u00eb nj\u00eb betej\u00eb shum\u00eb e gjer\u00eb, shum\u00eb komplekse, por me bindjen ton\u00eb m\u00eb t\u00eb thell\u00eb q\u00eb do fitohet.<\/p>\n<p>Qeveri teknike, zgjedhje t\u00eb lira, kjo \u00ebsht\u00eb motoja jon\u00eb\u201d, tha Berisha.<\/p>\n","protected":false},"excerpt":{"rendered":"<p>Lideri i opozit\u00ebs, Sali Berisha, n\u00eb deklarat\u00ebn p\u00ebr mediat, theksoi se, beteja politike e Partis\u00eb Demokratike \u00ebsht\u00eb e gjithanshme dhe shum\u00ebplan\u00ebshe. Ai tha se, \u00e7do veprim i opozit\u00ebs vjen si nj\u00eb detyrim ndaj qytetar\u00ebve shqiptar\u00eb dhe komunitetit nd\u00ebrkomb\u00ebtar, por me bindjen se zgjidhja do t\u00eb vij\u00eb nga vet\u00eb shqiptar\u00ebt dhe opozita. \u201cBeteja \u00ebsht\u00eb e gjithanshme. &hellip;<\/p>\n","protected":false},"author":4,"featured_media":117336,"comment_status":"closed","ping_status":"closed","sticky":false,"template":"","format":"standard","meta":{"footnotes":""},"categories":[37],"tags":[],"class_list":["post-117335","post","type-post","status-publish","format-standard","has-post-thumbnail","","category-politike"],"_links":{"self":[{"href":"https:\/\/rdnews.al\/index.php\/wp-json\/wp\/v2\/posts\/117335","targetHints":{"allow":["GET"]}}],"collection":[{"href":"https:\/\/rdnews.al\/index.php\/wp-json\/wp\/v2\/posts"}],"about":[{"href":"https:\/\/rdnews.al\/index.php\/wp-json\/wp\/v2\/types\/post"}],"author":[{"embeddable":true,"href":"https:\/\/rdnews.al\/index.php\/wp-json\/wp\/v2\/users\/4"}],"replies":[{"embeddable":true,"href":"https:\/\/rdnews.al\/index.php\/wp-json\/wp\/v2\/comments?post=117335"}],"version-history":[{"count":1,"href":"https:\/\/rdnews.al\/index.php\/wp-json\/wp\/v2\/posts\/117335\/revisions"}],"predecessor-version":[{"id":117337,"href":"https:\/\/rdnews.al\/index.php\/wp-json\/wp\/v2\/posts\/117335\/revisions\/117337"}],"wp:featuredmedia":[{"embeddable":true,"href":"https:\/\/rdnews.al\/index.php\/wp-json\/wp\/v2\/media\/117336"}],"wp:attachment":[{"href":"https:\/\/rdnews.al\/index.php\/wp-json\/wp\/v2\/media?parent=117335"}],"wp:term":[{"taxonomy":"category","embeddable":true,"href":"https:\/\/rdnews.al\/index.php\/wp-json\/wp\/v2\/categories?post=117335"},{"taxonomy":"post_tag","embeddable":true,"href":"https:\/\/rdnews.al\/index.php\/wp-json\/wp\/v2\/tags?post=117335"}],"curies":[{"name":"wp","href":"https:\/\/api.w.org\/{rel}","templated":true}]}}