{"id":117338,"date":"2025-06-24T11:25:22","date_gmt":"2025-06-24T11:25:22","guid":{"rendered":"https:\/\/rdnews.al\/?p=117338"},"modified":"2025-06-24T11:25:22","modified_gmt":"2025-06-24T11:25:22","slug":"berisha-baljozet-e-zi-te-krimit-elektoral-jane-edi-rama-dhe-altin-troplini","status":"publish","type":"post","link":"https:\/\/rdnews.al\/index.php\/2025\/06\/24\/berisha-baljozet-e-zi-te-krimit-elektoral-jane-edi-rama-dhe-altin-troplini\/","title":{"rendered":"Berisha: Baljoz\u00ebt e zi t\u00eb krimit elektoral jan\u00eb Edi Rama dhe Altin Troplini!"},"content":{"rendered":"<p>Lideri i opozit\u00ebs, Sali Berisha, ka akuzuar ashp\u00ebr kryeministrin Edi Rama dhe\u00a0Altin Troplinin, si p\u00ebrgjegj\u00ebsit kryesor\u00eb t\u00eb asaj q\u00eb e cil\u00ebsoi \u201cfars\u00eb zgjedhore\u201d.<\/p>\n<p>N\u00eb nj\u00eb konferenc\u00eb\u00a0\u00a0me gazetar\u00ebt, Berisha tha se qendrat e votimit ishin n\u00ebn presionin e \u201chanxhar\u00ebve t\u00eb krimit\u201d dhe se qytetar\u00ebt jan\u00eb detyruar t\u00eb mbyllin syt\u00eb p\u00ebrball\u00eb k\u00ebrc\u00ebnimeve.<\/p>\n<p>Ai tha se, k\u00ebto jan\u00eb, ka dhe t\u00eb tjera, por k\u00ebto jan\u00eb nj\u00ebher\u00eb. K\u00ebtu po t\u00eb marr\u00ebsh qendr\u00ebn e votimit del Sara Mila.<\/p>\n<p>\u201cK\u00ebto jan\u00eb, ka dhe t\u00eb tjera, k\u00ebto jan\u00eb nj\u00ebher\u00eb. K\u00ebtu po t\u00eb marr\u00ebsh qendr\u00ebn e votimit del Sara Mila, sepse aty ku hanxhar\u00ebt e krimit kan\u00eb k\u00ebrc\u00ebnuar njer\u00ebzit, i kan\u00eb detyruar t\u00eb mbyllin syt\u00eb. Hetim nuk ka, se k\u00ebtu duhet t\u00eb jemi realist.<\/p>\n<p>Pas kreut t\u00eb organizat\u00ebs kriminale Edi Rama q\u00eb \u00ebsht\u00eb p\u00ebrgjegj\u00ebsi num\u00ebr 1 p\u00ebr k\u00ebt\u00eb fars\u00eb zgjedhore, me t\u00eb gjith\u00eb kompleksitetin e saj, autori i saj \u00ebsht\u00eb Altin Troplini, i cili amnistoi dosjet 184 dhe 339, duke u th\u00ebn\u00eb shqiptar\u00ebve se krimi elektoral nuk nd\u00ebshkohet dhe se Edi Rama ka licenc\u00eb p\u00ebr t\u00eb vazhduar krime monstruoze t\u00eb tjera.<\/p>\n<p>Pra kjo \u00ebsht\u00eb. Jan\u00eb dy k\u00ebta baljoz\u00ebt m\u00eb t\u00eb zi t\u00eb krimit elektoral, nj\u00ebri \u00ebsht\u00eb Edi Rama, i dyti \u00ebsht\u00eb Altin Troplini\u201d, tha Berisha.<\/p>\n","protected":false},"excerpt":{"rendered":"<p>Lideri i opozit\u00ebs, Sali Berisha, ka akuzuar ashp\u00ebr kryeministrin Edi Rama dhe\u00a0Altin Troplinin, si p\u00ebrgjegj\u00ebsit kryesor\u00eb t\u00eb asaj q\u00eb e cil\u00ebsoi \u201cfars\u00eb zgjedhore\u201d. N\u00eb nj\u00eb konferenc\u00eb\u00a0\u00a0me gazetar\u00ebt, Berisha tha se qendrat e votimit ishin n\u00ebn presionin e \u201chanxhar\u00ebve t\u00eb krimit\u201d dhe se qytetar\u00ebt jan\u00eb detyruar t\u00eb mbyllin syt\u00eb p\u00ebrball\u00eb k\u00ebrc\u00ebnimeve. Ai tha se, k\u00ebto jan\u00eb, &hellip;<\/p>\n","protected":false},"author":4,"featured_media":117339,"comment_status":"closed","ping_status":"closed","sticky":false,"template":"","format":"standard","meta":{"footnotes":""},"categories":[37],"tags":[],"class_list":["post-117338","post","type-post","status-publish","format-standard","has-post-thumbnail","","category-politike"],"_links":{"self":[{"href":"https:\/\/rdnews.al\/index.php\/wp-json\/wp\/v2\/posts\/117338","targetHints":{"allow":["GET"]}}],"collection":[{"href":"https:\/\/rdnews.al\/index.php\/wp-json\/wp\/v2\/posts"}],"about":[{"href":"https:\/\/rdnews.al\/index.php\/wp-json\/wp\/v2\/types\/post"}],"author":[{"embeddable":true,"href":"https:\/\/rdnews.al\/index.php\/wp-json\/wp\/v2\/users\/4"}],"replies":[{"embeddable":true,"href":"https:\/\/rdnews.al\/index.php\/wp-json\/wp\/v2\/comments?post=117338"}],"version-history":[{"count":1,"href":"https:\/\/rdnews.al\/index.php\/wp-json\/wp\/v2\/posts\/117338\/revisions"}],"predecessor-version":[{"id":117340,"href":"https:\/\/rdnews.al\/index.php\/wp-json\/wp\/v2\/posts\/117338\/revisions\/117340"}],"wp:featuredmedia":[{"embeddable":true,"href":"https:\/\/rdnews.al\/index.php\/wp-json\/wp\/v2\/media\/117339"}],"wp:attachment":[{"href":"https:\/\/rdnews.al\/index.php\/wp-json\/wp\/v2\/media?parent=117338"}],"wp:term":[{"taxonomy":"category","embeddable":true,"href":"https:\/\/rdnews.al\/index.php\/wp-json\/wp\/v2\/categories?post=117338"},{"taxonomy":"post_tag","embeddable":true,"href":"https:\/\/rdnews.al\/index.php\/wp-json\/wp\/v2\/tags?post=117338"}],"curies":[{"name":"wp","href":"https:\/\/api.w.org\/{rel}","templated":true}]}}