{"id":117344,"date":"2025-06-24T11:35:06","date_gmt":"2025-06-24T11:35:06","guid":{"rendered":"https:\/\/rdnews.al\/?p=117344"},"modified":"2025-06-24T11:35:06","modified_gmt":"2025-06-24T11:35:06","slug":"berisha-statuti-ben-fjale-per-zgjedhje-jo-per-farse","status":"publish","type":"post","link":"https:\/\/rdnews.al\/index.php\/2025\/06\/24\/berisha-statuti-ben-fjale-per-zgjedhje-jo-per-farse\/","title":{"rendered":"Berisha: Statuti b\u00ebn fjal\u00eb p\u00ebr zgjedhje, jo p\u00ebr fars\u00eb!"},"content":{"rendered":"<p>Kryetari i PD, Sali Berisha u shpreh se, statuti i Partis\u00eb Demokratike flet qart\u00eb p\u00ebr zgjedhje dhe jo p\u00ebr fars\u00eb elektorale. Ai k\u00ebrkoi t\u00eb mos keqinterpretohet kuptimi i statutit dhe shtoi se ka dokumente origjinale q\u00eb v\u00ebrtetojn\u00eb manipulimet zgjedhore nd\u00ebr vite<em>.<\/em><\/p>\n<p>\u201cStatuti b\u00ebn fjal\u00eb p\u00ebr zgjedhje, jo p\u00ebr fars\u00eb. T\u00eb lutem mos e keqinterpreto statutin.<\/p>\n<p>N\u00ebqoft\u00ebse statuti do shkruante p\u00ebr fars\u00eb dhe un\u00eb mund t\u00eb jap dokumente origjinale q\u00eb d\u00ebshmojn\u00eb se vet\u00ebdijen e Sali Berish\u00ebs p\u00ebr fars\u00ebn, pra n\u00ebse un\u00eb do kisha shkrojtur fars\u00eb, un\u00eb jam dakord me ty, por nuk kam shkruar fars\u00eb, por zgjedhje.<\/p>\n<p>Jo fars\u00eb, farsa \u00ebsht\u00eb kryesorja. Farsa.\u00a0 Sepse un\u00eb mund t\u00eb nxjerr dokumente n\u00eb t\u00eb cilat me qart\u00ebsi t\u00eb madhe kam folur p\u00ebr farsa gjat\u00eb k\u00ebtyre viteve.<\/p>\n<p>Pra nuk \u00ebsht\u00eb se i mungonte fjalorit tim politik nocioni fars\u00eb. Nuk mund t\u00eb m\u00eb mungonte, kurrsesi\u201d, tha Berisha.<\/p>\n","protected":false},"excerpt":{"rendered":"<p>Kryetari i PD, Sali Berisha u shpreh se, statuti i Partis\u00eb Demokratike flet qart\u00eb p\u00ebr zgjedhje dhe jo p\u00ebr fars\u00eb elektorale. Ai k\u00ebrkoi t\u00eb mos keqinterpretohet kuptimi i statutit dhe shtoi se ka dokumente origjinale q\u00eb v\u00ebrtetojn\u00eb manipulimet zgjedhore nd\u00ebr vite. \u201cStatuti b\u00ebn fjal\u00eb p\u00ebr zgjedhje, jo p\u00ebr fars\u00eb. T\u00eb lutem mos e keqinterpreto statutin. &hellip;<\/p>\n","protected":false},"author":4,"featured_media":117345,"comment_status":"closed","ping_status":"closed","sticky":false,"template":"","format":"standard","meta":{"footnotes":""},"categories":[37],"tags":[],"class_list":["post-117344","post","type-post","status-publish","format-standard","has-post-thumbnail","","category-politike"],"_links":{"self":[{"href":"https:\/\/rdnews.al\/index.php\/wp-json\/wp\/v2\/posts\/117344","targetHints":{"allow":["GET"]}}],"collection":[{"href":"https:\/\/rdnews.al\/index.php\/wp-json\/wp\/v2\/posts"}],"about":[{"href":"https:\/\/rdnews.al\/index.php\/wp-json\/wp\/v2\/types\/post"}],"author":[{"embeddable":true,"href":"https:\/\/rdnews.al\/index.php\/wp-json\/wp\/v2\/users\/4"}],"replies":[{"embeddable":true,"href":"https:\/\/rdnews.al\/index.php\/wp-json\/wp\/v2\/comments?post=117344"}],"version-history":[{"count":1,"href":"https:\/\/rdnews.al\/index.php\/wp-json\/wp\/v2\/posts\/117344\/revisions"}],"predecessor-version":[{"id":117346,"href":"https:\/\/rdnews.al\/index.php\/wp-json\/wp\/v2\/posts\/117344\/revisions\/117346"}],"wp:featuredmedia":[{"embeddable":true,"href":"https:\/\/rdnews.al\/index.php\/wp-json\/wp\/v2\/media\/117345"}],"wp:attachment":[{"href":"https:\/\/rdnews.al\/index.php\/wp-json\/wp\/v2\/media?parent=117344"}],"wp:term":[{"taxonomy":"category","embeddable":true,"href":"https:\/\/rdnews.al\/index.php\/wp-json\/wp\/v2\/categories?post=117344"},{"taxonomy":"post_tag","embeddable":true,"href":"https:\/\/rdnews.al\/index.php\/wp-json\/wp\/v2\/tags?post=117344"}],"curies":[{"name":"wp","href":"https:\/\/api.w.org\/{rel}","templated":true}]}}