{"id":117347,"date":"2025-06-24T11:40:32","date_gmt":"2025-06-24T11:40:32","guid":{"rendered":"https:\/\/rdnews.al\/?p=117347"},"modified":"2025-06-24T11:40:32","modified_gmt":"2025-06-24T11:40:32","slug":"zgjedhjet-e-pjesshme-lokale-berisha-farsa-e-radhes-me-edi-ramen-ka-vetem-farsa","status":"publish","type":"post","link":"https:\/\/rdnews.al\/index.php\/2025\/06\/24\/zgjedhjet-e-pjesshme-lokale-berisha-farsa-e-radhes-me-edi-ramen-ka-vetem-farsa\/","title":{"rendered":"Zgjedhjet e pjesshme lokale\/ Berisha: Farsa e radh\u00ebs! Me Edi Ram\u00ebn ka vet\u00ebm farsa!"},"content":{"rendered":"<p>Kryetari i PD, Sali Berisha ka folur edhe p\u00ebr zgjedhjet e pjesshme lokale q\u00eb pritet t\u00eb mbahen n\u00eb disa qytete ku kryetar\u00ebt e bashkive ose jan\u00eb arrestuar, ose jan\u00eb n\u00ebn masa sigurie nga SPAK, apo dhe dor\u00ebheqjet p\u00ebr shkak t\u00eb kandidimit p\u00ebr deputet n\u00eb 11 maj.<\/p>\n<p>\u201cDo t\u00eb zhvillohet farsa e radh\u00ebs. Ne themi q\u00eb do t\u00eb zhvillohet farsa e radh\u00ebs. Me Edi Ram\u00ebn ka vet\u00ebm fars\u00eb, kjo \u00ebsht\u00eb e v\u00ebrteta\u201d,\u00a0theksoi Berisha.<\/p>\n","protected":false},"excerpt":{"rendered":"<p>Kryetari i PD, Sali Berisha ka folur edhe p\u00ebr zgjedhjet e pjesshme lokale q\u00eb pritet t\u00eb mbahen n\u00eb disa qytete ku kryetar\u00ebt e bashkive ose jan\u00eb arrestuar, ose jan\u00eb n\u00ebn masa sigurie nga SPAK, apo dhe dor\u00ebheqjet p\u00ebr shkak t\u00eb kandidimit p\u00ebr deputet n\u00eb 11 maj. \u201cDo t\u00eb zhvillohet farsa e radh\u00ebs. Ne themi q\u00eb &hellip;<\/p>\n","protected":false},"author":4,"featured_media":117348,"comment_status":"closed","ping_status":"closed","sticky":false,"template":"","format":"standard","meta":{"footnotes":""},"categories":[37],"tags":[],"class_list":["post-117347","post","type-post","status-publish","format-standard","has-post-thumbnail","","category-politike"],"_links":{"self":[{"href":"https:\/\/rdnews.al\/index.php\/wp-json\/wp\/v2\/posts\/117347","targetHints":{"allow":["GET"]}}],"collection":[{"href":"https:\/\/rdnews.al\/index.php\/wp-json\/wp\/v2\/posts"}],"about":[{"href":"https:\/\/rdnews.al\/index.php\/wp-json\/wp\/v2\/types\/post"}],"author":[{"embeddable":true,"href":"https:\/\/rdnews.al\/index.php\/wp-json\/wp\/v2\/users\/4"}],"replies":[{"embeddable":true,"href":"https:\/\/rdnews.al\/index.php\/wp-json\/wp\/v2\/comments?post=117347"}],"version-history":[{"count":1,"href":"https:\/\/rdnews.al\/index.php\/wp-json\/wp\/v2\/posts\/117347\/revisions"}],"predecessor-version":[{"id":117349,"href":"https:\/\/rdnews.al\/index.php\/wp-json\/wp\/v2\/posts\/117347\/revisions\/117349"}],"wp:featuredmedia":[{"embeddable":true,"href":"https:\/\/rdnews.al\/index.php\/wp-json\/wp\/v2\/media\/117348"}],"wp:attachment":[{"href":"https:\/\/rdnews.al\/index.php\/wp-json\/wp\/v2\/media?parent=117347"}],"wp:term":[{"taxonomy":"category","embeddable":true,"href":"https:\/\/rdnews.al\/index.php\/wp-json\/wp\/v2\/categories?post=117347"},{"taxonomy":"post_tag","embeddable":true,"href":"https:\/\/rdnews.al\/index.php\/wp-json\/wp\/v2\/tags?post=117347"}],"curies":[{"name":"wp","href":"https:\/\/api.w.org\/{rel}","templated":true}]}}