{"id":117350,"date":"2025-06-24T11:44:47","date_gmt":"2025-06-24T11:44:47","guid":{"rendered":"https:\/\/rdnews.al\/?p=117350"},"modified":"2025-06-24T11:45:11","modified_gmt":"2025-06-24T11:45:11","slug":"fox-news-nuk-mund-te-lajthise-dhe-te-kaloje-tituj-kaq-damkoses-per-nje-kryeminister-sic-ishte-ai-per-ramaduron","status":"publish","type":"post","link":"https:\/\/rdnews.al\/index.php\/2025\/06\/24\/fox-news-nuk-mund-te-lajthise-dhe-te-kaloje-tituj-kaq-damkoses-per-nje-kryeminister-sic-ishte-ai-per-ramaduron\/","title":{"rendered":"Berisha: Fox News nuk mund t\u00eb lajthis\u00eb dhe t\u00eb kaloj\u00eb tituj kaq damkos\u00ebs p\u00ebr nj\u00eb kryeminist\u00ebr, si\u00e7 ishte ai p\u00ebr Ramaduron"},"content":{"rendered":"<p>Lideri i opozit\u00ebs, Sali Berisha ka sqaruar edhe nj\u00ebher\u00eb opinioni n\u00eb lidhje me artikullin e Fox News ku e damkoste Edi Ram\u00ebn si \u2018Ramduro\u2019.<\/p>\n<p>Berisha tha n\u00eb fund t\u00eb fjal\u00ebs s\u00eb tij me gazetar\u00ebt se, Fox News nuk mund t\u00eb lajthis\u00eb dhe t\u00eb kaloj\u00eb tituj kaq damkos\u00ebs p\u00ebr nj\u00eb kryeminist\u00ebr si\u00e7 ishte ai p\u00ebr Ramaduron.<\/p>\n<p><strong>Berisha:<\/strong>\u00a0N\u00eb vitin 2008, \u2018New York Times\u2019, nj\u00eb gazet\u00eb e respektuar nga un\u00eb, publikoi nj\u00eb shkrim, n\u00eb t\u00eb cilin absolutisht publikoi nj\u00eb trillim t\u00eb faktuar mbrapa si trillim.<\/p>\n<p>Dhe un\u00eb mora n\u00eb telefon nj\u00eb mik timin, i them \u2018New York Times\u2019 ka publikuar k\u00ebt\u00eb trillim.<\/p>\n<p>\u00c7far\u00eb m\u00eb thot\u00eb? M\u00eb thot\u00eb i b\u00ebj nj\u00eb let\u00ebr, ishte nj\u00eb zonj\u00eb ajo, mos gabohem z\u00ebvend\u00ebskryeredaktore.<\/p>\n<p>Dhe un\u00eb i b\u00ebj nj\u00eb let\u00ebr dhe i them se k\u00ebto q\u00eb keni shkruar ju nuk jan\u00eb t\u00eb v\u00ebrteta dhe un\u00eb mund t\u2019ua faktoj nj\u00eb, dy, tre.<\/p>\n<p>Dhe \u2018New York Times\u2019 ra aq posht\u00eb, dhe nuk kishte t\u00eb b\u00ebnte me titull, kishte t\u00eb b\u00ebnte me fakte t\u00eb shkruara brenda n\u00eb artikull, saq\u00eb nuk botoi letr\u00ebn.<\/p>\n<p>Dhe un\u00eb at\u00ebher\u00eb thash\u00eb at\u00eb q\u00eb thoni ju.<\/p>\n<p>Po un\u00eb nuk thash\u00eb q\u00eb titulli apo si\u00e7 u tha k\u00ebtu, q\u00eb titulli \u00ebsht\u00eb opinion.<\/p>\n<p>\u00cbsht\u00eb e v\u00ebrtet\u00eb q\u00eb \u00ebsht\u00eb opinion, por nuk e v\u00eb kurr\u00eb as gazeta, as televizioni, nj\u00eb titull q\u00eb nuk q\u00ebndron.<\/p>\n<p>Jo!<\/p>\n<p>Pra, Ramaduro&#8230; prandaj ta heqim nga zonja Hoxha dhe t\u00eb kalojm\u00eb tek kush \u00ebsht\u00eb aty kryesori n\u00eb Top Ne\u00ebs, q\u00eb nj\u00eb media si Fox nuk mund t\u00eb lajthis\u00eb dhe t\u00eb kaloj\u00eb tituj kaq t\u00eb r\u00ebnd\u00eb, kaq damkos\u00ebs p\u00ebr nj\u00eb kryeminist\u00ebr si\u00e7 ishte ai.<\/p>\n<p>Pse?<\/p>\n<p>Sepse e di se do p\u00ebrballet me t\u00eb.<\/p>\n<p>Por ajo media b\u00ebn nj\u00eb check-up dhe i del nj\u00eb El \u00c7apo aty, i del Luftim Hysi n\u00eb zyr\u00ebn e Edi Ram\u00ebs. I del Gys Agasi, koordinatori. I del Olsi Rama me \u2018Hakmarrjen p\u00ebr drejt\u00ebsi\u2019 dhe Xibrak\u00ebn. I del klani Troplini.<\/p>\n<p>Prandaj u lutem se nuk e b\u00ebnte Fox-i kurr\u00eb.<\/p>\n<p>Prandaj dhe Top News ka marr\u00eb p\u00ebrsip\u00ebr nj\u00eb detyr\u00eb&#8230; un\u00eb thash\u00eb se ishte Top Channel, se e pash\u00eb Top Channel, paska qen\u00eb Top News.<\/p>\n<p>Faleminderit!<\/p>\n","protected":false},"excerpt":{"rendered":"<p>Lideri i opozit\u00ebs, Sali Berisha ka sqaruar edhe nj\u00ebher\u00eb opinioni n\u00eb lidhje me artikullin e Fox News ku e damkoste Edi Ram\u00ebn si \u2018Ramduro\u2019. Berisha tha n\u00eb fund t\u00eb fjal\u00ebs s\u00eb tij me gazetar\u00ebt se, Fox News nuk mund t\u00eb lajthis\u00eb dhe t\u00eb kaloj\u00eb tituj kaq damkos\u00ebs p\u00ebr nj\u00eb kryeminist\u00ebr si\u00e7 ishte ai p\u00ebr Ramaduron. &hellip;<\/p>\n","protected":false},"author":4,"featured_media":117336,"comment_status":"closed","ping_status":"closed","sticky":false,"template":"","format":"standard","meta":{"footnotes":""},"categories":[37],"tags":[],"class_list":["post-117350","post","type-post","status-publish","format-standard","has-post-thumbnail","","category-politike"],"_links":{"self":[{"href":"https:\/\/rdnews.al\/index.php\/wp-json\/wp\/v2\/posts\/117350","targetHints":{"allow":["GET"]}}],"collection":[{"href":"https:\/\/rdnews.al\/index.php\/wp-json\/wp\/v2\/posts"}],"about":[{"href":"https:\/\/rdnews.al\/index.php\/wp-json\/wp\/v2\/types\/post"}],"author":[{"embeddable":true,"href":"https:\/\/rdnews.al\/index.php\/wp-json\/wp\/v2\/users\/4"}],"replies":[{"embeddable":true,"href":"https:\/\/rdnews.al\/index.php\/wp-json\/wp\/v2\/comments?post=117350"}],"version-history":[{"count":2,"href":"https:\/\/rdnews.al\/index.php\/wp-json\/wp\/v2\/posts\/117350\/revisions"}],"predecessor-version":[{"id":117352,"href":"https:\/\/rdnews.al\/index.php\/wp-json\/wp\/v2\/posts\/117350\/revisions\/117352"}],"wp:featuredmedia":[{"embeddable":true,"href":"https:\/\/rdnews.al\/index.php\/wp-json\/wp\/v2\/media\/117336"}],"wp:attachment":[{"href":"https:\/\/rdnews.al\/index.php\/wp-json\/wp\/v2\/media?parent=117350"}],"wp:term":[{"taxonomy":"category","embeddable":true,"href":"https:\/\/rdnews.al\/index.php\/wp-json\/wp\/v2\/categories?post=117350"},{"taxonomy":"post_tag","embeddable":true,"href":"https:\/\/rdnews.al\/index.php\/wp-json\/wp\/v2\/tags?post=117350"}],"curies":[{"name":"wp","href":"https:\/\/api.w.org\/{rel}","templated":true}]}}