{"id":117399,"date":"2025-06-25T08:25:27","date_gmt":"2025-06-25T08:25:27","guid":{"rendered":"https:\/\/rdnews.al\/?p=117399"},"modified":"2025-06-25T08:25:27","modified_gmt":"2025-06-25T08:25:27","slug":"trump-del-ne-skenen-e-samitit-te-nato-s-si-triumfues-me-ton-me-miqesor","status":"publish","type":"post","link":"https:\/\/rdnews.al\/index.php\/2025\/06\/25\/trump-del-ne-skenen-e-samitit-te-nato-s-si-triumfues-me-ton-me-miqesor\/","title":{"rendered":"Trump del n\u00eb sken\u00ebn e samitit t\u00eb NATO-s si triumfues me ton m\u00eb miq\u00ebsor"},"content":{"rendered":"<p><strong>Nga Morgan Phillips, FOX NEWS<\/strong><\/p>\n<p>Presidenti Donald Trump pritet t\u00eb dal\u00eb n\u00eb sken\u00ebn kryesore n\u00eb dit\u00ebn e dyt\u00eb t\u00eb Samitit t\u00eb NATO-s n\u00eb Hag\u00eb, Holand\u00eb \u2014 duke ofruar nj\u00eb ton befasuesh\u00ebm miq\u00ebsor ndaj aleanc\u00ebs q\u00eb ai ka kritikuar shpesh.<\/p>\n<p>Presidenti ka n\u00eb plan t\u00eb takohet me Sekretarin e P\u00ebrgjithsh\u00ebm t\u00eb NATO-s, Mark Rutte, dhe lider\u00eb t\u00eb tjer\u00eb bot\u00ebror\u00eb, p\u00ebrpara se t\u00eb mbaj\u00eb nj\u00eb konferenc\u00eb p\u00ebr shtyp.<\/p>\n<p>Trump tha gjithashtu se &#8220;me shum\u00eb gjas\u00eb&#8221; do t\u00eb p\u00ebrsh\u00ebndes\u00eb presidentin ukrainas Volodymyr Zelenskyy, i cili po merr pjes\u00eb n\u00eb samit n\u00eb kuad\u00ebr t\u00eb p\u00ebrpjekjeve t\u00eb vazhdueshme t\u00eb Ukrain\u00ebs p\u00ebr t\u2019u an\u00ebtar\u00ebsuar n\u00eb NATO.<\/p>\n<p>N\u00eb mesazhe tekstuale t\u00eb ndara nga Trump, Rutte e p\u00ebrg\u00ebzoi at\u00eb pasi e \u201cka b\u00ebr\u00eb Europ\u00ebn t\u00eb paguaj\u00eb me shum\u00eb\u201d p\u00ebrmes objektivit t\u00eb ri prej 5% p\u00ebr shpenzimet e mbrojtjes \u2014 dhe p\u00ebr nd\u00ebrmjet\u00ebsimin e p\u00ebrfundimit t\u00eb konfliktit t\u00eb fundit mes Izraelit dhe Iranit.<\/p>\n<p>\u201cUrime dhe faleminderit p\u00ebr veprimin t\u00ebnd vendimtar ndaj Iranit. Ishte v\u00ebrtet di\u00e7ka e jasht\u00ebzakonshme dhe q\u00eb askush tjet\u00ebr nuk guxoi ta b\u00ebnte,\u201d shkroi Rutte nd\u00ebrsa Trump ishte n\u00eb fluturim drejt samitit. \u201cNa b\u00ebn t\u00eb gjith\u00ebve m\u00eb t\u00eb sigurt.\u201d<\/p>\n<p>Izraeli dhe Irani arrit\u00ebn nj\u00eb arm\u00ebpushim t\u00eb nd\u00ebrmjet\u00ebsuar nga SHBA t\u00eb mart\u00ebn, i cili p\u00ebr pak sa nuk u prish \u2014 megjithat\u00eb Izraeli e anuloi kund\u00ebrsulmin me nxitjen e Trump.<\/p>\n<p>\u201cPo fluturon drejt nj\u00eb tjet\u00ebr suksesi t\u00eb madh n\u00eb Hag\u00eb k\u00ebt\u00eb mbr\u00ebmje,\u201d shtoi Rutte, duke iu referuar marr\u00ebveshjes s\u00eb re p\u00ebr q\u00eb vendet an\u00ebtare t\u00eb NATO-s t\u00eb rrisin shpenzimet e mbrojtjes n\u00eb 5% t\u00eb PBB-s\u00eb.<\/p>\n<p>Aleat\u00ebt e NATO-s ran\u00eb dakord p\u00ebr her\u00eb t\u00eb par\u00eb n\u00eb vitin 2006 t\u00eb shpenzojn\u00eb 2% t\u00eb PBB-s\u00eb p\u00ebr mbrojtjen \u2014 nj\u00eb objektiv q\u00eb shum\u00eb vende nuk e arrit\u00ebn p\u00ebr vite me radh\u00eb.<\/p>\n<p>Tani, pas thirrjeve t\u00eb p\u00ebrs\u00ebritura t\u00eb Trump q\u00eb Europa t\u00eb \u201cmbaj\u00eb barr\u00ebn q\u00eb i takon\u201d, aleanca ka miratuar nj\u00eb objektiv m\u00eb ambicioz prej 5%, me nj\u00eb p\u00ebrjashtim p\u00ebr Spanj\u00ebn, e cila ka pasur v\u00ebshtir\u00ebsi t\u00eb arrij\u00eb edhe kufirin fillestar.<\/p>\n<p>Shifra e re ndahet n\u00eb 3.5% p\u00ebr shpenzimet baz\u00eb t\u00eb mbrojtjes dhe 1.5% p\u00ebr infrastruktur\u00eb t\u00eb lidhur, p\u00ebrfshir\u00eb luft\u00ebn kibernetike dhe inteligjenc\u00ebn. Ambasador\u00ebt e NATO-s ran\u00eb dakord p\u00ebr k\u00ebt\u00eb tekst kompromisi t\u00eb diel\u00ebn.<\/p>\n<p>P\u00ebr shumic\u00ebn e aleat\u00ebve, ky objektiv p\u00ebrfaq\u00ebson nj\u00eb hap t\u00eb madh. Polonia aktualisht kryeson mes shteteve an\u00ebtare me 4.1% t\u00eb PBB-s\u00eb t\u00eb dedikuar p\u00ebr mbrojtje. SHBA ndodhet n\u00eb 3.4%.<\/p>\n<p>Trump tha se nuk beson q\u00eb SHBA ka nevoj\u00eb t\u00eb arrij\u00eb domosdoshm\u00ebrisht kufirin e plot\u00eb prej 5% \u2014 nj\u00eb q\u00ebndrim q\u00eb mb\u00ebshtetet edhe nga Rutte.<\/p>\n<p>\u201cShtetet e Bashkuara tashm\u00eb po shpenzojn\u00eb gati 3.5% p\u00ebr mbrojtjen baz\u00eb, dhe nuk ka dyshim se jan\u00eb af\u00ebr edhe me 1.5%-shin p\u00ebr \u00e7\u00ebshtje t\u00eb lidhura me mbrojtjen,\u201d tha Rutte. \u201cVende si Estonia dhe Polonia jan\u00eb shum\u00eb af\u00ebr. P\u00ebr shum\u00eb t\u00eb tjera, do t\u00eb jet\u00eb ende nj\u00eb rrug\u00eb e gjat\u00eb p\u00ebrpara, por \u00ebsht\u00eb me t\u00eb v\u00ebrtet\u00eb e r\u00ebnd\u00ebsishme q\u00eb ta b\u00ebjm\u00eb k\u00ebt\u00eb.\u201d<\/p>\n<p>Ai gjithashtu u b\u00ebri thirrje industrive t\u00eb mbrojtjes \u201cn\u00eb t\u00eb dy an\u00ebt e Atlantikut\u201d t\u00eb rrisin prodhimin.<\/p>\n<p>\u201c\u00cbsht\u00eb thjesht e paimagjinueshme q\u00eb Rusia, me nj\u00eb ekonomi 25 her\u00eb m\u00eb t\u00eb vog\u00ebl se ajo e NATO-s, t\u00eb mund t\u00eb na tejkaloj\u00eb n\u00eb prodhim dhe fuqi ushtarake,\u201d tha Rutte t\u00eb mart\u00ebn. Ai u b\u00ebri thirrje europian\u00ebve: \u201cB\u00ebni mbrojtjen tuaj aq t\u00eb fort\u00eb sa askush t\u00eb mos guxoj\u00eb t\u2019ju sulmoj\u00eb.\u201d<\/p>\n<p>Me gjith\u00eb p\u00ebrparimin, Trump hodhi s\u00ebrish dyshime n\u00ebse SHBA do t\u2019i q\u00ebndroj\u00eb besnike nenit ky\u00e7 t\u00eb mbrojtjes kolektive t\u00eb NATO-s \u2014 Neni 5 \u2014 i cili detyron an\u00ebtar\u00ebt t\u00eb mbrojn\u00eb nj\u00ebri-tjetrin n\u00eb rast sulmi.<\/p>\n<p>\u201cVaret nga p\u00ebrkufizimi,\u201d tha Trump kur u pyet n\u00ebse do ta respektonte angazhimin. \u201cKa shum\u00eb p\u00ebrkufizime p\u00ebr Nenin 5, e dini k\u00ebt\u00eb, apo jo? Por un\u00eb jam i p\u00ebrkushtuar t\u00eb jem mik i tyre. Jam b\u00ebr\u00eb mik me shum\u00eb nga k\u00ebta lider\u00eb, dhe jam i p\u00ebrkushtuar t\u2019i ndihmoj.\u201d<\/p>\n<p>Megjithat\u00eb, ambasadori amerikan n\u00eb NATO, Matthew Whitaker, u p\u00ebrpoq t\u00eb siguronte aleat\u00ebt, duke u th\u00ebn\u00eb gazetar\u00ebve: \u201cShtetet e Bashkuara nuk po shkojn\u00eb askund.\u201d<\/p>\n<p>Rutte e p\u00ebrforcoi k\u00ebt\u00eb mesazh, duke u th\u00ebn\u00eb partner\u00ebve t\u00eb \u201cndalojn\u00eb s\u00eb shqet\u00ebsuari kaq shum\u00eb\u201d dhe t\u00eb p\u00ebrqendrohen n\u00eb forcimin e mbrojtjes s\u00eb tyre.<\/p>\n","protected":false},"excerpt":{"rendered":"<p>Nga Morgan Phillips, FOX NEWS Presidenti Donald Trump pritet t\u00eb dal\u00eb n\u00eb sken\u00ebn kryesore n\u00eb dit\u00ebn e dyt\u00eb t\u00eb Samitit t\u00eb NATO-s n\u00eb Hag\u00eb, Holand\u00eb \u2014 duke ofruar nj\u00eb ton befasuesh\u00ebm miq\u00ebsor ndaj aleanc\u00ebs q\u00eb ai ka kritikuar shpesh. Presidenti ka n\u00eb plan t\u00eb takohet me Sekretarin e P\u00ebrgjithsh\u00ebm t\u00eb NATO-s, Mark Rutte, dhe lider\u00eb &hellip;<\/p>\n","protected":false},"author":4,"featured_media":117400,"comment_status":"closed","ping_status":"closed","sticky":false,"template":"","format":"standard","meta":{"footnotes":""},"categories":[38],"tags":[],"class_list":["post-117399","post","type-post","status-publish","format-standard","has-post-thumbnail","","category-bota"],"_links":{"self":[{"href":"https:\/\/rdnews.al\/index.php\/wp-json\/wp\/v2\/posts\/117399","targetHints":{"allow":["GET"]}}],"collection":[{"href":"https:\/\/rdnews.al\/index.php\/wp-json\/wp\/v2\/posts"}],"about":[{"href":"https:\/\/rdnews.al\/index.php\/wp-json\/wp\/v2\/types\/post"}],"author":[{"embeddable":true,"href":"https:\/\/rdnews.al\/index.php\/wp-json\/wp\/v2\/users\/4"}],"replies":[{"embeddable":true,"href":"https:\/\/rdnews.al\/index.php\/wp-json\/wp\/v2\/comments?post=117399"}],"version-history":[{"count":1,"href":"https:\/\/rdnews.al\/index.php\/wp-json\/wp\/v2\/posts\/117399\/revisions"}],"predecessor-version":[{"id":117401,"href":"https:\/\/rdnews.al\/index.php\/wp-json\/wp\/v2\/posts\/117399\/revisions\/117401"}],"wp:featuredmedia":[{"embeddable":true,"href":"https:\/\/rdnews.al\/index.php\/wp-json\/wp\/v2\/media\/117400"}],"wp:attachment":[{"href":"https:\/\/rdnews.al\/index.php\/wp-json\/wp\/v2\/media?parent=117399"}],"wp:term":[{"taxonomy":"category","embeddable":true,"href":"https:\/\/rdnews.al\/index.php\/wp-json\/wp\/v2\/categories?post=117399"},{"taxonomy":"post_tag","embeddable":true,"href":"https:\/\/rdnews.al\/index.php\/wp-json\/wp\/v2\/tags?post=117399"}],"curies":[{"name":"wp","href":"https:\/\/api.w.org\/{rel}","templated":true}]}}