{"id":117413,"date":"2025-06-25T10:07:16","date_gmt":"2025-06-25T10:07:16","guid":{"rendered":"https:\/\/rdnews.al\/?p=117413"},"modified":"2025-06-25T10:08:22","modified_gmt":"2025-06-25T10:08:22","slug":"si-drejtori-i-burgut-detyroi-te-burgosurit-ne-elbasan-te-votojne-sara-milen-rezultati-90-perqind","status":"publish","type":"post","link":"https:\/\/rdnews.al\/index.php\/2025\/06\/25\/si-drejtori-i-burgut-detyroi-te-burgosurit-ne-elbasan-te-votojne-sara-milen-rezultati-90-perqind\/","title":{"rendered":"Si drejtori i burgut i detyroi t\u00eb burgosurit n\u00eb Elbasan t\u00eb votojn\u00eb masivisht Sara Milen! Rezultati 90 p\u00ebrqind!"},"content":{"rendered":"<div class=\"readmore-text-here\">\n<p>Drejtuesi i Departamentit t\u00eb Mjedisit n\u00eb Partin\u00eb Demokratike, Jamarb\u00ebr Malltezi ka publikuar n\u00eb faqen e tij n\u00eb Facebook nj\u00eb mesazh nga nj\u00eb familjar i nj\u00eb t\u00eb burgosuri nga Elbasani i cili tregon t\u00eb v\u00ebrtetat p\u00ebr masakr\u00ebn zgjedhore t\u00eb 11 majit.<\/p>\n<p>Sopas qytetarit, \u201cdrejtori i burgut s\u00eb bashku me shefin e policis\u00eb dhe shefin e regjimit b\u00ebn\u00eb presion e ndan\u00eb karta p\u00ebr t\u00eb votuar masivisht kandidaten q\u00eb ju dhan\u00eb p\u00ebr detyr\u00eb\u201d.<\/p>\n<p><strong>Postimi<\/strong><\/p>\n<p>Mesazh nga nj\u00eb familjar i nj\u00eb t\u00eb burgosuri n\u00eb Elbasan. Drejtori i burgut s\u00eb bashku me shefin e policis\u00eb dhe shefin e regjimit b\u00ebn\u00eb presion e ndan\u00eb karta p\u00ebr t\u00eb votuar masivisht kandidaten q\u00eb ju dhan\u00eb p\u00ebr detyr\u00eb. Rezultati: 90%.<\/p>\n<p><iframe loading=\"lazy\" src=\"https:\/\/www.facebook.com\/plugins\/post.php?href=https%3A%2F%2Fwww.facebook.com%2Fabi.malltezi%2Fposts%2Fpfbid02yPzR66gQaw7fqeSoxfhcUcyeXWWwWd3L9KoFu8GCAxz7LwHwdQPPZKhTaNNFh6bMl&amp;show_text=true&amp;width=500\" width=\"500\" height=\"454\" frameborder=\"0\" scrolling=\"no\" allowfullscreen=\"allowfullscreen\" data-mce-fragment=\"1\"><\/iframe><\/p>\n<\/div>\n<div id=\"rekl-33\"><\/div>\n","protected":false},"excerpt":{"rendered":"<p>Drejtuesi i Departamentit t\u00eb Mjedisit n\u00eb Partin\u00eb Demokratike, Jamarb\u00ebr Malltezi ka publikuar n\u00eb faqen e tij n\u00eb Facebook nj\u00eb mesazh nga nj\u00eb familjar i nj\u00eb t\u00eb burgosuri nga Elbasani i cili tregon t\u00eb v\u00ebrtetat p\u00ebr masakr\u00ebn zgjedhore t\u00eb 11 majit. Sopas qytetarit, \u201cdrejtori i burgut s\u00eb bashku me shefin e policis\u00eb dhe shefin e regjimit &hellip;<\/p>\n","protected":false},"author":4,"featured_media":116560,"comment_status":"closed","ping_status":"closed","sticky":false,"template":"","format":"standard","meta":{"footnotes":""},"categories":[37],"tags":[],"class_list":["post-117413","post","type-post","status-publish","format-standard","has-post-thumbnail","","category-politike"],"_links":{"self":[{"href":"https:\/\/rdnews.al\/index.php\/wp-json\/wp\/v2\/posts\/117413","targetHints":{"allow":["GET"]}}],"collection":[{"href":"https:\/\/rdnews.al\/index.php\/wp-json\/wp\/v2\/posts"}],"about":[{"href":"https:\/\/rdnews.al\/index.php\/wp-json\/wp\/v2\/types\/post"}],"author":[{"embeddable":true,"href":"https:\/\/rdnews.al\/index.php\/wp-json\/wp\/v2\/users\/4"}],"replies":[{"embeddable":true,"href":"https:\/\/rdnews.al\/index.php\/wp-json\/wp\/v2\/comments?post=117413"}],"version-history":[{"count":2,"href":"https:\/\/rdnews.al\/index.php\/wp-json\/wp\/v2\/posts\/117413\/revisions"}],"predecessor-version":[{"id":117415,"href":"https:\/\/rdnews.al\/index.php\/wp-json\/wp\/v2\/posts\/117413\/revisions\/117415"}],"wp:featuredmedia":[{"embeddable":true,"href":"https:\/\/rdnews.al\/index.php\/wp-json\/wp\/v2\/media\/116560"}],"wp:attachment":[{"href":"https:\/\/rdnews.al\/index.php\/wp-json\/wp\/v2\/media?parent=117413"}],"wp:term":[{"taxonomy":"category","embeddable":true,"href":"https:\/\/rdnews.al\/index.php\/wp-json\/wp\/v2\/categories?post=117413"},{"taxonomy":"post_tag","embeddable":true,"href":"https:\/\/rdnews.al\/index.php\/wp-json\/wp\/v2\/tags?post=117413"}],"curies":[{"name":"wp","href":"https:\/\/api.w.org\/{rel}","templated":true}]}}