{"id":117422,"date":"2025-06-25T11:02:25","date_gmt":"2025-06-25T11:02:25","guid":{"rendered":"https:\/\/rdnews.al\/?p=117422"},"modified":"2025-06-25T11:02:25","modified_gmt":"2025-06-25T11:02:25","slug":"berisha-do-paraqesim-te-dhena-se-si-jane-blere-votat-me-certifikata-pronesie-dhe-lejet-e-ndertimit","status":"publish","type":"post","link":"https:\/\/rdnews.al\/index.php\/2025\/06\/25\/berisha-do-paraqesim-te-dhena-se-si-jane-blere-votat-me-certifikata-pronesie-dhe-lejet-e-ndertimit\/","title":{"rendered":"Berisha: Do paraqesim t\u00eb dh\u00ebna se si jan\u00eb bler\u00eb votat me certifikata pron\u00ebsie dhe lejet e nd\u00ebrtimit!"},"content":{"rendered":"<p>Kreu i PD, Sali Berisha n\u00eb konferenc\u00ebn me gazetar\u00ebt, u shpreh se, opozita do t\u00eb paraqes\u00eb t\u00eb dh\u00ebna se si jan\u00eb bler\u00eb votat me certifikata pron\u00ebsie, e gjithashtu edhe lejet e nd\u00ebrtimit.<\/p>\n<p>\u201cPra, ky \u00ebsht\u00eb nj\u00eb shembull i p\u00ebrdorimit t\u00eb shtetit partiak, shtetit elektoral p\u00ebr t\u00eb bler\u00eb vota n\u00ebp\u00ebrmjet ushtrimit t\u00eb paligjsh\u00ebm t\u00eb fuqis\u00eb ekzekutive.<\/p>\n<p>K\u00ebto jan\u00eb vet\u00ebm nj\u00ebri aspekt, aspekte t\u00eb tjera do paraqiten n\u00eb dit\u00ebt e ardhshme, t\u00eb cilat kan\u00eb t\u00eb b\u00ebjn\u00eb me certifikatat e pron\u00ebsis\u00eb, kan\u00eb t\u00eb b\u00ebjn\u00eb me lejet e nd\u00ebrtimit, t\u00eb cilat jan\u00eb t\u00eb pafundme.<\/p>\n<p>\u00cbsht\u00eb b\u00ebr\u00eb nj\u00eb v\u00ebrshim i madh dhe nj\u00eb mori e pafundme leje nd\u00ebrtimi, meremetimesh, nd\u00ebrtimesh n\u00eb fshat, por edhe n\u00eb qytete, t\u00eb cilat do paraqiten n\u00eb dit\u00ebt q\u00eb do vijn\u00eb\u201d, tha Berisha.<\/p>\n","protected":false},"excerpt":{"rendered":"<p>Kreu i PD, Sali Berisha n\u00eb konferenc\u00ebn me gazetar\u00ebt, u shpreh se, opozita do t\u00eb paraqes\u00eb t\u00eb dh\u00ebna se si jan\u00eb bler\u00eb votat me certifikata pron\u00ebsie, e gjithashtu edhe lejet e nd\u00ebrtimit. \u201cPra, ky \u00ebsht\u00eb nj\u00eb shembull i p\u00ebrdorimit t\u00eb shtetit partiak, shtetit elektoral p\u00ebr t\u00eb bler\u00eb vota n\u00ebp\u00ebrmjet ushtrimit t\u00eb paligjsh\u00ebm t\u00eb fuqis\u00eb ekzekutive. &hellip;<\/p>\n","protected":false},"author":4,"featured_media":117423,"comment_status":"closed","ping_status":"closed","sticky":false,"template":"","format":"standard","meta":{"footnotes":""},"categories":[37],"tags":[],"class_list":["post-117422","post","type-post","status-publish","format-standard","has-post-thumbnail","","category-politike"],"_links":{"self":[{"href":"https:\/\/rdnews.al\/index.php\/wp-json\/wp\/v2\/posts\/117422","targetHints":{"allow":["GET"]}}],"collection":[{"href":"https:\/\/rdnews.al\/index.php\/wp-json\/wp\/v2\/posts"}],"about":[{"href":"https:\/\/rdnews.al\/index.php\/wp-json\/wp\/v2\/types\/post"}],"author":[{"embeddable":true,"href":"https:\/\/rdnews.al\/index.php\/wp-json\/wp\/v2\/users\/4"}],"replies":[{"embeddable":true,"href":"https:\/\/rdnews.al\/index.php\/wp-json\/wp\/v2\/comments?post=117422"}],"version-history":[{"count":1,"href":"https:\/\/rdnews.al\/index.php\/wp-json\/wp\/v2\/posts\/117422\/revisions"}],"predecessor-version":[{"id":117424,"href":"https:\/\/rdnews.al\/index.php\/wp-json\/wp\/v2\/posts\/117422\/revisions\/117424"}],"wp:featuredmedia":[{"embeddable":true,"href":"https:\/\/rdnews.al\/index.php\/wp-json\/wp\/v2\/media\/117423"}],"wp:attachment":[{"href":"https:\/\/rdnews.al\/index.php\/wp-json\/wp\/v2\/media?parent=117422"}],"wp:term":[{"taxonomy":"category","embeddable":true,"href":"https:\/\/rdnews.al\/index.php\/wp-json\/wp\/v2\/categories?post=117422"},{"taxonomy":"post_tag","embeddable":true,"href":"https:\/\/rdnews.al\/index.php\/wp-json\/wp\/v2\/tags?post=117422"}],"curies":[{"name":"wp","href":"https:\/\/api.w.org\/{rel}","templated":true}]}}