{"id":117426,"date":"2025-06-25T11:11:20","date_gmt":"2025-06-25T11:11:20","guid":{"rendered":"https:\/\/rdnews.al\/?p=117426"},"modified":"2025-06-25T11:15:54","modified_gmt":"2025-06-25T11:15:54","slug":"largimi-i-deromemajt-berisha-investimin-e-ka-pasur-ne-pd-se-si-gjeti-kete-vleresim-te-larte-nga-partia-e-krimit-eshte-puna-e-tij","status":"publish","type":"post","link":"https:\/\/rdnews.al\/index.php\/2025\/06\/25\/largimi-i-deromemajt-berisha-investimin-e-ka-pasur-ne-pd-se-si-gjeti-kete-vleresim-te-larte-nga-partia-e-krimit-eshte-puna-e-tij\/","title":{"rendered":"Largimi i Deromemajt\/ Berisha: Investimin e ka pasur n\u00eb PD, se si gjeti k\u00ebt\u00eb vler\u00ebsim t\u00eb lart\u00eb nga partia e krimit, \u00ebsht\u00eb puna e tij"},"content":{"rendered":"<p>Lideri i opozit\u00ebs, Sali Berisha ka reaguar gjat\u00eb konferenc\u00ebs s\u00eb tij me gazetar\u00ebt n\u00eb selin\u00eb blu edhe p\u00ebr caktimin e Genc Deromemajt n\u00eb krye t\u00eb kadastr\u00ebs s\u00eb Vlor\u00ebs.<\/p>\n<p>Berisha tha se, investimin e ka pasur n\u00eb PD, se si gjeti k\u00ebt\u00eb vler\u00ebsim t\u00eb lart\u00eb nga partia e krimit, \u00ebsht\u00eb puna e tij.<\/p>\n<p>\u201cKy person me nj\u00eb karrier\u00eb n\u00eb PD, po q\u00eb jan\u00eb gj\u00ebra t\u00eb zakonshme k\u00ebto, nuk jan\u00eb t\u00eb jasht\u00ebzakonshme q\u00eb njer\u00ebzit nd\u00ebrrojn\u00eb parti si ky, para 10 dit\u00ebve ka d\u00ebrguar nj\u00eb mesazh ku m\u00eb informon se do largohet nga aktiviteti politik p\u00ebrgjithmon\u00eb.<\/p>\n<p>N\u00eb fakt nuk ka pasur nj\u00eb aktivitet, p\u00ebr arsye t\u00eb veta, nuk e di dometh\u00ebn\u00eb.<\/p>\n<p>Por kjo \u00ebsht\u00eb nj\u00eb zgjedhje e tij dhe un\u00eb personalisht e kam th\u00ebn\u00eb dhe e p\u00ebrs\u00ebris prap\u00eb, thelbin e liris\u00eb e konsideroj t\u00eb drejt\u00ebn e zgjedhjes s\u00eb njeriut.<\/p>\n<p>Ai ka b\u00ebr\u00eb nj\u00eb zgjedhje, ka marr\u00eb nj\u00eb funksion, ka marr\u00eb nj\u00eb post, t\u00eb cilin nj\u00eb demokrat nuk e merrte kurr\u00eb, por zgjedhja \u00ebsht\u00eb e tij&#8230;<\/p>\n<p>&#8230;Nuk kam dijeni p\u00ebr asnj\u00eb rast tjet\u00ebr. Nuk kam dijeni, por rasti i tij \u00ebsht\u00eb evident.<\/p>\n<p>Nuk m\u00eb njoftoi se do merrte nj\u00eb funksion n\u00eb nj\u00eb vend ku rrin\u00eb nga 3 muaj zakonisht, n\u00eb Vlor\u00eb.<\/p>\n<p>Por \u00ebsht\u00eb zgjedhja e tij, kaq \u00ebsht\u00eb ajo.<\/p>\n<p>Investimin ai e ka pasur n\u00eb PD, se si gjeti k\u00ebt\u00eb vler\u00ebsim t\u00eb lart\u00eb nga partia e krimit, \u00ebsht\u00eb puna e tij, nuk kam dijeni\u201d, tha Berisha.<\/p>\n<p>&nbsp;<\/p>\n","protected":false},"excerpt":{"rendered":"<p>Lideri i opozit\u00ebs, Sali Berisha ka reaguar gjat\u00eb konferenc\u00ebs s\u00eb tij me gazetar\u00ebt n\u00eb selin\u00eb blu edhe p\u00ebr caktimin e Genc Deromemajt n\u00eb krye t\u00eb kadastr\u00ebs s\u00eb Vlor\u00ebs. Berisha tha se, investimin e ka pasur n\u00eb PD, se si gjeti k\u00ebt\u00eb vler\u00ebsim t\u00eb lart\u00eb nga partia e krimit, \u00ebsht\u00eb puna e tij. \u201cKy person me &hellip;<\/p>\n","protected":false},"author":4,"featured_media":117431,"comment_status":"closed","ping_status":"closed","sticky":false,"template":"","format":"standard","meta":{"footnotes":""},"categories":[37],"tags":[],"class_list":["post-117426","post","type-post","status-publish","format-standard","has-post-thumbnail","","category-politike"],"_links":{"self":[{"href":"https:\/\/rdnews.al\/index.php\/wp-json\/wp\/v2\/posts\/117426","targetHints":{"allow":["GET"]}}],"collection":[{"href":"https:\/\/rdnews.al\/index.php\/wp-json\/wp\/v2\/posts"}],"about":[{"href":"https:\/\/rdnews.al\/index.php\/wp-json\/wp\/v2\/types\/post"}],"author":[{"embeddable":true,"href":"https:\/\/rdnews.al\/index.php\/wp-json\/wp\/v2\/users\/4"}],"replies":[{"embeddable":true,"href":"https:\/\/rdnews.al\/index.php\/wp-json\/wp\/v2\/comments?post=117426"}],"version-history":[{"count":1,"href":"https:\/\/rdnews.al\/index.php\/wp-json\/wp\/v2\/posts\/117426\/revisions"}],"predecessor-version":[{"id":117428,"href":"https:\/\/rdnews.al\/index.php\/wp-json\/wp\/v2\/posts\/117426\/revisions\/117428"}],"wp:featuredmedia":[{"embeddable":true,"href":"https:\/\/rdnews.al\/index.php\/wp-json\/wp\/v2\/media\/117431"}],"wp:attachment":[{"href":"https:\/\/rdnews.al\/index.php\/wp-json\/wp\/v2\/media?parent=117426"}],"wp:term":[{"taxonomy":"category","embeddable":true,"href":"https:\/\/rdnews.al\/index.php\/wp-json\/wp\/v2\/categories?post=117426"},{"taxonomy":"post_tag","embeddable":true,"href":"https:\/\/rdnews.al\/index.php\/wp-json\/wp\/v2\/tags?post=117426"}],"curies":[{"name":"wp","href":"https:\/\/api.w.org\/{rel}","templated":true}]}}