{"id":117430,"date":"2025-06-25T11:15:03","date_gmt":"2025-06-25T11:15:03","guid":{"rendered":"https:\/\/rdnews.al\/?p=117430"},"modified":"2025-06-25T11:15:35","modified_gmt":"2025-06-25T11:15:35","slug":"videot-e-manipulimeve-berisha-morem-pamjet-e-elbasanit-tani-do-marrim-edhe-te-qarqeve-te-tjera","status":"publish","type":"post","link":"https:\/\/rdnews.al\/index.php\/2025\/06\/25\/videot-e-manipulimeve-berisha-morem-pamjet-e-elbasanit-tani-do-marrim-edhe-te-qarqeve-te-tjera\/","title":{"rendered":"Videot e manipulimeve\/ Berisha: Mor\u00ebm pamjet e Elbasanit, tani do marrim edhe t\u00eb qarqeve t\u00eb tjera"},"content":{"rendered":"<p>Lideri i opozit\u00ebs, Sali Berisha ka shpjeguar p\u00ebr opinionin publik se p\u00ebrse PD ka denoncuar deri tani me video manipulimin zgjedhor n\u00eb Elbasan p\u00ebr fars\u00ebn e 11 majit.\u00a0Sipas Berish\u00ebs, fillimisht i kan\u00eb dor\u00ebzuar pamjet e Elbasanit dhe tani do marrin edhe t\u00eb qarqeve t\u00eb tjera.<\/p>\n<p>\u201cNuk jan\u00eb marr\u00eb akoma videot, sepse ka pasur probleme me dor\u00ebzimin e videove nga KQZ, qarqeve q\u00eb kan\u00eb k\u00ebrkuar videot.<\/p>\n<p>Tani jan\u00eb dor\u00ebzuar atje sepse k\u00ebrkonin depozita t\u00eb m\u00ebdha me kapacitete t\u00eb m\u00ebdha p\u00ebr marrjen e videove, dhe tani sapo t\u00eb dor\u00ebzohen nga KQZ, do filloj\u00eb shqyrtimi i tyre.<\/p>\n<p>Kjo \u00ebsht\u00eb pra.<\/p>\n<p>Videot e par\u00eb q\u00eb jan\u00eb dor\u00ebzuar nga KQZ, jan\u00eb videot e Elbasanit, jan\u00eb disa t\u00eb Vor\u00ebs, por ato t\u00eb Vor\u00ebs jan\u00eb t\u00eb prera n\u00eb m\u00ebnyr\u00eb t\u00eb pap\u00ebrshtatshme.<\/p>\n<p>Pret Tirana t\u2019i marr\u00eb, ka depozituar kapacitetin p\u00ebr depon e videove, q\u00eb ishte shum\u00eb i madh. Por u gjet dhe do dor\u00ebzohen\u201d, tha Berisha.<\/p>\n<p>&nbsp;<\/p>\n","protected":false},"excerpt":{"rendered":"<p>Lideri i opozit\u00ebs, Sali Berisha ka shpjeguar p\u00ebr opinionin publik se p\u00ebrse PD ka denoncuar deri tani me video manipulimin zgjedhor n\u00eb Elbasan p\u00ebr fars\u00ebn e 11 majit.\u00a0Sipas Berish\u00ebs, fillimisht i kan\u00eb dor\u00ebzuar pamjet e Elbasanit dhe tani do marrin edhe t\u00eb qarqeve t\u00eb tjera. \u201cNuk jan\u00eb marr\u00eb akoma videot, sepse ka pasur probleme me &hellip;<\/p>\n","protected":false},"author":4,"featured_media":117427,"comment_status":"closed","ping_status":"closed","sticky":false,"template":"","format":"standard","meta":{"footnotes":""},"categories":[37],"tags":[],"class_list":["post-117430","post","type-post","status-publish","format-standard","has-post-thumbnail","","category-politike"],"_links":{"self":[{"href":"https:\/\/rdnews.al\/index.php\/wp-json\/wp\/v2\/posts\/117430","targetHints":{"allow":["GET"]}}],"collection":[{"href":"https:\/\/rdnews.al\/index.php\/wp-json\/wp\/v2\/posts"}],"about":[{"href":"https:\/\/rdnews.al\/index.php\/wp-json\/wp\/v2\/types\/post"}],"author":[{"embeddable":true,"href":"https:\/\/rdnews.al\/index.php\/wp-json\/wp\/v2\/users\/4"}],"replies":[{"embeddable":true,"href":"https:\/\/rdnews.al\/index.php\/wp-json\/wp\/v2\/comments?post=117430"}],"version-history":[{"count":1,"href":"https:\/\/rdnews.al\/index.php\/wp-json\/wp\/v2\/posts\/117430\/revisions"}],"predecessor-version":[{"id":117432,"href":"https:\/\/rdnews.al\/index.php\/wp-json\/wp\/v2\/posts\/117430\/revisions\/117432"}],"wp:featuredmedia":[{"embeddable":true,"href":"https:\/\/rdnews.al\/index.php\/wp-json\/wp\/v2\/media\/117427"}],"wp:attachment":[{"href":"https:\/\/rdnews.al\/index.php\/wp-json\/wp\/v2\/media?parent=117430"}],"wp:term":[{"taxonomy":"category","embeddable":true,"href":"https:\/\/rdnews.al\/index.php\/wp-json\/wp\/v2\/categories?post=117430"},{"taxonomy":"post_tag","embeddable":true,"href":"https:\/\/rdnews.al\/index.php\/wp-json\/wp\/v2\/tags?post=117430"}],"curies":[{"name":"wp","href":"https:\/\/api.w.org\/{rel}","templated":true}]}}