{"id":117433,"date":"2025-06-25T11:20:06","date_gmt":"2025-06-25T11:20:06","guid":{"rendered":"https:\/\/rdnews.al\/?p=117433"},"modified":"2025-06-25T11:20:06","modified_gmt":"2025-06-25T11:20:06","slug":"berisha-trump-e-shpalli-ballkanin-nje-zone-te-rrezikshme-per-shkak-te-ramaduros-dhe-karteleve-te-tij","status":"publish","type":"post","link":"https:\/\/rdnews.al\/index.php\/2025\/06\/25\/berisha-trump-e-shpalli-ballkanin-nje-zone-te-rrezikshme-per-shkak-te-ramaduros-dhe-karteleve-te-tij\/","title":{"rendered":"Berisha: Trump e shpalli Ballkanin nj\u00eb zon\u00eb t\u00eb rrezikshme p\u00ebr shkak t\u00eb Ramaduros dhe karteleve t\u00eb tij"},"content":{"rendered":"<p>Kryetari i Partis\u00eb Demokratike, Sali Berisha ka komentuar vendimin e fundit t\u00eb ShBA p\u00ebr t\u00eb shtyr\u00eb edhe me nj\u00eb vit gjendjen e emergjenc\u00ebs p\u00ebr Ballkanin Per\u00ebndimor.<\/p>\n<p>Berisha tha n\u00eb konferenc\u00ebn me gazetar\u00ebt se, Trump e shpalli Ballkanin nj\u00eb zon\u00eb t\u00eb rrezikshme p\u00ebr shkak t\u00eb Ramaduros dhe karteleve t\u00eb tij.<\/p>\n<p>\u201cRamaduro! Ramaduro!<\/p>\n<p>\u00c7far\u00eb komenti tjet\u00ebr do?<\/p>\n<p>Tre dit\u00eb para, kryeministri i Shqip\u00ebris\u00eb, nga media kryesore num\u00ebr nj\u00eb e SHBA dhe e bot\u00ebs, u damkos Ramaduro.<\/p>\n<p>E kupton vet\u00eb!<\/p>\n<p>Tjet\u00ebr, tre jav\u00eb m\u00eb par\u00eb, nj\u00eb zyrtar i lart\u00eb i Departamentit t\u00eb Drejt\u00ebsis\u00eb solli k\u00ebtu mesazhin e Ministris\u00eb s\u00eb Drejt\u00ebsis\u00eb s\u00eb SHBA me t\u00eb cilin k\u00ebrkon q\u00eb Shqip\u00ebria t\u00eb merret me kartelet e saj t\u00eb drog\u00ebs.<\/p>\n<p>Po p\u00ebr k\u00eb bien k\u00ebto kambana?<\/p>\n<p>A \u00ebsht\u00eb folur ndonj\u00ebher\u00eb p\u00ebr kartele droge n\u00eb Shqip\u00ebri? Nuk \u00ebsht\u00eb folur kurr\u00eb.<\/p>\n<p>A \u00ebsht\u00eb cil\u00ebsuar ndonj\u00ebher\u00eb Edi Rama si Ramaduro? Un\u00eb e kam cil\u00ebsuar Noriega, por njer\u00ebzit e kan\u00eb harruar Norieg\u00ebn tani. As 3 p\u00ebrqind e njer\u00ebzve nuk e din\u00eb se \u00e7\u2019\u00ebsht\u00eb Noriega.<\/p>\n<p>K\u00ebshtu q\u00eb mund t\u00eb them se epiteti im nuk ngjiti.<\/p>\n<p>Ramaduro n\u00eb vend, e kapi, e shpalli media num\u00ebr nj\u00eb e bot\u00ebs.<\/p>\n<p>Pra, si t\u00eb mos e shpall\u00eb at\u00eb presidenti Trump, Ballkanin nj\u00eb zon\u00eb t\u00eb rrezikshme.<\/p>\n<p>Kjo \u00ebsht\u00eb arsyeja.<\/p>\n<p>Kartelet po, Ramaduro po, jan\u00eb t\u00eb gjitha s\u00eb bashku\u201d, tha Berisha.<\/p>\n","protected":false},"excerpt":{"rendered":"<p>Kryetari i Partis\u00eb Demokratike, Sali Berisha ka komentuar vendimin e fundit t\u00eb ShBA p\u00ebr t\u00eb shtyr\u00eb edhe me nj\u00eb vit gjendjen e emergjenc\u00ebs p\u00ebr Ballkanin Per\u00ebndimor. Berisha tha n\u00eb konferenc\u00ebn me gazetar\u00ebt se, Trump e shpalli Ballkanin nj\u00eb zon\u00eb t\u00eb rrezikshme p\u00ebr shkak t\u00eb Ramaduros dhe karteleve t\u00eb tij. \u201cRamaduro! Ramaduro! \u00c7far\u00eb komenti tjet\u00ebr do? &hellip;<\/p>\n","protected":false},"author":4,"featured_media":117423,"comment_status":"closed","ping_status":"closed","sticky":false,"template":"","format":"standard","meta":{"footnotes":""},"categories":[37],"tags":[],"class_list":["post-117433","post","type-post","status-publish","format-standard","has-post-thumbnail","","category-politike"],"_links":{"self":[{"href":"https:\/\/rdnews.al\/index.php\/wp-json\/wp\/v2\/posts\/117433","targetHints":{"allow":["GET"]}}],"collection":[{"href":"https:\/\/rdnews.al\/index.php\/wp-json\/wp\/v2\/posts"}],"about":[{"href":"https:\/\/rdnews.al\/index.php\/wp-json\/wp\/v2\/types\/post"}],"author":[{"embeddable":true,"href":"https:\/\/rdnews.al\/index.php\/wp-json\/wp\/v2\/users\/4"}],"replies":[{"embeddable":true,"href":"https:\/\/rdnews.al\/index.php\/wp-json\/wp\/v2\/comments?post=117433"}],"version-history":[{"count":1,"href":"https:\/\/rdnews.al\/index.php\/wp-json\/wp\/v2\/posts\/117433\/revisions"}],"predecessor-version":[{"id":117434,"href":"https:\/\/rdnews.al\/index.php\/wp-json\/wp\/v2\/posts\/117433\/revisions\/117434"}],"wp:featuredmedia":[{"embeddable":true,"href":"https:\/\/rdnews.al\/index.php\/wp-json\/wp\/v2\/media\/117423"}],"wp:attachment":[{"href":"https:\/\/rdnews.al\/index.php\/wp-json\/wp\/v2\/media?parent=117433"}],"wp:term":[{"taxonomy":"category","embeddable":true,"href":"https:\/\/rdnews.al\/index.php\/wp-json\/wp\/v2\/categories?post=117433"},{"taxonomy":"post_tag","embeddable":true,"href":"https:\/\/rdnews.al\/index.php\/wp-json\/wp\/v2\/tags?post=117433"}],"curies":[{"name":"wp","href":"https:\/\/api.w.org\/{rel}","templated":true}]}}