{"id":117435,"date":"2025-06-25T12:07:55","date_gmt":"2025-06-25T12:07:55","guid":{"rendered":"https:\/\/rdnews.al\/?p=117435"},"modified":"2025-06-25T12:07:55","modified_gmt":"2025-06-25T12:07:55","slug":"spak-kerkon-6-8-vite-burg-per-153-miliarde-leke-abuzime-me-koncesionin-e-sterilizimit","status":"publish","type":"post","link":"https:\/\/rdnews.al\/index.php\/2025\/06\/25\/spak-kerkon-6-8-vite-burg-per-153-miliarde-leke-abuzime-me-koncesionin-e-sterilizimit\/","title":{"rendered":"SPAK k\u00ebrkon 6.8 vite burg p\u00ebr 153 miliard\u00eb lek\u00eb abuzime me koncesionin e sterilizimit!"},"content":{"rendered":"<p>Prokuroria e Posa\u00e7me ka lexuar pretenc\u00ebn n\u00eb lidhje me dosjen e \u201cSterilizimit\u201d.<\/p>\n<p>Gazetarja Klodiana Lala b\u00ebn me dije se SPAK ka k\u00ebrkuar p\u00ebr ish z\u00ebvend\u00ebs ministrin\u00eb Sh\u00ebndet\u00ebsis\u00eb Klodian Rjepaj 10 vjet burg, q\u00eb p\u00ebr shkak t\u00eb gjykimit t\u00eb shkurtuar konvertohet n\u00eb 6 vjet e 8 muaj<\/p>\n<p>Nd\u00ebrkoh\u00eb p\u00ebr Ilir Rrapaj \u00ebsht\u00eb k\u00ebrkuar 10 vjet burg q\u00eb p\u00ebr shkak t\u00eb gjykimit t\u00eb shkurtuar konvertohet n\u00eb 6 vjet 8 muaj<\/p>\n<p>P\u00ebr Marsela Serjanaj \u00ebsht\u00eb k\u00ebrkuar 3 vjet 6 muaj, q\u00eb p\u00ebr shkak t\u00eb gjykimit t\u00eb shkurtuar konvertohet n\u00eb 2 vjet 4 muaj<\/p>\n<p>P\u00ebr Sajmir Kadiun \u00ebsht\u00eb k\u00ebrkuar 3 vjet 6 muaj q\u00eb p\u00ebr shkak t\u00eb gjykimit t\u00eb shkurtuar konvertohet n\u00eb 2 vjet 4 muaj<\/p>\n<p>P\u00ebr Petref Mersinin \u00ebsht\u00eb k\u00ebrkuar 3 vjet 6 muaj q\u00eb konvertohet n\u00eb 4 vjet Sh\u00ebrbim Prove<\/p>\n<p>P\u00ebr Arben Gjat\u00ebn \u00ebsht\u00eb k\u00ebrkuar 1 vit 4 muaj, q\u00eb konvertohet n\u00eb 3 vjet sh\u00ebrbim Prove<\/p>\n<p>P\u00ebr Genc Byrazerin \u00ebsht\u00eb k\u00ebrkuar 2 vjet sh\u00ebrbim prove<\/p>\n<p>P\u00ebr Naile Ajazin \u00ebsht\u00eb k\u00ebrkuar 1 vit 4 muaj q\u00eb konvertohet n\u00eb 2 vjet sh\u00ebrbim prove<\/p>\n","protected":false},"excerpt":{"rendered":"<p>Prokuroria e Posa\u00e7me ka lexuar pretenc\u00ebn n\u00eb lidhje me dosjen e \u201cSterilizimit\u201d. Gazetarja Klodiana Lala b\u00ebn me dije se SPAK ka k\u00ebrkuar p\u00ebr ish z\u00ebvend\u00ebs ministrin\u00eb Sh\u00ebndet\u00ebsis\u00eb Klodian Rjepaj 10 vjet burg, q\u00eb p\u00ebr shkak t\u00eb gjykimit t\u00eb shkurtuar konvertohet n\u00eb 6 vjet e 8 muaj Nd\u00ebrkoh\u00eb p\u00ebr Ilir Rrapaj \u00ebsht\u00eb k\u00ebrkuar 10 vjet burg &hellip;<\/p>\n","protected":false},"author":3,"featured_media":117436,"comment_status":"closed","ping_status":"closed","sticky":false,"template":"","format":"standard","meta":{"footnotes":""},"categories":[37],"tags":[],"class_list":["post-117435","post","type-post","status-publish","format-standard","has-post-thumbnail","","category-politike"],"_links":{"self":[{"href":"https:\/\/rdnews.al\/index.php\/wp-json\/wp\/v2\/posts\/117435","targetHints":{"allow":["GET"]}}],"collection":[{"href":"https:\/\/rdnews.al\/index.php\/wp-json\/wp\/v2\/posts"}],"about":[{"href":"https:\/\/rdnews.al\/index.php\/wp-json\/wp\/v2\/types\/post"}],"author":[{"embeddable":true,"href":"https:\/\/rdnews.al\/index.php\/wp-json\/wp\/v2\/users\/3"}],"replies":[{"embeddable":true,"href":"https:\/\/rdnews.al\/index.php\/wp-json\/wp\/v2\/comments?post=117435"}],"version-history":[{"count":1,"href":"https:\/\/rdnews.al\/index.php\/wp-json\/wp\/v2\/posts\/117435\/revisions"}],"predecessor-version":[{"id":117437,"href":"https:\/\/rdnews.al\/index.php\/wp-json\/wp\/v2\/posts\/117435\/revisions\/117437"}],"wp:featuredmedia":[{"embeddable":true,"href":"https:\/\/rdnews.al\/index.php\/wp-json\/wp\/v2\/media\/117436"}],"wp:attachment":[{"href":"https:\/\/rdnews.al\/index.php\/wp-json\/wp\/v2\/media?parent=117435"}],"wp:term":[{"taxonomy":"category","embeddable":true,"href":"https:\/\/rdnews.al\/index.php\/wp-json\/wp\/v2\/categories?post=117435"},{"taxonomy":"post_tag","embeddable":true,"href":"https:\/\/rdnews.al\/index.php\/wp-json\/wp\/v2\/tags?post=117435"}],"curies":[{"name":"wp","href":"https:\/\/api.w.org\/{rel}","templated":true}]}}