{"id":117443,"date":"2025-06-25T16:48:02","date_gmt":"2025-06-25T16:48:02","guid":{"rendered":"https:\/\/rdnews.al\/?p=117443"},"modified":"2025-06-25T16:48:02","modified_gmt":"2025-06-25T16:48:02","slug":"dokumentet-kryebashkiaku-i-vlores-i-perfshire-ne-grabitjen-e-prones-publike-per-te-ndertuar-pallat","status":"publish","type":"post","link":"https:\/\/rdnews.al\/index.php\/2025\/06\/25\/dokumentet-kryebashkiaku-i-vlores-i-perfshire-ne-grabitjen-e-prones-publike-per-te-ndertuar-pallat\/","title":{"rendered":"Dokumentet\/ Kryebashkiaku i Vlor\u00ebs i p\u00ebrfshir\u00eb n\u00eb grabitjen e pron\u00ebs publike p\u00ebr t\u00eb nd\u00ebrtuar pallat"},"content":{"rendered":"<p>Pas denoncimit publik dhe nisjes s\u00eb nj\u00eb procedimi penal p\u00ebr nd\u00ebrtim pa leje n\u00eb nj\u00eb pron\u00eb publike n\u00eb zon\u00ebn e \u201cUjit t\u00eb Ftoht\u00eb\u201d, nd\u00ebrtuesi Moisi Lazaj ka kaluar n\u00eb nj\u00eb plan t\u00eb ri: tjet\u00ebrsimin e pron\u00ebs n\u00ebp\u00ebrmjet nj\u00eb skeme t\u00eb modifikuar, q\u00eb p\u00ebrfshin votimin e K\u00ebshillit Bashkiak dhe p\u00ebrfshirjen direkte t\u00eb kryetarit t\u00eb Bashkis\u00eb s\u00eb Vlor\u00ebs, Ermal Dredha.<\/p>\n<p><img loading=\"lazy\" decoding=\"async\" class=\"alignnone size-full wp-image-1566797\" src=\"https:\/\/boldnews.al\/wp-content\/uploads\/2025\/06\/IMG-20250625-WA0009-576x1024-1.webp\" alt=\"\" width=\"576\" height=\"1024\" data-pin-no-hover=\"true\" \/><\/p>\n<p>Sipas burimeve dhe dokumenteve zyrtare, q\u00ebllimi \u00ebsht\u00eb q\u00eb prona t\u2019i kalohet fillimisht Bashkis\u00eb s\u00eb Vlor\u00ebs dhe m\u00eb pas, n\u00eb nj\u00eb mbledhje tjet\u00ebr, t\u2019i transferohet firm\u00ebs \u201cLazaj 2002\u201d.<\/p>\n<p><img loading=\"lazy\" decoding=\"async\" class=\"alignnone size-medium wp-image-1566798\" src=\"https:\/\/boldnews.al\/wp-content\/uploads\/2025\/06\/IMG-20250625-WA0010-738x1024-1-640x888.webp\" sizes=\"auto, (max-width: 640px) 100vw, 640px\" srcset=\"https:\/\/boldnews.al\/wp-content\/uploads\/2025\/06\/IMG-20250625-WA0010-738x1024-1-640x888.webp 640w, https:\/\/boldnews.al\/wp-content\/uploads\/2025\/06\/IMG-20250625-WA0010-738x1024-1.webp 738w\" alt=\"\" width=\"640\" height=\"888\" data-pin-no-hover=\"true\" \/><\/p>\n<p>Strategjia e re \u00ebsht\u00eb nj\u00eb p\u00ebrpjekje p\u00ebr t\u00eb \u201cfaturuar burgun\u201d te k\u00ebshilltar\u00ebt bashkiak\u00eb, nd\u00ebrsa vet\u00eb kryetari i bashkis\u00eb dyshohet se do t\u00eb p\u00ebrfitoj\u00eb disa apartamente si pjes\u00eb e marr\u00ebveshjes me nd\u00ebrtuesin.<\/p>\n<p><strong>Denoncimet zyrtare: Prona n\u00eb proces gjyq\u00ebsor, nd\u00ebrtim pa leje, manipulim dokumentesh<\/strong><\/p>\n<p>Pas d\u00ebshtimit p\u00ebr t\u2019a kaluar n\u00eb dy tentativa t\u00eb m\u00ebparshme n\u00eb K\u00ebshillin Bashkiak, ku k\u00ebshilltar\u00ebt refuzuan t\u00eb miratojn\u00eb tjet\u00ebrsimin e pron\u00ebs, Mojsi Lazaj ka ndryshuar taktik\u00eb.<\/p>\n<p>Nj\u00eb shkres\u00eb zyrtare me nr. protokolli 10062 dhe 10063, depozituar n\u00eb Bashkin\u00eb e Vlor\u00ebs, v\u00eb n\u00eb dijeni zyrtare institucionet se prona ndodhet n\u00eb proces gjyq\u00ebsor aktiv dhe se ndaj nd\u00ebrtuesit ka procedim penal p\u00ebr nd\u00ebrtim pa leje dhe falsifikim dokumentesh. N\u00eb t\u00eb nj\u00ebjt\u00ebn shkres\u00eb p\u00ebrmendet edhe tentativa p\u00ebr tjet\u00ebrsim t\u00eb paligjsh\u00ebm t\u00eb pron\u00ebs p\u00ebrmes nj\u00eb skeme t\u00eb miratuar politikisht nga brenda bashkis\u00eb.<\/p>\n<div><iframe loading=\"lazy\" src=\"https:\/\/streamable.com\/e\/yjw581?\" width=\"100%\" height=\"100%\" allowfullscreen=\"allowfullscreen\" data-mce-fragment=\"1\"><\/iframe><\/div>\n<p>Megjithat\u00eb, nd\u00ebrtuesi ka vijuar me mbulimin e betonit t\u00eb hedhur ilegalisht me dhe, nd\u00ebrsa ka vendosur nj\u00eb rrethim provizor n\u00eb terren p\u00ebr t\u00eb fshehur vepr\u00ebn penale. Pavar\u00ebsisht konstatimeve nga IKMT dhe kall\u00ebzimit penal t\u00eb depozituar, tentativa p\u00ebr t\u00eb miratuar kalimin e pron\u00ebs n\u00eb mbledhjen e nes\u00ebrme t\u00eb K\u00ebshillit Bashkiak vijon me mb\u00ebshtetje nga brenda institucionit.<\/p>\n<p><strong>Skema: Nga Bashkia te Mojsiu \u2013 i nj\u00ebjti mekaniz\u00ebm i ndaluar m\u00eb her\u00ebt me Sht\u00ebpin\u00eb e F\u00ebmij\u00ebs<\/strong><\/p>\n<p>Skema q\u00eb po tentohet \u00ebsht\u00eb e nj\u00ebjt\u00eb me at\u00eb q\u00eb u p\u00ebrpoq t\u00eb zbatohej m\u00eb her\u00ebt p\u00ebr Sht\u00ebpin\u00eb e F\u00ebmij\u00ebs n\u00eb Vlor\u00eb, ku u nd\u00ebrhyn\u00eb institucionet q\u00ebndrore p\u00ebr t\u00eb ndaluar abuzimin. Dredha k\u00ebt\u00eb her\u00eb po del kund\u00ebr institucioneve publike dhe vet qeveris\u00eb.<\/p>\n<p>Tashm\u00eb, gjith\u00e7ka \u00ebsht\u00eb e strukturuar: Prona i kalon Bashkis\u00eb me justifikimin \u201cinteres publik\u201d. N\u00eb nj\u00eb mbledhje tjet\u00ebr, Bashkia e transferon tek \u201cLazaj 2002\u201d.<\/p>\n<p>Sipas burimeve, kjo \u00ebsht\u00eb nj\u00eb marr\u00ebveshje e mir\u00ebkuptuar mes kryetarit t\u00eb bashkis\u00eb, Ermal Dredha, dhe nd\u00ebrtuesit Lazaj, ku kryetari p\u00ebrfiton n\u00eb k\u00ebmbim t\u00eb mb\u00ebshtetjes institucionale dhe heshtjes ndaj zaptimit.<\/p>\n<p><strong>\u00c7far\u00eb rrezikojn\u00eb k\u00ebshilltar\u00ebt q\u00eb votojn\u00eb p\u00ebr t\u2019i falur pron\u00ebn Mojsi Lazajt?<\/strong><\/p>\n<p>N\u00ebse K\u00ebshilli Bashkiak voton p\u00ebr t\u2019i kaluar nj\u00eb pron\u00eb publike nj\u00eb nd\u00ebrtuesi t\u00eb hetuar penalisht, n\u00eb kund\u00ebrshtim me statusin juridik t\u00eb pron\u00ebs (n\u00eb proces gjyq\u00ebsor), k\u00ebshilltar\u00ebt q\u00eb mb\u00ebshtesin vendimin p\u00ebrballen me nj\u00eb s\u00ebr\u00eb akuzash penale, si m\u00eb posht\u00eb:<\/p>\n<ol class=\"wp-block-list\">\n<li>Shp\u00ebrdorim detyre \u2013 Neni 248 i Kodit Penal<br \/>\nD\u00ebnimi: deri n\u00eb 7 vite burg<\/li>\n<li>Falsifikim dhe p\u00ebrdorim i dokumenteve zyrtare \u2013 Nenet 186 &amp; 189<br \/>\nD\u00ebnimi: deri n\u00eb 5 vite burg<\/li>\n<li>Korrupsion pasiv i zyrtar\u00ebve publik\u00eb \u2013 Neni 259<br \/>\nD\u00ebnimi: 2 deri n\u00eb 8 vite burg + ndalim ushtrimi funksioni publik<\/li>\n<li>Ndihm\u00eb n\u00eb nd\u00ebrtim t\u00eb paligjsh\u00ebm dhe legalizim t\u00eb pasuris\u00eb s\u00eb vjedhur \u2013 Nenet 199\/a dhe 287<br \/>\nD\u00ebnimi: deri n\u00eb 5 vite burg<\/li>\n<li>Pengim i drejt\u00ebsis\u00eb \u2013 Neni 301<br \/>\nD\u00ebnimi: 6 muaj deri n\u00eb 5 vite burg<\/li>\n<\/ol>\n<p>Tashm\u00eb q\u00eb k\u00ebshilltar\u00ebt jan\u00eb v\u00ebn\u00eb zyrtarisht n\u00eb dijeni se prona \u00ebsht\u00eb n\u00eb proces gjyq\u00ebsor dhe objekti i nj\u00eb hetimi penal, \u00e7do vot\u00eb nuk \u00ebsht\u00eb m\u00eb e padijshme, por e q\u00ebllimshme dhe me pasoja t\u00eb drejtp\u00ebrdrejta penale.<\/p>\n<p>P\u00ebrgjegj\u00ebsia p\u00ebr k\u00ebt\u00eb skem\u00eb korruptive nuk \u00ebsht\u00eb m\u00eb vet\u00ebm mbi nd\u00ebrtuesin Lazaj. P\u00ebrfshirja e kryetarit t\u00eb bashkis\u00eb, Ermal Dredha, dhe k\u00ebmb\u00ebngulja p\u00ebr ta futur pik\u00ebn n\u00eb rend dite, e b\u00ebn at\u00eb pjes\u00eb ky\u00e7e t\u00eb nj\u00eb manovre q\u00eb shkon p\u00ebrtej shkeljes administrative \u2013 \u00ebsht\u00eb nj\u00eb tentativ\u00eb p\u00ebr tjet\u00ebrsim t\u00eb q\u00ebllimsh\u00ebm t\u00eb pron\u00ebs publike. Edhe k\u00ebt\u00eb her\u00eb ndoshta Dredha do t\u00eb dal\u00eb nga mbledhja p\u00ebr t\u2019ja l\u00ebn \u201cfatur\u00ebn\u201d k\u00ebshilltar\u00ebve.<\/p>\n<p>Burime nga institucione ligjzbatuese b\u00ebjn\u00eb t\u00eb ditur se i gjith\u00eb pro\u00e7esi i votimit n\u00eb k\u00ebshillin bashkiak po monitorohet dhe n\u00eb vazhdim\u00ebsi mund t\u00eb ket\u00eb dhe pranga p\u00ebr funksionar\u00eb t\u00eb p\u00ebrfshir\u00eb n\u00eb afer\u00eb.<\/p>\n<p>N\u00eb nj\u00eb koh\u00eb q\u00eb Vlora vuan problemet me ujin, me zjarret, menaxhimin e turizmit, pse kryetari Dredha shqet\u00ebsohet kaq shum\u00eb q\u00eb kjo pron\u00eb ti shkoj Mojsiut? \u00c7far\u00eb p\u00ebrfiton vall\u00eb?\/<a href=\"https:\/\/prapaskena.com\/2025\/06\/25\/dokumentet-moisi-lazaj-perfshin-ermal-dredhen-ne-grabitjen-e-prones-publike-ne-vlore-per-te-ndertuar-pallat-pazare-dhe-korrupsion-a-do-nderhyje-spak-u\/?fbclid=IwY2xjawLJAqFleHRuA2FlbQIxMQABHk3b6l4s9fTNnSrHuN8o7o0mjESzZmEFvGcV80agpgghwsAiYTwU1IDLbNFZ_aem_eqLk0qRN79-_5eLoB-E__w\" target=\"_blank\" rel=\"noopener\"><strong>\u00a0Prapaskena.com<\/strong><\/a><\/p>\n","protected":false},"excerpt":{"rendered":"<p>Pas denoncimit publik dhe nisjes s\u00eb nj\u00eb procedimi penal p\u00ebr nd\u00ebrtim pa leje n\u00eb nj\u00eb pron\u00eb publike n\u00eb zon\u00ebn e \u201cUjit t\u00eb Ftoht\u00eb\u201d, nd\u00ebrtuesi Moisi Lazaj ka kaluar n\u00eb nj\u00eb plan t\u00eb ri: tjet\u00ebrsimin e pron\u00ebs n\u00ebp\u00ebrmjet nj\u00eb skeme t\u00eb modifikuar, q\u00eb p\u00ebrfshin votimin e K\u00ebshillit Bashkiak dhe p\u00ebrfshirjen direkte t\u00eb kryetarit t\u00eb Bashkis\u00eb s\u00eb &hellip;<\/p>\n","protected":false},"author":4,"featured_media":117444,"comment_status":"closed","ping_status":"closed","sticky":false,"template":"","format":"standard","meta":{"footnotes":""},"categories":[37],"tags":[],"class_list":["post-117443","post","type-post","status-publish","format-standard","has-post-thumbnail","","category-politike"],"_links":{"self":[{"href":"https:\/\/rdnews.al\/index.php\/wp-json\/wp\/v2\/posts\/117443","targetHints":{"allow":["GET"]}}],"collection":[{"href":"https:\/\/rdnews.al\/index.php\/wp-json\/wp\/v2\/posts"}],"about":[{"href":"https:\/\/rdnews.al\/index.php\/wp-json\/wp\/v2\/types\/post"}],"author":[{"embeddable":true,"href":"https:\/\/rdnews.al\/index.php\/wp-json\/wp\/v2\/users\/4"}],"replies":[{"embeddable":true,"href":"https:\/\/rdnews.al\/index.php\/wp-json\/wp\/v2\/comments?post=117443"}],"version-history":[{"count":1,"href":"https:\/\/rdnews.al\/index.php\/wp-json\/wp\/v2\/posts\/117443\/revisions"}],"predecessor-version":[{"id":117445,"href":"https:\/\/rdnews.al\/index.php\/wp-json\/wp\/v2\/posts\/117443\/revisions\/117445"}],"wp:featuredmedia":[{"embeddable":true,"href":"https:\/\/rdnews.al\/index.php\/wp-json\/wp\/v2\/media\/117444"}],"wp:attachment":[{"href":"https:\/\/rdnews.al\/index.php\/wp-json\/wp\/v2\/media?parent=117443"}],"wp:term":[{"taxonomy":"category","embeddable":true,"href":"https:\/\/rdnews.al\/index.php\/wp-json\/wp\/v2\/categories?post=117443"},{"taxonomy":"post_tag","embeddable":true,"href":"https:\/\/rdnews.al\/index.php\/wp-json\/wp\/v2\/tags?post=117443"}],"curies":[{"name":"wp","href":"https:\/\/api.w.org\/{rel}","templated":true}]}}