{"id":117450,"date":"2025-06-25T16:56:34","date_gmt":"2025-06-25T16:56:34","guid":{"rendered":"https:\/\/rdnews.al\/?p=117450"},"modified":"2025-06-25T16:56:34","modified_gmt":"2025-06-25T16:56:34","slug":"kellici-krimi-i-organizuar-me-grup-parlamentar-brenda-ps","status":"publish","type":"post","link":"https:\/\/rdnews.al\/index.php\/2025\/06\/25\/kellici-krimi-i-organizuar-me-grup-parlamentar-brenda-ps\/","title":{"rendered":"K\u00eblli\u00e7i: Krimi i organizuar me grup parlamentar brenda PS!"},"content":{"rendered":"<p>Drejtuesi politik i PD n\u00eb Qarkun e Tiran\u00ebs, Belind K\u00eblli\u00e7i, nj\u00ebkoh\u00ebsisht deputet i zgjedhur i k\u00ebsaj force politike nga procesi zgjedhor i 11 majit, e cil\u00ebsoi Komisionin Qendror t\u00eb Zgjedhjeve nj\u00eb aneks n\u00eb paradhom\u00ebn e kryeministrit Edi Rama.<\/p>\n<p>K\u00eblli\u00e7i tha se partia-shtet e Ram\u00ebs ka shkelur r\u00ebnd\u00eb Kodin Zgjedhor q\u00eb para nisjes s\u00eb zgjedhjeve parlamentare t\u00eb 11 majit, dhe si e till\u00eb, ligjv\u00ebn\u00ebsi i dal\u00eb nga ky proces zgjedhor theksoi se KQZ duhet ta kishte ndaluar k\u00ebt\u00eb fars\u00eb elektorale t\u00eb procesit.<\/p>\n<p>\u201cKQZ \u00ebsht\u00eb nj\u00eb aneks n\u00eb paradhom\u00ebn e kryeministrit. Do t\u2019i sh\u00ebrbej\u00eb n\u00eb m\u00ebnyr\u00eb ushtarake, me m\u00ebnyr\u00eb t\u00eb hekurt n\u00eb ndihm\u00eb t\u00eb tij. Me rreth 6 mij\u00eb leje legalizimi n\u00eb periudh\u00ebn para zgjedhjeve, \u00ebsht\u00eb e ndaluar n\u00eb Kodin Zgjedhor. Mjaftonin k\u00ebto shkelje t\u00eb kodit zgjedhor p\u00ebr t\u00eb mos mbajtur k\u00ebt\u00eb fars\u00eb elektorale t\u00eb procesit. Puna e PD q\u00ebndron n\u00eb nd\u00ebrgjegj\u00ebsimin e faktorit nd\u00ebrkomb\u00ebtar, n\u00eb shtetin e drejtuar nga Ramaduro, \u00ebsht\u00eb nj\u00eb shtet q\u00eb vihet n\u00eb sh\u00ebrbim t\u00eb pushtetit si n\u00eb zgjedhjet parlamentare dhe ato vendore.<\/p>\n<p>Ne kemi detyr\u00eb, q\u00eb \u00e7do dit\u00eb t\u00eb jemi prezent n\u00eb media, n\u00eb raportet e nd\u00ebrkomb\u00ebtar\u00ebve n\u00eb PE, duhet t\u00eb jemi prezent me fakte e prova me denoncimet tona. Kemi par\u00eb me z\u00eb e figur\u00eb, persona q\u00eb votojn\u00eb 4 her\u00eb, persona q\u00eb intimidojn\u00eb komisioner\u00ebt, trenin bullgar, edhe nga diaspora. Kemi par\u00eb q\u00eb me tren bullgar kan\u00eb shkuar vota n\u00eb QV e qytetar\u00ebve shqiptar\u00eb.<\/p>\n<p>Ndaj s\u2019na \u00ebsht\u00eb dh\u00ebn\u00eb akses n\u00eb materialet e administrimit t\u00eb materialeve zgjedhore, do t\u00eb shihni mosp\u00ebrputhje t\u00eb tabelave p\u00ebr hapjen e procesit dhe mbylljes s\u00eb votimit. T\u00eb gjitha k\u00ebto prova kan\u00eb \u00e7uar n\u00eb raportin paraprak t\u00eb zgjedhjeve, q\u00eb \u00ebsht\u00eb m\u00eb kritiku n\u00eb spektrin e raporteve paraprake q\u00eb ka l\u00ebshuar ndonj\u00ebher\u00eb OSBE-ODIHR jo vet\u00ebm p\u00ebr Shqip\u00ebrin\u00eb, por as n\u00eb rajon.<\/p>\n<p>Rama k\u00ebrkon \u2018status quo\u2019 p\u00ebrmes bandave, trafikut e krimit t\u00eb organizuar. Bandat jan\u00eb jo vet\u00ebm, n\u00eb qarqe por edhe me deputet\u00eb. Koorporata kriminale n\u00eb Shqip\u00ebri, krimi organizuar ka nj\u00eb grup parlamentar brenda PS, edhe n\u00ebse Rama s\u2019d\u00ebshiron t\u00eb p\u00ebrmbush\u00eb nj\u00eb k\u00ebrkese, edhe pse jan\u00eb bashk\u00ebaksioner\u00eb, me grupin parlamentar q\u00eb ka krimi i organizuar q\u00eb drejton kartelet m\u00eb t\u00eb rrezikshme n\u00eb kontinent, kan\u00eb pakic\u00eb bllokuese n\u00eb parlament. Sistemin e patronazhimit e ka nj\u00ebjt\u00eb si me diktatorin e Venezuel\u00ebs. Ky \u00ebsht\u00eb standardi ku Rama qe e ka \u00e7uar Shqip\u00ebrin\u00eb. Sot ke nj\u00eb kryeminist\u00ebr, q\u00eb e sheh vet\u00ebn si nj\u00eb aktor hollivudi\u201d, tha K\u00eblli\u00e7i p\u00ebr SYRI TV.<\/p>\n","protected":false},"excerpt":{"rendered":"<p>Drejtuesi politik i PD n\u00eb Qarkun e Tiran\u00ebs, Belind K\u00eblli\u00e7i, nj\u00ebkoh\u00ebsisht deputet i zgjedhur i k\u00ebsaj force politike nga procesi zgjedhor i 11 majit, e cil\u00ebsoi Komisionin Qendror t\u00eb Zgjedhjeve nj\u00eb aneks n\u00eb paradhom\u00ebn e kryeministrit Edi Rama. K\u00eblli\u00e7i tha se partia-shtet e Ram\u00ebs ka shkelur r\u00ebnd\u00eb Kodin Zgjedhor q\u00eb para nisjes s\u00eb zgjedhjeve parlamentare &hellip;<\/p>\n","protected":false},"author":4,"featured_media":108717,"comment_status":"closed","ping_status":"closed","sticky":false,"template":"","format":"standard","meta":{"footnotes":""},"categories":[37],"tags":[],"class_list":["post-117450","post","type-post","status-publish","format-standard","has-post-thumbnail","","category-politike"],"_links":{"self":[{"href":"https:\/\/rdnews.al\/index.php\/wp-json\/wp\/v2\/posts\/117450","targetHints":{"allow":["GET"]}}],"collection":[{"href":"https:\/\/rdnews.al\/index.php\/wp-json\/wp\/v2\/posts"}],"about":[{"href":"https:\/\/rdnews.al\/index.php\/wp-json\/wp\/v2\/types\/post"}],"author":[{"embeddable":true,"href":"https:\/\/rdnews.al\/index.php\/wp-json\/wp\/v2\/users\/4"}],"replies":[{"embeddable":true,"href":"https:\/\/rdnews.al\/index.php\/wp-json\/wp\/v2\/comments?post=117450"}],"version-history":[{"count":1,"href":"https:\/\/rdnews.al\/index.php\/wp-json\/wp\/v2\/posts\/117450\/revisions"}],"predecessor-version":[{"id":117451,"href":"https:\/\/rdnews.al\/index.php\/wp-json\/wp\/v2\/posts\/117450\/revisions\/117451"}],"wp:featuredmedia":[{"embeddable":true,"href":"https:\/\/rdnews.al\/index.php\/wp-json\/wp\/v2\/media\/108717"}],"wp:attachment":[{"href":"https:\/\/rdnews.al\/index.php\/wp-json\/wp\/v2\/media?parent=117450"}],"wp:term":[{"taxonomy":"category","embeddable":true,"href":"https:\/\/rdnews.al\/index.php\/wp-json\/wp\/v2\/categories?post=117450"},{"taxonomy":"post_tag","embeddable":true,"href":"https:\/\/rdnews.al\/index.php\/wp-json\/wp\/v2\/tags?post=117450"}],"curies":[{"name":"wp","href":"https:\/\/api.w.org\/{rel}","templated":true}]}}