{"id":117452,"date":"2025-06-25T17:06:57","date_gmt":"2025-06-25T17:06:57","guid":{"rendered":"https:\/\/rdnews.al\/?p=117452"},"modified":"2025-06-25T17:06:57","modified_gmt":"2025-06-25T17:06:57","slug":"shkrimi-ne-foxnews-tronditi-qeverine-analisti-shba-po-rikthen-vemendjen-ndaj-shqiperise","status":"publish","type":"post","link":"https:\/\/rdnews.al\/index.php\/2025\/06\/25\/shkrimi-ne-foxnews-tronditi-qeverine-analisti-shba-po-rikthen-vemendjen-ndaj-shqiperise\/","title":{"rendered":"\u201cShkrimi n\u00eb FoxNews tronditi qeverin\u00eb\u201d\/ Analisti: SHBA po rikthen v\u00ebmendjen ndaj Shqip\u00ebris\u00eb!"},"content":{"rendered":"<p>Analisti Enton Abilekaj foli n\u00eb lidhje me zhvillimet e fundit n\u00eb marr\u00ebdh\u00ebniet mes Edi Ram\u00ebs dhe SHBA-s\u00eb. Ai theksoi se publikimi i nj\u00eb shkrimi kritik n\u00eb Fox News nga nj\u00eb ish-ambasador amerikan ka tronditur qeverin\u00eb shqiptare, duke v\u00ebn\u00eb n\u00eb dukje se kjo \u00ebsht\u00eb nd\u00ebr ngjarjet m\u00eb t\u00eb r\u00ebnd\u00ebsishme t\u00eb jav\u00ebve t\u00eb fundit p\u00ebr kryeministrin Edi Rama dhe mediat pran\u00eb tij.<\/p>\n<p>Sipas Abilekajt, rikthimi i v\u00ebmendjes s\u00eb administrat\u00ebs Trump ndaj Ballkanit, dhe ve\u00e7an\u00ebrisht Shqip\u00ebris\u00eb, mund t\u00eb sinjalizoj\u00eb nj\u00eb qasje m\u00eb aktive dhe t\u00eb vendosur t\u00eb SHBA-ve n\u00eb rajon.<\/p>\n<p>\u201cQeveria \u00ebsht\u00eb tronditur m\u00eb shum\u00eb se \u00e7do gj\u00eb me shkrimin q\u00eb u botua n\u00eb Fox News nga ambasadori. V\u00ebmendja vjen nga mediat amerikane. N\u00ebse n\u00eb mediat amerikane nuk do t\u00eb ket\u00eb hap\u00ebsira p\u00ebr \u00e7far\u00eb ndodh n\u00eb Shqip\u00ebri, \u00ebsht\u00eb v\u00ebshtir\u00eb q\u00eb administrata ta kthej\u00eb kok\u00ebn. Ngjarja m\u00eb e r\u00ebnd\u00ebsishme, sidomos p\u00ebr Edi Ram\u00ebn dhe mediat e tij ishte publikimi i Fox News.<\/p>\n<p>Deklaratat e Trump p\u00ebr Ballkanin Per\u00ebndimor q\u00eb do t\u00eb rikthehet p\u00ebr t\u00eb rib\u00ebr\u00eb nj\u00eb marr\u00ebveshje dhe rifreskimi i dekretit presidencial p\u00ebr korrupsionin mendoj q\u00eb paralajm\u00ebrojn\u00eb nj\u00eb fushat\u00eb tjet\u00ebr t\u00eb Trumpit n\u00eb Ballkan. Nj\u00eb fushat\u00eb e vendosur me vendimmarrje p\u00ebrfundimtare, jo me l\u00ebnien e gj\u00ebrave n\u00eb diskutim dhe p\u00ebr diskutim. Do t\u00eb ishte shum\u00eb e mir\u00ebpritur sikur Shtetet e Bashkuara t\u00eb kthenin v\u00ebrtet v\u00ebmendjen ashtu si\u00e7 ka paralajm\u00ebruar presidenti. Kjo tregon q\u00eb administrata Trump nuk e ka aq pas dore Shqip\u00ebrin\u00eb sa mendojm\u00eb ne. Ky \u00ebsht\u00eb nj\u00eb lajm shum\u00eb i mir\u00eb\u201d, tha Abilekaj per Syri tv.<\/p>\n","protected":false},"excerpt":{"rendered":"<p>Analisti Enton Abilekaj foli n\u00eb lidhje me zhvillimet e fundit n\u00eb marr\u00ebdh\u00ebniet mes Edi Ram\u00ebs dhe SHBA-s\u00eb. Ai theksoi se publikimi i nj\u00eb shkrimi kritik n\u00eb Fox News nga nj\u00eb ish-ambasador amerikan ka tronditur qeverin\u00eb shqiptare, duke v\u00ebn\u00eb n\u00eb dukje se kjo \u00ebsht\u00eb nd\u00ebr ngjarjet m\u00eb t\u00eb r\u00ebnd\u00ebsishme t\u00eb jav\u00ebve t\u00eb fundit p\u00ebr kryeministrin Edi &hellip;<\/p>\n","protected":false},"author":4,"featured_media":102799,"comment_status":"closed","ping_status":"closed","sticky":false,"template":"","format":"standard","meta":{"footnotes":""},"categories":[37],"tags":[],"class_list":["post-117452","post","type-post","status-publish","format-standard","has-post-thumbnail","","category-politike"],"_links":{"self":[{"href":"https:\/\/rdnews.al\/index.php\/wp-json\/wp\/v2\/posts\/117452","targetHints":{"allow":["GET"]}}],"collection":[{"href":"https:\/\/rdnews.al\/index.php\/wp-json\/wp\/v2\/posts"}],"about":[{"href":"https:\/\/rdnews.al\/index.php\/wp-json\/wp\/v2\/types\/post"}],"author":[{"embeddable":true,"href":"https:\/\/rdnews.al\/index.php\/wp-json\/wp\/v2\/users\/4"}],"replies":[{"embeddable":true,"href":"https:\/\/rdnews.al\/index.php\/wp-json\/wp\/v2\/comments?post=117452"}],"version-history":[{"count":1,"href":"https:\/\/rdnews.al\/index.php\/wp-json\/wp\/v2\/posts\/117452\/revisions"}],"predecessor-version":[{"id":117453,"href":"https:\/\/rdnews.al\/index.php\/wp-json\/wp\/v2\/posts\/117452\/revisions\/117453"}],"wp:featuredmedia":[{"embeddable":true,"href":"https:\/\/rdnews.al\/index.php\/wp-json\/wp\/v2\/media\/102799"}],"wp:attachment":[{"href":"https:\/\/rdnews.al\/index.php\/wp-json\/wp\/v2\/media?parent=117452"}],"wp:term":[{"taxonomy":"category","embeddable":true,"href":"https:\/\/rdnews.al\/index.php\/wp-json\/wp\/v2\/categories?post=117452"},{"taxonomy":"post_tag","embeddable":true,"href":"https:\/\/rdnews.al\/index.php\/wp-json\/wp\/v2\/tags?post=117452"}],"curies":[{"name":"wp","href":"https:\/\/api.w.org\/{rel}","templated":true}]}}