{"id":117472,"date":"2025-06-26T08:48:32","date_gmt":"2025-06-26T08:48:32","guid":{"rendered":"https:\/\/rdnews.al\/?p=117472"},"modified":"2025-06-26T08:48:32","modified_gmt":"2025-06-26T08:48:32","slug":"berisha-ramaduro-nuk-e-pranon-avokatin-e-popullit-sepse-vjen-nga-shtresa-e-te-persekutuarve-politike-demonet-e-sistemit-te-vjeter-jane-zgjuar","status":"publish","type":"post","link":"https:\/\/rdnews.al\/index.php\/2025\/06\/26\/berisha-ramaduro-nuk-e-pranon-avokatin-e-popullit-sepse-vjen-nga-shtresa-e-te-persekutuarve-politike-demonet-e-sistemit-te-vjeter-jane-zgjuar\/","title":{"rendered":"Berisha: Ramaduro nuk e pranon Avokatin e Popullit sepse vjen nga shtresa e t\u00eb persekutuarve politik\u00eb! Demon\u00ebt e sistemit t\u00eb vjet\u00ebr jan\u00eb zgjuar"},"content":{"rendered":"<p>Kryetari i Partis\u00eb Demokratike, Sali Berisha deklaroi n\u00eb Kuvend se zvarritja prej nj\u00eb viti e zgjedhjes s\u00eb Avokatit t\u00eb Popullit \u00ebsht\u00eb p\u00ebrgjegj\u00ebsi e mazhoranc\u00ebs. Ai akuzoi kryeministrin Edi Rama, t\u00eb cilin e quajti \u201cRamaduro\u201d, se refuzon kandidatur\u00ebn e opozit\u00ebs pa asnj\u00eb arsye.<br \/>\nBerisha theksoi se, kandidati i propozuar, Tom Ndregjoni, i p\u00ebrket shtres\u00ebs s\u00eb t\u00eb p\u00ebrndjekurve politik\u00eb dhe i plot\u00ebson t\u00eb gjitha kriteret. Sipas tij, mazhoranca k\u00ebrkon t\u00eb imponoj\u00eb kandidatura p\u00ebrmes p\u00ebrjashtimeve t\u00eb nj\u00ebanshme.<br \/>\n\u201cProblemi i Avokatit t\u00eb Popullit \u00ebsht\u00eb nj\u00eb problem q\u00eb shtyhet prej pothuajse nj\u00eb viti.<br \/>\nDhe shtyhet dhe shtyhet sepse ju, ose kreu juaj Ramaduro si\u00e7 po e quajn\u00eb tanim\u00eb n\u00eb t\u00eb gjitha kontinentet, nuk pranon kandidatur\u00ebn q\u00eb paraqet opozita, ndon\u00ebse ai plot\u00ebson \u00e7do kriter dhe e nderon at\u00eb detyr\u00eb.<br \/>\nPor rregulli ka qen\u00eb q\u00eb Avokati propozohet nga opozita dhe ju k\u00ebrkoni t\u00eb impononi p\u00ebrmes p\u00ebrjashtimeve pa asnj\u00eb kriter t\u00eb kandidat\u00ebve q\u00eb paraqet opozita, t\u00eb impononi kandidatur\u00ebn dhe jeni t\u00eb gatsh\u00ebm ta shtyni me vite vet\u00ebm e vet\u00ebm q\u00eb nj\u00eb kandidatur\u00eb, e cila p\u00ebr ju nuk pranohet vet\u00ebm se ka vitet e persekutimit dhe burgosjes politike.<br \/>\nDje un\u00eb dhash\u00eb nj\u00eb intervist\u00eb dhe nj\u00eb gazetar i mir\u00ebnjohur m\u00eb\u00a0 pyeti a jan\u00eb zgjuar demon\u00ebt e sistemit t\u00eb vjet\u00ebr n\u00eb Shqip\u00ebri me Ramaduron.<br \/>\nEdhe ai fliste p\u00ebr Ramaduron.<br \/>\nKjo q\u00eb po b\u00ebni ju \u00ebsht\u00eb d\u00ebshmi e zgjimit t\u00eb atyre sepse ju keni hezitim t\u00eb pranoni nj\u00eb kandidatur\u00eb nga shtresa e t\u00eb persekutuarve politik\u00eb, ndon\u00ebse zoti Ndregjoni i plot\u00ebson t\u00eb gjitha kriteret.<br \/>\nPrandaj sot hajde ta votojm\u00eb dhe ta mbyllim k\u00ebt\u00eb pun\u00eb.<br \/>\nKjo \u00ebsht\u00eb e papranueshme.<br \/>\nKy \u00ebsht\u00eb nj\u00eb institucion, pavar\u00ebsisht se n\u00eb narkoshtet t\u00eb gjitha institucionet shum\u00ebzohen me zero, por p\u00ebr ne ky \u00ebsht\u00eb nj\u00eb institucion q\u00eb duhet t\u00eb plot\u00ebsohet me drejtuesin e tij\u201d, tha Berisha.<\/p>\n","protected":false},"excerpt":{"rendered":"<p>Kryetari i Partis\u00eb Demokratike, Sali Berisha deklaroi n\u00eb Kuvend se zvarritja prej nj\u00eb viti e zgjedhjes s\u00eb Avokatit t\u00eb Popullit \u00ebsht\u00eb p\u00ebrgjegj\u00ebsi e mazhoranc\u00ebs. Ai akuzoi kryeministrin Edi Rama, t\u00eb cilin e quajti \u201cRamaduro\u201d, se refuzon kandidatur\u00ebn e opozit\u00ebs pa asnj\u00eb arsye. Berisha theksoi se, kandidati i propozuar, Tom Ndregjoni, i p\u00ebrket shtres\u00ebs s\u00eb t\u00eb &hellip;<\/p>\n","protected":false},"author":4,"featured_media":117473,"comment_status":"closed","ping_status":"closed","sticky":false,"template":"","format":"standard","meta":{"footnotes":""},"categories":[37],"tags":[],"class_list":["post-117472","post","type-post","status-publish","format-standard","has-post-thumbnail","","category-politike"],"_links":{"self":[{"href":"https:\/\/rdnews.al\/index.php\/wp-json\/wp\/v2\/posts\/117472","targetHints":{"allow":["GET"]}}],"collection":[{"href":"https:\/\/rdnews.al\/index.php\/wp-json\/wp\/v2\/posts"}],"about":[{"href":"https:\/\/rdnews.al\/index.php\/wp-json\/wp\/v2\/types\/post"}],"author":[{"embeddable":true,"href":"https:\/\/rdnews.al\/index.php\/wp-json\/wp\/v2\/users\/4"}],"replies":[{"embeddable":true,"href":"https:\/\/rdnews.al\/index.php\/wp-json\/wp\/v2\/comments?post=117472"}],"version-history":[{"count":1,"href":"https:\/\/rdnews.al\/index.php\/wp-json\/wp\/v2\/posts\/117472\/revisions"}],"predecessor-version":[{"id":117474,"href":"https:\/\/rdnews.al\/index.php\/wp-json\/wp\/v2\/posts\/117472\/revisions\/117474"}],"wp:featuredmedia":[{"embeddable":true,"href":"https:\/\/rdnews.al\/index.php\/wp-json\/wp\/v2\/media\/117473"}],"wp:attachment":[{"href":"https:\/\/rdnews.al\/index.php\/wp-json\/wp\/v2\/media?parent=117472"}],"wp:term":[{"taxonomy":"category","embeddable":true,"href":"https:\/\/rdnews.al\/index.php\/wp-json\/wp\/v2\/categories?post=117472"},{"taxonomy":"post_tag","embeddable":true,"href":"https:\/\/rdnews.al\/index.php\/wp-json\/wp\/v2\/tags?post=117472"}],"curies":[{"name":"wp","href":"https:\/\/api.w.org\/{rel}","templated":true}]}}