{"id":117481,"date":"2025-06-26T09:13:22","date_gmt":"2025-06-26T09:13:22","guid":{"rendered":"https:\/\/rdnews.al\/?p=117481"},"modified":"2025-06-26T09:13:22","modified_gmt":"2025-06-26T09:13:22","slug":"berisha-denoncon-skandalin-deputetin-qani-xhafa-e-hetoi-altin-troplini-per-nje-shkelje-te-paster-civile","status":"publish","type":"post","link":"https:\/\/rdnews.al\/index.php\/2025\/06\/26\/berisha-denoncon-skandalin-deputetin-qani-xhafa-e-hetoi-altin-troplini-per-nje-shkelje-te-paster-civile\/","title":{"rendered":"Berisha denoncon skandalin: Deputetin Qani Xhafa e hetoi Altin Troplini p\u00ebr nj\u00eb shkelje t\u00eb past\u00ebr civile!"},"content":{"rendered":"<p>N\u00eb fjal\u00ebn e tij n\u00eb Kuvend, kreu i Partis\u00eb Demokratike, Sali Berisha denoncoi skandalin ku deputeti Qani Xhafa u hetua nga Altin Dumani p\u00ebr nj\u00eb shkelje civile.<\/p>\n<p>\u201cPor krahas partis\u00eb s\u00eb krimit, instrumentet e saj jan\u00eb po kaq kriminel\u00eb dhe antikushtetues.<\/p>\n<p>Kam p\u00ebrpara k\u00ebtu deputetin Qani Xhafa, nj\u00eb deputet i nderuar, nj\u00eb njeri i respektuar n\u00eb qark dhe kudo.<\/p>\n<p>D\u00ebgjojeni miq, t\u00eb porositur ushtar\u00ebt e k\u00ebtij Hoxh\u00ebs, e ndalojn\u00eb dhe i thon\u00eb se je me shpejt\u00ebsi dhe ke konsum alkool.<\/p>\n<p>Ky ishte krimi i tij.<\/p>\n<p>Kush e heton dhe kush merret me dosjen e tij?<\/p>\n<p>Altin Troplini. A mund t\u00eb imagjinoni ju, a ndodh n\u00eb bot\u00eb q\u00eb me nj\u00eb \u00e7\u00ebshtje civile, me nj\u00eb \u00e7\u00ebshtje t\u00eb past\u00ebr civile t\u00eb nj\u00eb qytetari jasht\u00eb detyre, t\u00eb merret kreu i Skapit?<\/p>\n<p>T\u00eb merret njeriu i cili certifikoi krimin antikushtetues, krimin elektoral, si t\u00eb ligjsh\u00ebm, si t\u00eb amnistuesh\u00ebm.<\/p>\n<p>Un\u00eb e kuptoj se ju, nj\u00eb pjes\u00eb nuk do jeni m\u00eb.<\/p>\n<p>E kuptoj, por asnj\u00eb prej jush nuk ngrihet dot t\u00eb mbroj\u00eb k\u00ebto t\u00eb v\u00ebrteta.<\/p>\n<p>Si ka mund\u00ebsi? E keni nga frika? E keni nga keqb\u00ebrjet q\u00eb u r\u00ebndojn\u00eb?<\/p>\n<p>E ke shnd\u00ebrruar k\u00ebt\u00eb parlament n\u00eb nj\u00eb neveri t\u00eb v\u00ebrtet\u00eb me m\u00ebnyr\u00ebn se si e drejton si me qen\u00eb nj\u00eb sekretare e mjer\u00eb\u201d, tha Berisha.<\/p>\n","protected":false},"excerpt":{"rendered":"<p>N\u00eb fjal\u00ebn e tij n\u00eb Kuvend, kreu i Partis\u00eb Demokratike, Sali Berisha denoncoi skandalin ku deputeti Qani Xhafa u hetua nga Altin Dumani p\u00ebr nj\u00eb shkelje civile. \u201cPor krahas partis\u00eb s\u00eb krimit, instrumentet e saj jan\u00eb po kaq kriminel\u00eb dhe antikushtetues. Kam p\u00ebrpara k\u00ebtu deputetin Qani Xhafa, nj\u00eb deputet i nderuar, nj\u00eb njeri i respektuar &hellip;<\/p>\n","protected":false},"author":4,"featured_media":117482,"comment_status":"closed","ping_status":"closed","sticky":false,"template":"","format":"standard","meta":{"footnotes":""},"categories":[37],"tags":[],"class_list":["post-117481","post","type-post","status-publish","format-standard","has-post-thumbnail","","category-politike"],"_links":{"self":[{"href":"https:\/\/rdnews.al\/index.php\/wp-json\/wp\/v2\/posts\/117481","targetHints":{"allow":["GET"]}}],"collection":[{"href":"https:\/\/rdnews.al\/index.php\/wp-json\/wp\/v2\/posts"}],"about":[{"href":"https:\/\/rdnews.al\/index.php\/wp-json\/wp\/v2\/types\/post"}],"author":[{"embeddable":true,"href":"https:\/\/rdnews.al\/index.php\/wp-json\/wp\/v2\/users\/4"}],"replies":[{"embeddable":true,"href":"https:\/\/rdnews.al\/index.php\/wp-json\/wp\/v2\/comments?post=117481"}],"version-history":[{"count":1,"href":"https:\/\/rdnews.al\/index.php\/wp-json\/wp\/v2\/posts\/117481\/revisions"}],"predecessor-version":[{"id":117483,"href":"https:\/\/rdnews.al\/index.php\/wp-json\/wp\/v2\/posts\/117481\/revisions\/117483"}],"wp:featuredmedia":[{"embeddable":true,"href":"https:\/\/rdnews.al\/index.php\/wp-json\/wp\/v2\/media\/117482"}],"wp:attachment":[{"href":"https:\/\/rdnews.al\/index.php\/wp-json\/wp\/v2\/media?parent=117481"}],"wp:term":[{"taxonomy":"category","embeddable":true,"href":"https:\/\/rdnews.al\/index.php\/wp-json\/wp\/v2\/categories?post=117481"},{"taxonomy":"post_tag","embeddable":true,"href":"https:\/\/rdnews.al\/index.php\/wp-json\/wp\/v2\/tags?post=117481"}],"curies":[{"name":"wp","href":"https:\/\/api.w.org\/{rel}","templated":true}]}}