{"id":117484,"date":"2025-06-26T09:18:14","date_gmt":"2025-06-26T09:18:14","guid":{"rendered":"https:\/\/rdnews.al\/?p=117484"},"modified":"2025-06-26T09:18:14","modified_gmt":"2025-06-26T09:18:14","slug":"avokati-i-popullit-berisha-po-mashtroni-hapur-ne-e-sollem-ceshtjen-gjer-ne-votim-ju-e-shtyte-ne-momentin-e-fundit","status":"publish","type":"post","link":"https:\/\/rdnews.al\/index.php\/2025\/06\/26\/avokati-i-popullit-berisha-po-mashtroni-hapur-ne-e-sollem-ceshtjen-gjer-ne-votim-ju-e-shtyte-ne-momentin-e-fundit\/","title":{"rendered":"Avokati i Popullit\/ Berisha: Po mashtroni hapur, ne e soll\u00ebm \u00e7\u00ebshtjen gjer n\u00eb votim, ju e shtyt\u00eb n\u00eb momentin e fundit!"},"content":{"rendered":"<p>Kryetari i Partis\u00eb Demokratike, Sali Berisha, akuzoi mazhoranc\u00ebn n\u00eb Kuvend p\u00ebr zvarritjen prej nj\u00eb viti t\u00eb zgjedhjes s\u00eb Avokatit t\u00eb Popullit.<\/p>\n<p>Ai deklaroi se procesi kishte mb\u00ebrritur deri n\u00eb votim, por ishte mazhoranca ajo q\u00eb e shtyu n\u00eb momentin e fundit.<\/p>\n<p>\u201cTani, k\u00ebtu keni vetin\u00eb t\u00eb mashtroni, t\u00eb trilloni \u00e7do gj\u00eb, si\u00e7 u vjen.<\/p>\n<p>Por k\u00ebtu n\u00eb k\u00ebt\u00eb sall\u00eb, ne \u00e7\u00ebshtjen e Avokatit t\u00eb Popullit e kemi sjell\u00eb gjer n\u00eb votim dhe jeni ju q\u00eb n\u00eb momentin e fundit e shtyt\u00eb.<\/p>\n<p>Jeni ju q\u00eb k\u00ebrkuat&#8230;<\/p>\n<p>Nuk \u00ebsht\u00eb e v\u00ebrtet\u00eb. U b\u00eb nj\u00eb proces, kaloi nj\u00eb proces dhe erdhi gjer n\u00eb sall\u00eb dhe ju k\u00ebrkuat q\u00eb t\u00eb shtyhet p\u00ebr nj\u00eb koh\u00eb t\u00eb dyt\u00eb.<\/p>\n<p>Ju mashtroni nj\u00ebri-tjetrin, por mos mashtroni publikun se mashtrimi publik p\u00ebrb\u00ebn vep\u00ebr t\u00eb r\u00ebnd\u00eb\u201d, tha Berisha.<\/p>\n","protected":false},"excerpt":{"rendered":"<p>Kryetari i Partis\u00eb Demokratike, Sali Berisha, akuzoi mazhoranc\u00ebn n\u00eb Kuvend p\u00ebr zvarritjen prej nj\u00eb viti t\u00eb zgjedhjes s\u00eb Avokatit t\u00eb Popullit. Ai deklaroi se procesi kishte mb\u00ebrritur deri n\u00eb votim, por ishte mazhoranca ajo q\u00eb e shtyu n\u00eb momentin e fundit. \u201cTani, k\u00ebtu keni vetin\u00eb t\u00eb mashtroni, t\u00eb trilloni \u00e7do gj\u00eb, si\u00e7 u vjen. Por &hellip;<\/p>\n","protected":false},"author":4,"featured_media":117486,"comment_status":"closed","ping_status":"closed","sticky":false,"template":"","format":"standard","meta":{"footnotes":""},"categories":[37],"tags":[],"class_list":["post-117484","post","type-post","status-publish","format-standard","has-post-thumbnail","","category-politike"],"_links":{"self":[{"href":"https:\/\/rdnews.al\/index.php\/wp-json\/wp\/v2\/posts\/117484","targetHints":{"allow":["GET"]}}],"collection":[{"href":"https:\/\/rdnews.al\/index.php\/wp-json\/wp\/v2\/posts"}],"about":[{"href":"https:\/\/rdnews.al\/index.php\/wp-json\/wp\/v2\/types\/post"}],"author":[{"embeddable":true,"href":"https:\/\/rdnews.al\/index.php\/wp-json\/wp\/v2\/users\/4"}],"replies":[{"embeddable":true,"href":"https:\/\/rdnews.al\/index.php\/wp-json\/wp\/v2\/comments?post=117484"}],"version-history":[{"count":1,"href":"https:\/\/rdnews.al\/index.php\/wp-json\/wp\/v2\/posts\/117484\/revisions"}],"predecessor-version":[{"id":117487,"href":"https:\/\/rdnews.al\/index.php\/wp-json\/wp\/v2\/posts\/117484\/revisions\/117487"}],"wp:featuredmedia":[{"embeddable":true,"href":"https:\/\/rdnews.al\/index.php\/wp-json\/wp\/v2\/media\/117486"}],"wp:attachment":[{"href":"https:\/\/rdnews.al\/index.php\/wp-json\/wp\/v2\/media?parent=117484"}],"wp:term":[{"taxonomy":"category","embeddable":true,"href":"https:\/\/rdnews.al\/index.php\/wp-json\/wp\/v2\/categories?post=117484"},{"taxonomy":"post_tag","embeddable":true,"href":"https:\/\/rdnews.al\/index.php\/wp-json\/wp\/v2\/tags?post=117484"}],"curies":[{"name":"wp","href":"https:\/\/api.w.org\/{rel}","templated":true}]}}